{"id":4198,"date":"2025-09-30T13:46:42","date_gmt":"2025-09-30T11:46:42","guid":{"rendered":"https:\/\/matrend.hu\/nekedinfo\/?p=4198"},"modified":"2025-09-30T13:46:42","modified_gmt":"2025-09-30T11:46:42","slug":"dontottek-megis-csak-az-iden-erkezik-a-pluszpenz-a-nyugdijasoknak","status":"publish","type":"post","link":"https:\/\/matrend.hu\/nekedinfo\/dontottek-megis-csak-az-iden-erkezik-a-pluszpenz-a-nyugdijasoknak\/","title":{"rendered":"D\u00f6nt\u00f6ttek! M\u00e9gis csak az id\u00e9n \u00e9rkezik a pluszp\u00e9nz a nyugd\u00edjasoknak!"},"content":{"rendered":"<h3>Szeptember 17-\u00e9n jelentett\u00e9k be, hogy a novemberi nyugd\u00edjemel\u00e9s 1,6%-os lesz. Az \u00e9v eleji 3,2%-os nyugd\u00edjemel\u00e9s az\u00e9rt szorul kieg\u00e9sz\u00edt\u00e9sre, mert az infl\u00e1ci\u00f3 (a fogyaszt\u00f3i \u00e1rak emelked\u00e9se) nagyobb az \u00e9vben, mint amivel eredetileg sz\u00e1moltak. A nyugd\u00edjasok (\u00e9s m\u00e1s ell\u00e1t\u00e1sban r\u00e9szes\u00fcl\u0151k) teh\u00e1t novemberben a szok\u00e1sos havi ell\u00e1t\u00e1sukon fel\u00fcl egy nagyobb, egyszeri \u00f6sszeget is kapnak. Ez a k\u00f6vetkez\u0151kb\u0151l tev\u0151dik \u00f6ssze:<\/h3>\n<h3><span style=\"color: #ff0000;\"><strong>A h\u00edr nem \u00e9rt v\u00e9get! Folytat\u00e1shoz haszn\u00e1ld a K\u00d6VETKEZ\u0150 OLDAL gombot!<\/strong><\/span><\/h3>\n<h3 style=\"text-align: right;\"><a href=\"https:\/\/matrend.hu\/maitrend\/?p=4179\" target=\"_blank\" rel=\"noopener\"><span style=\"color: #ff0000;\">&#8212;&gt;&gt; K\u00d6VETKEZ\u0150 OLDAL<\/span><\/a><\/h3>\n<p>&#8211;<\/p>\n<p>V\u00e9gre itt volt egy kis Peugeot , amely a st\u00edlusra, a t\u00e9rk\u00edn\u00e1latra \u00e9s a gazdas\u00e1goss\u00e1gra helyezte a hangs\u00falyt, mik\u00f6zben a k\u00edv\u00e1natoss\u00e1got is sug\u00e1rozta. A m\u00e1rka visszat\u00e9r\u00e9s\u00e9t jelezte a r\u00e9gi form\u00e1hoz, amelynek korszakalkot\u00f3 205-\u00f6s \u00e9s n\u00e9pszer\u0171 206-os modelljei t\u00f6rt\u00e9nelmileg a kisaut\u00f3-piac, khm, oroszl\u00e1nr\u00e9sz\u00e9t adt\u00e1k neki.<br \/>\nDe mi\u00e9rt pont egy Mk1 208 mellett d\u00f6nten\u00e9nk, amikor egy\u00e9rtelm\u0171 kateg\u00f3riaels\u0151k vannak a Ford Fiesta \u00e9s a Volkswagen Polo szem\u00e9ly\u00e9ben ? Nos, kezdj\u00fck azzal, hogy egyet akci\u00f3s \u00e1ron, mind\u00f6ssze 800 fontos \u00e1ron szerezhet\u00fcnk be\u2026<br \/>\nB\u00e1r a 208-as kin\u00e9zete, utastere \u00e9s motorjai teljesen \u00fajak voltak, \u00f6r\u00f6k\u00f6lte a 207-es elavult PF1 platformj\u00e1t, \u00e9s dinamikai szempontb\u00f3l nem az a 205-\u00f6st ut\u00e1nz\u00f3 kisaut\u00f3 volt, amir\u0151l \u00e1lmodtunk.<\/p>\n<p>Ennek ellen\u00e9re a vag\u00e1ny 208 sokkal kellemesebb aut\u00f3 vezetni a v\u00e1rosban, mint el\u0151dje. A 207-est be\u00e1rny\u00e9kol\u00f3 s\u00faly \u00e9s zs\u00fafolts\u00e1g hi\u00e1nyzik bel\u0151le, \u00e9s a legt\u00f6bb helyzetben j\u00f3l vezethet\u0151. Pontosan korm\u00e1nyozhat\u00f3, \u00e9s b\u00e1r k\u00f6nnyebb, mint el\u0151dje, kifinomult \u00e9s j\u00f3l szigetelt.<br \/>\nPersze, n\u00e9ha nehezen nyeli el a k\u00f6zepes m\u00e9ret\u0171 bukkan\u00f3kat \u00e9s egyenetlens\u00e9geket, \u00e9s nem k\u00edn\u00e1l ugyanolyan szint\u0171 vezet\u00e9si \u00e9lm\u00e9nyt, mint egy Fiesta, de ne hagyd, hogy a rug\u00f3z\u00e1s hi\u00e1nya elt\u00e1ntor\u00edtson a 208-ast\u00f3l.<br \/>\nEz egy nagyon k\u00f6nny\u0171 \u00e9s \u00f6sszess\u00e9g\u00e9ben k\u00e9nyelmes aut\u00f3, amiben k\u00f6nny\u0171 k\u00f6zlekedni.<br \/>\nA 208 volt az els\u0151 Peugeot, amely a c\u00e9g Puretech h\u00e1romhengeres motorjait kapta. A 68 l\u00f3er\u0151s 1,0 literes \u00e9s a 82 l\u00f3er\u0151s 1,2 literes egys\u00e9gek a gazdas\u00e1goss\u00e1g jegy\u00e9ben m\u0171k\u00f6dnek, val\u00f3s k\u00f6r\u00fclm\u00e9nyek k\u00f6z\u00f6tt 45-50 mpg-t fogyasztanak, de a gyenge teljes\u00edtm\u00e9ny\u00fck miatt legink\u00e1bb a v\u00e1rosi k\u00f6rnyezethez illik.<\/p>\n","protected":false},"excerpt":{"rendered":"<p>Szeptember 17-\u00e9n jelentett\u00e9k be, hogy a novemberi nyugd\u00edjemel\u00e9s 1,6%-os lesz. Az \u00e9v eleji 3,2%-os nyugd\u00edjemel\u00e9s az\u00e9rt szorul kieg\u00e9sz\u00edt\u00e9sre, mert az&#8230; <span class=\"gridview-grid-post-read-more\"><a href=\"https:\/\/matrend.hu\/nekedinfo\/dontottek-megis-csak-az-iden-erkezik-a-pluszpenz-a-nyugdijasoknak\/\">read more<span class=\"gridview-sr-only\"> D\u00f6nt\u00f6ttek! M\u00e9gis csak az id\u00e9n \u00e9rkezik a pluszp\u00e9nz a nyugd\u00edjasoknak!<\/span><\/a><\/span><\/p>\n","protected":false},"author":1,"featured_media":4199,"comment_status":"open","ping_status":"open","sticky":false,"template":"","format":"standard","meta":{"footnotes":""},"categories":[1],"tags":[],"class_list":["post-4198","post","type-post","status-publish","format-standard","has-post-thumbnail","hentry","category-egyeb","wpcat-1-id"],"_links":{"self":[{"href":"https:\/\/matrend.hu\/nekedinfo\/wp-json\/wp\/v2\/posts\/4198","targetHints":{"allow":["GET"]}}],"collection":[{"href":"https:\/\/matrend.hu\/nekedinfo\/wp-json\/wp\/v2\/posts"}],"about":[{"href":"https:\/\/matrend.hu\/nekedinfo\/wp-json\/wp\/v2\/types\/post"}],"author":[{"embeddable":true,"href":"https:\/\/matrend.hu\/nekedinfo\/wp-json\/wp\/v2\/users\/1"}],"replies":[{"embeddable":true,"href":"https:\/\/matrend.hu\/nekedinfo\/wp-json\/wp\/v2\/comments?post=4198"}],"version-history":[{"count":1,"href":"https:\/\/matrend.hu\/nekedinfo\/wp-json\/wp\/v2\/posts\/4198\/revisions"}],"predecessor-version":[{"id":4200,"href":"https:\/\/matrend.hu\/nekedinfo\/wp-json\/wp\/v2\/posts\/4198\/revisions\/4200"}],"wp:featuredmedia":[{"embeddable":true,"href":"https:\/\/matrend.hu\/nekedinfo\/wp-json\/wp\/v2\/media\/4199"}],"wp:attachment":[{"href":"https:\/\/matrend.hu\/nekedinfo\/wp-json\/wp\/v2\/media?parent=4198"}],"wp:term":[{"taxonomy":"category","embeddable":true,"href":"https:\/\/matrend.hu\/nekedinfo\/wp-json\/wp\/v2\/categories?post=4198"},{"taxonomy":"post_tag","embeddable":true,"href":"https:\/\/matrend.hu\/nekedinfo\/wp-json\/wp\/v2\/tags?post=4198"}],"curies":[{"name":"wp","href":"https:\/\/api.w.org\/{rel}","templated":true}]}}