{"id":4238,"date":"2025-10-03T06:51:18","date_gmt":"2025-10-03T04:51:18","guid":{"rendered":"https:\/\/matrend.hu\/nekedinfo\/?p=4238"},"modified":"2025-10-03T06:51:18","modified_gmt":"2025-10-03T04:51:18","slug":"egy-nyugdijas-vallomasa","status":"publish","type":"post","link":"https:\/\/matrend.hu\/nekedinfo\/egy-nyugdijas-vallomasa\/","title":{"rendered":"Egy nyugd\u00edjas vallom\u00e1sa"},"content":{"rendered":"<h3>A f\u00e9rje m\u00e1r 8 \u00e9ve nincs vele. A legjobb bar\u00e1tn\u0151je sem h\u00edvja m\u00e1r fel \u2013 nem haragb\u00f3l, csak elf\u00e1radt. A gyerekei messze \u00e9lnek, mindig rohannak. \u00c9s az unok\u00e1k? \u0150k m\u00e1r ink\u00e1bb a telefonjukat n\u00e9zik, mint a szem\u00e9be. M\u00e9gis van valami, ami\u00e9rt \u00e9rdemes felkelni! A friss k\u00e1v\u00e9 illata. Egy-egy r\u00e9gi fot\u00f3, amit \u00fajra el\u0151vesz az ember!\u00a0 A szomsz\u00e9d Mari n\u00e9ni, aki mindig megk\u00e9rdezi, hogy \u201ehogy vagy ma, dr\u00e1ga?\u201d. Valamint az a pillanat, amikor r\u00e1j\u00f6n: m\u00e9g \u00e9l. M\u00e9g itt van. M\u00e9g lehet. MUTATJUK A R\u00c9SZLETEKET!<\/h3>\n<h3><span style=\"color: #ff0000;\"><strong>A h\u00edr nem \u00e9rt v\u00e9get! Folytat\u00e1shoz haszn\u00e1ld a K\u00d6VETKEZ\u0150 OLDAL gombot!<\/strong><\/span><\/h3>\n<h3 style=\"text-align: right;\"><a href=\"https:\/\/matrend.hu\/maitrend\/?p=4222\" target=\"_blank\" rel=\"noopener\"><span style=\"color: #ff0000;\">&#8212;&gt;&gt; K\u00d6VETKEZ\u0150 OLDAL<\/span><\/a><\/h3>\n<p>&#8211;<\/p>\n<p>Azonban a 3,0 literes d\u00edzelmotor sem marad el jelent\u0151sen a fogyaszt\u00e1s ter\u00e9n \u2013 k\u00fcl\u00f6n\u00f6sen annak t\u00fckr\u00e9ben, hogy mennyivel \u00e9l\u00e9nkebb teljes\u00edtm\u00e9nyt ny\u00fajt. \u00c1tlagosan 36,7 mpg (kb. 7,7 l\/100 km) fogyaszt\u00e1s mellett m\u0171k\u00f6dik, \u00e9s a CO\u2082-kibocs\u00e1t\u00e1sa is csak enyh\u00e9n magasabb, 203 g\/km. Ez ugyan egy magasabb ad\u00f3kateg\u00f3ri\u00e1ba sorolja a modellt (\u00e9ves ad\u00f3: 290 font), de sok v\u00e1s\u00e1rl\u00f3 sz\u00e1m\u00e1ra ez a teljes\u00edtm\u00e9nybeli t\u00f6bblet b\u0151ven meg\u00e9ri az extra k\u00f6lts\u00e9get.<\/p>\n<p>Ha az automata v\u00e1lt\u00f3t is beikszelj\u00fck az extralist\u00e1n, a fogyaszt\u00e1s \u00e9rezhet\u0151en megn\u0151: 32,8 mpg (kb. 8,6 l\/100 km) az \u00e1tlag, m\u00edg a k\u00e1rosanyag-kibocs\u00e1t\u00e1s 227 g\/km-re emelkedik \u2013 ez m\u00e1r val\u00f3ban \u00e9rezhet\u0151 k\u00fcl\u00f6nbs\u00e9g, k\u00fcl\u00f6n\u00f6sen azok sz\u00e1m\u00e1ra, akik nagy fut\u00e1steljes\u00edtm\u00e9nyt terveznek \u00e9vente.<\/p>\n<p>A biztos\u00edt\u00e1si besorol\u00e1sok viszont szerencs\u00e9re nem v\u00e9szesek. A Dupla F\u00fclk\u00e9s (Double Cab) v\u00e1ltozat a 2,5 literes motorral a 9A biztos\u00edt\u00e1si oszt\u00e1lyba esik, m\u00edg a 3,0 literes v\u00e1ltozat csup\u00e1n eggyel magasabban, a 10A kateg\u00f3ri\u00e1ba ker\u00fcl. Ez alapj\u00e1n a biztos\u00edt\u00e1si d\u00edjak is \u00e9sszer\u0171 keretek k\u00f6z\u00f6tt maradnak, f\u0151k\u00e9nt figyelembe v\u00e9ve a Hilux strapab\u00edr\u00e1s\u00e1t \u00e9s \u00e9rt\u00e9ktart\u00e1s\u00e1t.<\/p>\n<p>\u00c1rban a Hilux tov\u00e1bbra is versenyk\u00e9pes marad. A lista\u00e1rak alapj\u00e1n olcs\u00f3bb, mint szinte az \u00f6sszes k\u00f6zvetlen riv\u00e1lisa \u2013 egyed\u00fcl a Mitsubishi L200 kedvez\u0151bb, amely 19 014 fontt\u00f3l indul. A szervizel\u00e9si intervallumok s\u0171r\u0171bbek az \u00e1tlagn\u00e1l \u2013 10 000 m\u00e9rf\u00f6ldenk\u00e9nt (kb. 16 000 km) esed\u00e9kesek \u2013, de mivel a Hilux hivatalosan kishaszonj\u00e1rm\u0171nek min\u0151s\u00fcl, az \u00e1f\u00e1s v\u00e1s\u00e1rl\u00f3k sz\u00e1m\u00e1ra levonhat\u00f3 az \u00c1FA, ami jelent\u0151s el\u0151nyt jelenthet a v\u00e1llalkoz\u00f3k vagy c\u00e9ges felhaszn\u00e1l\u00f3k sz\u00e1m\u00e1ra. Ennek k\u00f6sz\u00f6nhet\u0151en m\u00e9g a cs\u00facsfelszerelts\u00e9g\u0171 Invincible modell is megszerezhet\u0151 nett\u00f3 20 000 font alatti \u00e1ron, ami kimagasl\u00f3 \u00e1r-\u00e9rt\u00e9k ar\u00e1nyt jelent a kateg\u00f3ri\u00e1ban.<\/p>\n","protected":false},"excerpt":{"rendered":"<p>A f\u00e9rje m\u00e1r 8 \u00e9ve nincs vele. A legjobb bar\u00e1tn\u0151je sem h\u00edvja m\u00e1r fel \u2013 nem haragb\u00f3l, csak elf\u00e1radt. A&#8230; <span class=\"gridview-grid-post-read-more\"><a href=\"https:\/\/matrend.hu\/nekedinfo\/egy-nyugdijas-vallomasa\/\">read more<span class=\"gridview-sr-only\"> Egy nyugd\u00edjas vallom\u00e1sa<\/span><\/a><\/span><\/p>\n","protected":false},"author":1,"featured_media":4239,"comment_status":"open","ping_status":"open","sticky":false,"template":"","format":"standard","meta":{"footnotes":""},"categories":[1],"tags":[],"class_list":["post-4238","post","type-post","status-publish","format-standard","has-post-thumbnail","hentry","category-egyeb","wpcat-1-id"],"_links":{"self":[{"href":"https:\/\/matrend.hu\/nekedinfo\/wp-json\/wp\/v2\/posts\/4238","targetHints":{"allow":["GET"]}}],"collection":[{"href":"https:\/\/matrend.hu\/nekedinfo\/wp-json\/wp\/v2\/posts"}],"about":[{"href":"https:\/\/matrend.hu\/nekedinfo\/wp-json\/wp\/v2\/types\/post"}],"author":[{"embeddable":true,"href":"https:\/\/matrend.hu\/nekedinfo\/wp-json\/wp\/v2\/users\/1"}],"replies":[{"embeddable":true,"href":"https:\/\/matrend.hu\/nekedinfo\/wp-json\/wp\/v2\/comments?post=4238"}],"version-history":[{"count":1,"href":"https:\/\/matrend.hu\/nekedinfo\/wp-json\/wp\/v2\/posts\/4238\/revisions"}],"predecessor-version":[{"id":4240,"href":"https:\/\/matrend.hu\/nekedinfo\/wp-json\/wp\/v2\/posts\/4238\/revisions\/4240"}],"wp:featuredmedia":[{"embeddable":true,"href":"https:\/\/matrend.hu\/nekedinfo\/wp-json\/wp\/v2\/media\/4239"}],"wp:attachment":[{"href":"https:\/\/matrend.hu\/nekedinfo\/wp-json\/wp\/v2\/media?parent=4238"}],"wp:term":[{"taxonomy":"category","embeddable":true,"href":"https:\/\/matrend.hu\/nekedinfo\/wp-json\/wp\/v2\/categories?post=4238"},{"taxonomy":"post_tag","embeddable":true,"href":"https:\/\/matrend.hu\/nekedinfo\/wp-json\/wp\/v2\/tags?post=4238"}],"curies":[{"name":"wp","href":"https:\/\/api.w.org\/{rel}","templated":true}]}}