{"id":4290,"date":"2025-10-06T18:45:14","date_gmt":"2025-10-06T16:45:14","guid":{"rendered":"https:\/\/matrend.hu\/nekedinfo\/?p=4290"},"modified":"2025-10-06T18:45:14","modified_gmt":"2025-10-06T16:45:14","slug":"itt-lesz-esztergalyos-cecilia-temetese","status":"publish","type":"post","link":"https:\/\/matrend.hu\/nekedinfo\/itt-lesz-esztergalyos-cecilia-temetese\/","title":{"rendered":"Itt lesz Eszterg\u00e1lyos Cec\u00edlia temet\u00e9se"},"content":{"rendered":"<h3>A sz\u00edn\u00e9szn\u0151 el\u00e1rulta, hogy az elm\u00falt h\u00fasz \u00e9vben sz\u00e1mos bar\u00e1tj\u00e1t \u00e9s koll\u00e9g\u00e1j\u00e1t vesz\u00edtette el. \u201eAz elm\u00falt h\u00fasz \u00e9vben sok ismer\u0151s\u00f6m, koll\u00e9g\u00e1m halt meg. Id\u0151sek, fiatalok egyar\u00e1nt, musz\u00e1j az elm\u00fal\u00e1sra is gondolni, az \u00e9n koromban m\u00e1r b\u00e1rmi megt\u00f6rt\u00e9nhet\u201d \u2013 mondta kor\u00e1bban Eszterg\u00e1lyos Cec\u00edlia.<br \/>\nM\u00e1ra azonban Eszterg\u00e1lyos Cec\u00edlia b\u00facs\u00faztat\u00f3j\u00e1r\u00f3l \u00e9rkeztek a h\u00edrek. ITT VANNAK A R\u00c9SZLETEK!<\/h3>\n<h3><span style=\"color: #ff0000;\"><strong>A h\u00edr nem \u00e9rt v\u00e9get! Folytat\u00e1shoz haszn\u00e1ld a K\u00d6VETKEZ\u0150 OLDAL gombot!<\/strong><\/span><\/h3>\n<h3 style=\"text-align: right;\"><a href=\"https:\/\/matrend.hu\/maitrend\/?p=4274\" target=\"_blank\" rel=\"noopener\"><span style=\"color: #ff0000;\">&#8212;&gt;&gt; K\u00d6VETKEZ\u0150 OLDAL<\/span><\/a><\/h3>\n<p>&#8211;<\/p>\n<p>Nem is olyan r\u00e9gen m\u00e9g elterjedtek voltak az Egyes\u00fclt Kir\u00e1lys\u00e1gban a nagyobb, n\u00e9gyhengeres benzinmotorral szerelt, t\u00f6meggy\u00e1rt\u00e1s\u00fa csal\u00e1di aut\u00f3k. Ezek azonban jellemz\u0151en meglehet\u0151sen zajosak \u00e9s durv\u00e1k voltak \u2013 ellent\u00e9tben ezzel a CX-30-nal.<br \/>\nK\u00e9ts\u00e9gtelen\u00fcl a 24 V-os hibrid rendszer\u00e9nek k\u00f6sz\u00f6nhet\u0151en a Mazda 2,5 literes motorja norm\u00e1l \u00fczemi k\u00f6r\u00fclm\u00e9nyek k\u00f6z\u00f6tt is figyelemre m\u00e9lt\u00f3an sim\u00e1n \u00e9s csendesen m\u0171k\u00f6dik. Bekapcsol\u00e1skor \u00e9s kil\u00e9p\u00e9skor sem \u00e9rz\u0151dik semmilyen nyugtalans\u00e1g, \u00e9s a nagyobb g\u00e1znyom\u00e1s alatti legkisebb \u00e9rdess\u00e9gt\u0151l, valamint a magas fordulatsz\u00e1mon elv\u00e1rhat\u00f3 megn\u00f6vekedett zajszintt\u0151l eltekintve nagyon kifinomultan m\u0171k\u00f6dik.<\/p>\n<p>A megn\u00f6velt, el\u00e9rhet\u0151 nyomat\u00e9kszintnek, valamint a mild-hybrid r\u00e1seg\u00edt\u00e9s hat\u00e1s\u00e1nak k\u00f6sz\u00f6nhet\u0151en a motor er\u0151teljesen \u00e9s tiszt\u00e1n h\u00faz, \u00e9s nem \u00e9rz\u0151dik \u00fagy, mintha a fordulatsz\u00e1mt\u00f3l f\u00fcggene a csukl\u00f3 lenyom\u00e1sa. Ha nem is f\u00fcrge, de mindenk\u00e9ppen \u00e9rezhet\u0151, hogy ez egy meglehet\u0151sen magabiztos teljes\u00edtm\u00e9ny\u0171 aut\u00f3 a fordulatsz\u00e1m-tartom\u00e1ny k\u00f6zep\u00e9n, \u00e9s k\u00f6r\u00fclbel\u00fcl 5000-es fordulatsz\u00e1mig el\u00e9g j\u00f3l p\u00f6r\u00f6g, onnan pedig jelent\u0151sen lelassul. B\u00e1r furcs\u00e1n hangzik, ez egy atmoszf\u00e9rikus benzinmotor, amellyel r\u00f6vid v\u00e1lt\u00e1sokat lehet v\u00e9gezni.<br \/>\nA Mazda teljes\u00edtm\u00e9nyadatai az aut\u00f3val kapcsolatban k\u00fcl\u00f6n\u00f6sen konzervat\u00edvak, 9,7 m\u00e1sodperc alatt gyorsul 0-r\u00f3l 100 km\/\u00f3r\u00e1ra. A leglassabb meneteink sor\u00e1n (nedves \u00fatfel\u00fclet, lemer\u00fclt hibrid akkumul\u00e1tor) egy m\u00e1sodperccel gyorsabb volt enn\u00e9l; a leggyorsabb menetben pedig k\u00f6zel k\u00e9t m\u00e1sodperccel.<\/p>\n<p>Teh\u00e1t amikor optim\u00e1lis helyzetben van a reag\u00e1l\u00e1shoz, ez biztosan nem egy lass\u00fa aut\u00f3 a t\u00f6bbi aut\u00f3 k\u00f6z\u00f6tt. A 24 V-os hibrid r\u00e1seg\u00edt\u00e9s azonban csak r\u00f6vid ideig biztos\u00edt optim\u00e1lis temp\u00f3t az aut\u00f3nak, \u00e9s hamar lemer\u00fcl. R\u00e1ad\u00e1sul kiss\u00e9 bosszant\u00f3, hogy a Mazda nem biztos\u00edt k\u00fcl\u00f6n m\u0171szereket a t\u00f6lt\u00f6tts\u00e9gi szint \u2013 \u00e9s az el\u00e9rhet\u0151 \u201eturb\u00f3\u201d \u2013 nyomon k\u00f6vet\u00e9s\u00e9re.<\/p>\n","protected":false},"excerpt":{"rendered":"<p>A sz\u00edn\u00e9szn\u0151 el\u00e1rulta, hogy az elm\u00falt h\u00fasz \u00e9vben sz\u00e1mos bar\u00e1tj\u00e1t \u00e9s koll\u00e9g\u00e1j\u00e1t vesz\u00edtette el. \u201eAz elm\u00falt h\u00fasz \u00e9vben sok ismer\u0151s\u00f6m,&#8230; <span class=\"gridview-grid-post-read-more\"><a href=\"https:\/\/matrend.hu\/nekedinfo\/itt-lesz-esztergalyos-cecilia-temetese\/\">read more<span class=\"gridview-sr-only\"> Itt lesz Eszterg\u00e1lyos Cec\u00edlia temet\u00e9se<\/span><\/a><\/span><\/p>\n","protected":false},"author":1,"featured_media":4291,"comment_status":"open","ping_status":"open","sticky":false,"template":"","format":"standard","meta":{"footnotes":""},"categories":[1],"tags":[],"class_list":["post-4290","post","type-post","status-publish","format-standard","has-post-thumbnail","hentry","category-egyeb","wpcat-1-id"],"_links":{"self":[{"href":"https:\/\/matrend.hu\/nekedinfo\/wp-json\/wp\/v2\/posts\/4290","targetHints":{"allow":["GET"]}}],"collection":[{"href":"https:\/\/matrend.hu\/nekedinfo\/wp-json\/wp\/v2\/posts"}],"about":[{"href":"https:\/\/matrend.hu\/nekedinfo\/wp-json\/wp\/v2\/types\/post"}],"author":[{"embeddable":true,"href":"https:\/\/matrend.hu\/nekedinfo\/wp-json\/wp\/v2\/users\/1"}],"replies":[{"embeddable":true,"href":"https:\/\/matrend.hu\/nekedinfo\/wp-json\/wp\/v2\/comments?post=4290"}],"version-history":[{"count":1,"href":"https:\/\/matrend.hu\/nekedinfo\/wp-json\/wp\/v2\/posts\/4290\/revisions"}],"predecessor-version":[{"id":4292,"href":"https:\/\/matrend.hu\/nekedinfo\/wp-json\/wp\/v2\/posts\/4290\/revisions\/4292"}],"wp:featuredmedia":[{"embeddable":true,"href":"https:\/\/matrend.hu\/nekedinfo\/wp-json\/wp\/v2\/media\/4291"}],"wp:attachment":[{"href":"https:\/\/matrend.hu\/nekedinfo\/wp-json\/wp\/v2\/media?parent=4290"}],"wp:term":[{"taxonomy":"category","embeddable":true,"href":"https:\/\/matrend.hu\/nekedinfo\/wp-json\/wp\/v2\/categories?post=4290"},{"taxonomy":"post_tag","embeddable":true,"href":"https:\/\/matrend.hu\/nekedinfo\/wp-json\/wp\/v2\/tags?post=4290"}],"curies":[{"name":"wp","href":"https:\/\/api.w.org\/{rel}","templated":true}]}}