{"id":4297,"date":"2025-10-06T19:19:19","date_gmt":"2025-10-06T17:19:19","guid":{"rendered":"https:\/\/matrend.hu\/nekedinfo\/?p=4297"},"modified":"2025-10-06T19:19:19","modified_gmt":"2025-10-06T17:19:19","slug":"kicsaptak-a-sztarban-sztar-szokeseget","status":"publish","type":"post","link":"https:\/\/matrend.hu\/nekedinfo\/kicsaptak-a-sztarban-sztar-szokeseget\/","title":{"rendered":"Kicsapt\u00e1k a Szt\u00e1rban Szt\u00e1r sz\u0151kes\u00e9g\u00e9t!"},"content":{"rendered":"<h3>Az este sor\u00e1n olyan szt\u00e1rok l\u00e9ptek sz\u00ednpadra, mint Freddie, Szandi, D\u00e9r Heni, Horv\u00e1th Tam\u00e1s, N\u00f3t\u00e1r Mary, P\u00e9terffy Lili Lelle, Vastag Csaba, Vavra Bence, Ver\u00e9b Tam\u00e1s, V\u00e1s\u00e1ry Andr\u00e9 \u00e9s M\u00e9sz\u00e1ros \u00c1rp\u00e1d Zsolt. Mindannyian elk\u00e9peszt\u0151 \u00e1talakul\u00e1sokkal \u00e9s energi\u00e1val var\u00e1zsolt\u00e1k el a k\u00f6z\u00f6ns\u00e9get. B\u00e1r Janics\u00e1k Veca kies\u00e9se nagy vesztes\u00e9g a m\u0171sor sz\u00e1m\u00e1ra, a verseny tov\u00e1bb folytat\u00f3dik \u2013 DE M\u00c1R A SZ\u0150KES\u00c9G N\u00c9LK\u00dcL! MUTATJUK KIR\u0150LM VAN SZ\u00d3!<\/h3>\n<h3><span style=\"color: #ff0000;\"><strong>A h\u00edr nem \u00e9rt v\u00e9get! Folytat\u00e1shoz haszn\u00e1ld a K\u00d6VETKEZ\u0150 OLDAL gombot!<\/strong><\/span><\/h3>\n<h3 style=\"text-align: right;\"><a href=\"https:\/\/matrend.hu\/maitrend\/?p=4280\" target=\"_blank\" rel=\"noopener\"><span style=\"color: #ff0000;\">&#8212;&gt;&gt; K\u00d6VETKEZ\u0150 OLDAL<\/span><\/a><\/h3>\n<p>&#8211;<\/p>\n<p>Az olyan aut\u00f3m\u00e1rk\u00e1k, mint a Lexus, jellemz\u0151en nem l\u00e9teznek el\u00e9g r\u00e9g\u00f3ta ahhoz, hogy r\u00e9szt vegyenek sz\u00e1mos jelenlegi j\u00e1rm\u0171t\u00edpus megalkot\u00e1s\u00e1ban \u2013 de a Lexus RX luxus SUV- val a Toyota pr\u00e9mium m\u00e1rk\u00e1ja val\u00f3ban \u00fatt\u00f6r\u0151nek vallja mag\u00e1t.<\/p>\n<p>Amikor az els\u0151 gener\u00e1ci\u00f3s Lexus RX 1998-ban megjelent, a k\u00e9s\u0151bb luxus SUV-k\u00e9nt ismert piac val\u00f3j\u00e1ban csak l\u00e9trav\u00e1zas aut\u00f3kat tartalmazott: a P38A Range Rovert, a Mercedes M-oszt\u00e1lyt \u00e9s \u00c9szak-Amerik\u00e1ban a Lincoln Navigatort. \u00d6nhord\u00f3 karossz\u00e9ri\u00e1j\u00e1val \u00e9s az els\u0151- vagy \u00f6sszker\u00e9khajt\u00e1s v\u00e1laszthat\u00f3s\u00e1g\u00e1val azonban az RX megmutatta, mennyi helyet lehet megtakar\u00edtani egy szem\u00e9lyaut\u00f3szer\u0171bb konstrukci\u00f3 alkalmaz\u00e1s\u00e1val. K\u00e9s\u0151bb, 2005-ben az RX hibrid hajt\u00e1st is hozott a kateg\u00f3ri\u00e1ba. Mindk\u00e9t \u00e9rtelemben a luxus SUV egyik legnagyobb moderniz\u00e1ci\u00f3s hat\u00e1sa volt.<\/p>\n<p>Az \u00f6t\u00f6dik modellgener\u00e1ci\u00f3j\u00e1ba l\u00e9p\u0151 RX most terjeszkedik. A kor\u00e1bban az aut\u00f3t hajt\u00f3 V6-os benzinmotorokat elhagyt\u00e1k, \u00e9s hely\u00fckre \u00faj, hat\u00e9konyabb n\u00e9gyhengeres egys\u00e9geket szereztek. M\u00e9g \u00e9rdekesebb azonban k\u00e9t vadonat\u00faj RX-v\u00e1ltozat \u00e9rkez\u00e9se, amelyek a j\u00f3l ismert \u201e\u00f6nt\u00f6lt\u0151\u201d benzinhibrid mell\u00e9 ker\u00fclnek. Az RX 450h+ plug-in hibrid az, amelyet a legt\u00f6bben l\u00e1tni fognak, a Lexus ugyanis a Toyota RAV4 PHEV-hez hasonl\u00f3 modellek hajt\u00e1sl\u00e1nc-technol\u00f3gi\u00e1j\u00e1t vette \u00e1t \u00e9s finom\u00edtotta.<\/p>\n<p>De az RX 500h egy olyan Lexus, amilyet m\u00e9g soha nem l\u00e1ttunk. Egy turb\u00f3felt\u00f6lt\u0151s benzinmotorhoz egy hatfokozat\u00fa automata sebess\u00e9gv\u00e1lt\u00f3t p\u00e1ros\u00edt, elhagyva a CVT-st\u00edlus\u00fa teljes\u00edtm\u00e9nyeloszt\u00f3t, amelyet mind a Toyota, mind a Lexus hibridek mindig is haszn\u00e1ltak, \u00e9s egy \u00faj nyomat\u00e9kvektor-szab\u00e1lyoz\u00e1s\u00fa elektromos h\u00e1ts\u00f3 tengellyel is rendelkezik. Az RX 500h az els\u0151 alkalom, hogy b\u00e1rmely Toyota vagy Lexus hibrid a teljes\u00edtm\u00e9nyt vagy a vezet\u0151 elk\u00f6telez\u0151d\u00e9s\u00e9t helyezte el\u0151t\u00e9rbe a puszta hat\u00e9konys\u00e1ggal szemben, vagy a vezet\u0151 \u00e9s az aut\u00f3 k\u00f6z\u00f6tti m\u00e9lyebb kapcsolat el\u0151seg\u00edt\u00e9s\u00e9re t\u00f6rekedett.<\/p>\n","protected":false},"excerpt":{"rendered":"<p>Az este sor\u00e1n olyan szt\u00e1rok l\u00e9ptek sz\u00ednpadra, mint Freddie, Szandi, D\u00e9r Heni, Horv\u00e1th Tam\u00e1s, N\u00f3t\u00e1r Mary, P\u00e9terffy Lili Lelle, Vastag&#8230; <span class=\"gridview-grid-post-read-more\"><a href=\"https:\/\/matrend.hu\/nekedinfo\/kicsaptak-a-sztarban-sztar-szokeseget\/\">read more<span class=\"gridview-sr-only\"> Kicsapt\u00e1k a Szt\u00e1rban Szt\u00e1r sz\u0151kes\u00e9g\u00e9t!<\/span><\/a><\/span><\/p>\n","protected":false},"author":1,"featured_media":4298,"comment_status":"open","ping_status":"open","sticky":false,"template":"","format":"standard","meta":{"footnotes":""},"categories":[1],"tags":[],"class_list":["post-4297","post","type-post","status-publish","format-standard","has-post-thumbnail","hentry","category-egyeb","wpcat-1-id"],"_links":{"self":[{"href":"https:\/\/matrend.hu\/nekedinfo\/wp-json\/wp\/v2\/posts\/4297","targetHints":{"allow":["GET"]}}],"collection":[{"href":"https:\/\/matrend.hu\/nekedinfo\/wp-json\/wp\/v2\/posts"}],"about":[{"href":"https:\/\/matrend.hu\/nekedinfo\/wp-json\/wp\/v2\/types\/post"}],"author":[{"embeddable":true,"href":"https:\/\/matrend.hu\/nekedinfo\/wp-json\/wp\/v2\/users\/1"}],"replies":[{"embeddable":true,"href":"https:\/\/matrend.hu\/nekedinfo\/wp-json\/wp\/v2\/comments?post=4297"}],"version-history":[{"count":1,"href":"https:\/\/matrend.hu\/nekedinfo\/wp-json\/wp\/v2\/posts\/4297\/revisions"}],"predecessor-version":[{"id":4299,"href":"https:\/\/matrend.hu\/nekedinfo\/wp-json\/wp\/v2\/posts\/4297\/revisions\/4299"}],"wp:featuredmedia":[{"embeddable":true,"href":"https:\/\/matrend.hu\/nekedinfo\/wp-json\/wp\/v2\/media\/4298"}],"wp:attachment":[{"href":"https:\/\/matrend.hu\/nekedinfo\/wp-json\/wp\/v2\/media?parent=4297"}],"wp:term":[{"taxonomy":"category","embeddable":true,"href":"https:\/\/matrend.hu\/nekedinfo\/wp-json\/wp\/v2\/categories?post=4297"},{"taxonomy":"post_tag","embeddable":true,"href":"https:\/\/matrend.hu\/nekedinfo\/wp-json\/wp\/v2\/tags?post=4297"}],"curies":[{"name":"wp","href":"https:\/\/api.w.org\/{rel}","templated":true}]}}