{"id":4488,"date":"2025-10-18T16:56:58","date_gmt":"2025-10-18T14:56:58","guid":{"rendered":"https:\/\/matrend.hu\/nekedinfo\/?p=4488"},"modified":"2025-10-18T16:56:58","modified_gmt":"2025-10-18T14:56:58","slug":"szamuztek-milo-vikit-a-hazassag-elso-latasabol","status":"publish","type":"post","link":"https:\/\/matrend.hu\/nekedinfo\/szamuztek-milo-vikit-a-hazassag-elso-latasabol\/","title":{"rendered":"Sz\u00e1m\u0171zt\u00e9k Mil\u00f3 Vikit a H\u00e1zass\u00e1g els\u0151 l\u00e1t\u00e1s\u00e1b\u00f3l!"},"content":{"rendered":"<h3>A Rdditen \u00e9s FB-on z\u00e1poroznak a v\u00e9lem\u00e9nyek:<br \/>\n\u201eEzt az \u00f6ntelt, konfliktuskeres\u0151 n\u0151t nem b\u00edrom tov\u00e1bb n\u00e9zni!\u201d \u201eLehet, hogy j\u00f3lelk\u0171, de egyszer\u0171en nem illik ebbe a m\u0171sorba.\u201d \u201eMinden jelenet\u00e9ben \u00e9rezni, hogy nem enged senkit k\u00f6zel mag\u00e1hoz!\u201d<br \/>\nA n\u00e9z\u0151k egyre hangosabban k\u00f6vetelt\u00e9k, hogy Viki \u201et\u0171nj\u00f6n el a k\u00e9perny\u0151r\u0151l\u201d, \u00e9s a m\u0171sor k\u00e9sz\u00edt\u0151i v\u00e9g\u00fcl engedtek a nyom\u00e1snak. A legut\u00f3bbi epiz\u00f3dokban m\u00e1r felt\u0171n\u0151en kevesebb k\u00e9perny\u0151id\u0151t kapott, majd gyakorlatilag \u201ekisziv\u00e1rgott\u201d a t\u00f6rt\u00e9netb\u0151l. A n\u00e9z\u0151k \u00f6r\u00fcltek \u2013 m\u00e1sok viszont felh\u00e1borodtak, hogy egy val\u00f3s\u00e1gshow-ban ekkora hatalma lehet a k\u00f6z\u00f6ns\u00e9gnek.<br \/>\nM\u00c1R NEM IS L\u00c1THATJUK EZENT\u00daL? MUTATJUK!<\/h3>\n<h3><span style=\"color: #ff0000;\"><strong>A h\u00edr nem \u00e9rt v\u00e9get! Folytat\u00e1shoz haszn\u00e1ld a K\u00d6VETKEZ\u0150 OLDAL gombot!<\/strong><\/span><\/h3>\n<h3 style=\"text-align: right;\"><a href=\"https:\/\/matrend.hu\/maitrend\/?p=4473\" target=\"_blank\" rel=\"noopener\"><span style=\"color: #ff0000;\">&#8212;&gt;&gt; K\u00d6VETKEZ\u0150 OLDAL<\/span><\/a><\/h3>\n<p>&#8211;<\/p>\n<p>A Stonic belsej\u00e9ben nincs nagy felhajt\u00e1s, \u00e9s a Kia legjobb er\u0151fesz\u00edt\u00e9sei ellen\u00e9re, hogy feljebb tolja a k\u00edn\u00e1latot, nincs t\u00fal sok puha tapint\u00e1s\u00fa anyag.<br \/>\nVannak olyan r\u00e9szek, amik jobban \u00e9rz\u0151dnek, mint m\u00e1sok, p\u00e9ld\u00e1ul a kart\u00e1masz, de az ajt\u00f3kon \u00e9s a l\u00e1bfejek alatt sok a karcos m\u0171anyag. Ennek ellen\u00e9re minden robusztusnak \u00e9s szil\u00e1rdnak \u00e9rz\u0151dik: egy kuty\u00e1nak is gondot okozna \u00e1tr\u00e1gni mag\u00e1t a d\u00edszl\u00e9ceken, az biztos.<br \/>\nA Stonic egyik el\u0151nye a m\u0171szerfal konfigur\u00e1ci\u00f3ja, ami r\u00e9szben a minden modellben alapfelszerelts\u00e9gk\u00e9nt k\u00edn\u00e1lt 8,0 h\u00fcvelykes \u00e9rint\u0151k\u00e9perny\u0151nek k\u00f6sz\u00f6nhet\u0151. K\u00f6nnyen haszn\u00e1lhat\u00f3, \u00e9s a men\u00fck k\u00f6z\u00f6tti navig\u00e1ci\u00f3 is egyszer\u0171 az \u00e9rint\u0151k\u00e9perny\u0151 alatt tal\u00e1lhat\u00f3 fizikai gomboknak k\u00f6sz\u00f6nhet\u0151en.<br \/>\nVal\u00f3j\u00e1ban a Stonic fizikai gombjainak sz\u00e1ma \u00fcd\u00edt\u0151 l\u00e1tv\u00e1ny, k\u00fcl\u00f6n\u00f6sen annak f\u00e9ny\u00e9ben, hogy sok riv\u00e1lisa m\u00e1r \u00e9rint\u0151gombokat is haszn\u00e1lt, amelyek haszn\u00e1lata menet k\u00f6zben bosszant\u00f3an neh\u00e9zkes lehet. Maga a k\u00e9perny\u0151 rendben van: id\u0151nk\u00e9nt kicsit akadozik, k\u00fcl\u00f6n\u00f6sen, amikor a navig\u00e1ci\u00f3s t\u00e9rk\u00e9pen pr\u00f3b\u00e1lunk nagy\u00edtani \u00e9s kicsiny\u00edteni.<\/p>\n<p>Az Apple CarPlay \u00e9s az Android Auto alapfelszerelts\u00e9g, \u00e9s b\u00e1r nem vezet\u00e9k n\u00e9lk\u00fcl, Bluetooth-on kereszt\u00fcl m\u0171k\u00f6dik, okostelefonja nagyon k\u00f6nnyen csatlakoztathat\u00f3 a kl\u00edmavez\u00e9rl\u0151k alatti USB-porton kereszt\u00fcl, \u00e9s csatlakoz\u00e1s ut\u00e1n j\u00f3l m\u0171k\u00f6dik. Emellett egy \u00e1tdolgozott, 4,2 h\u00fcvelykes fed\u00e9lzeti sz\u00e1m\u00edt\u00f3g\u00e9p k\u00e9perny\u0151 is tartozik hozz\u00e1, amely \u00e9lesebb grafik\u00e1t k\u00edn\u00e1l.<br \/>\nFunkcion\u00e1lis szempontb\u00f3l azonban a Stonic SUV-identit\u00e1sa f\u00e9lk\u00e9sznek t\u0171nik p\u00e9ld\u00e1ul a Ford Pum\u00e1hoz k\u00e9pest. Ahelyett, hogy k\u00e9nyelmesen oldalra cs\u00faszn\u00e1nk a vezet\u0151\u00fcl\u00e9sbe, lejjebb ereszked\u00fcnk, ami azt jelenti, hogy a kil\u00e1t\u00e1s nem az, amit parancsol\u00f3nak nevezn\u00e9nk.<br \/>\nB\u0151s\u00e9ges a fejt\u00e9r \u00e9s a magass\u00e1g\u00e1ll\u00edt\u00e1s az \u00fcl\u00e9sben. A jobb oldalon tal\u00e1lhat\u00f3 karral keresztez\u0151 magass\u00e1g\u00fara is \u00e1ll\u00edthat\u00f3. \u00d6sszess\u00e9g\u00e9ben azonban ez a vezet\u00e9si poz\u00edci\u00f3 nem egy olyan, amely azonnal a k\u00f6nny\u0171 hozz\u00e1f\u00e9rhet\u0151s\u00e9gr\u0151l vagy a k\u00e9nyelemr\u0151l \u00e1rulkodik.<br \/>\nA h\u00e1ts\u00f3 hely legink\u00e1bb az \u00fcl\u00e9smagas\u00edt\u00f3ban \u00fcl\u0151 gyerekeknek, \u00e9s egy \u00e1tlagos m\u00e9ret\u0171 feln\u0151tteknek megfelel\u0151, ha toljuk a tet\u0151t. A magasabb utasoknak sz\u00e9t kell terpeszteni\u00fck a t\u00e9rd\u00fcket \u00e9s g\u00f6rnyedni\u00fck kell az \u00fcl\u00e9s\u00fckben, hogy elker\u00fclj\u00e9k a tet\u0151k\u00e1rpittal val\u00f3 \u00e9rintkez\u00e9st. A vezet\u0151\u00fcl\u00e9s a tesztel\u0151ink \u00e1ltal prefer\u00e1lt helyzetben volt, \u00edgy a l\u00e1bt\u00e9r is nagyon korl\u00e1tozott volt.<br \/>\nA csomagtart\u00f3 ezzel szemben j\u00f3 m\u00e9ret\u0171, 352 literes, \u00e9s praktikus, k\u00e9tszintes, \u201ecsomagtart\u00f3deszka\u201d t\u00edpus\u00fa \u00e1lpadl\u00f3val rendelkezik. Van azonban egy meglehet\u0151sen bosszant\u00f3 rakod\u00f3perem, amelyen \u00e1t kell emelni a neh\u00e9z rakom\u00e1nyt. Vannak enn\u00e9l nehezebb akad\u00e1lyok is, de ezt a bev\u00e1s\u00e1rl\u00e1s pakol\u00e1sakor fogod \u00e9szrevenni. <\/p>\n","protected":false},"excerpt":{"rendered":"<p>A Rdditen \u00e9s FB-on z\u00e1poroznak a v\u00e9lem\u00e9nyek: \u201eEzt az \u00f6ntelt, konfliktuskeres\u0151 n\u0151t nem b\u00edrom tov\u00e1bb n\u00e9zni!\u201d \u201eLehet, hogy j\u00f3lelk\u0171, de&#8230; <span class=\"gridview-grid-post-read-more\"><a href=\"https:\/\/matrend.hu\/nekedinfo\/szamuztek-milo-vikit-a-hazassag-elso-latasabol\/\">read more<span class=\"gridview-sr-only\"> Sz\u00e1m\u0171zt\u00e9k Mil\u00f3 Vikit a H\u00e1zass\u00e1g els\u0151 l\u00e1t\u00e1s\u00e1b\u00f3l!<\/span><\/a><\/span><\/p>\n","protected":false},"author":1,"featured_media":4489,"comment_status":"open","ping_status":"open","sticky":false,"template":"","format":"standard","meta":{"footnotes":""},"categories":[1],"tags":[],"class_list":["post-4488","post","type-post","status-publish","format-standard","has-post-thumbnail","hentry","category-egyeb","wpcat-1-id"],"_links":{"self":[{"href":"https:\/\/matrend.hu\/nekedinfo\/wp-json\/wp\/v2\/posts\/4488","targetHints":{"allow":["GET"]}}],"collection":[{"href":"https:\/\/matrend.hu\/nekedinfo\/wp-json\/wp\/v2\/posts"}],"about":[{"href":"https:\/\/matrend.hu\/nekedinfo\/wp-json\/wp\/v2\/types\/post"}],"author":[{"embeddable":true,"href":"https:\/\/matrend.hu\/nekedinfo\/wp-json\/wp\/v2\/users\/1"}],"replies":[{"embeddable":true,"href":"https:\/\/matrend.hu\/nekedinfo\/wp-json\/wp\/v2\/comments?post=4488"}],"version-history":[{"count":1,"href":"https:\/\/matrend.hu\/nekedinfo\/wp-json\/wp\/v2\/posts\/4488\/revisions"}],"predecessor-version":[{"id":4490,"href":"https:\/\/matrend.hu\/nekedinfo\/wp-json\/wp\/v2\/posts\/4488\/revisions\/4490"}],"wp:featuredmedia":[{"embeddable":true,"href":"https:\/\/matrend.hu\/nekedinfo\/wp-json\/wp\/v2\/media\/4489"}],"wp:attachment":[{"href":"https:\/\/matrend.hu\/nekedinfo\/wp-json\/wp\/v2\/media?parent=4488"}],"wp:term":[{"taxonomy":"category","embeddable":true,"href":"https:\/\/matrend.hu\/nekedinfo\/wp-json\/wp\/v2\/categories?post=4488"},{"taxonomy":"post_tag","embeddable":true,"href":"https:\/\/matrend.hu\/nekedinfo\/wp-json\/wp\/v2\/tags?post=4488"}],"curies":[{"name":"wp","href":"https:\/\/api.w.org\/{rel}","templated":true}]}}