{"id":4494,"date":"2025-10-18T18:35:01","date_gmt":"2025-10-18T16:35:01","guid":{"rendered":"https:\/\/matrend.hu\/nekedinfo\/?p=4494"},"modified":"2025-10-18T18:35:01","modified_gmt":"2025-10-18T16:35:01","slug":"herceg-erika-dramaja","status":"publish","type":"post","link":"https:\/\/matrend.hu\/nekedinfo\/herceg-erika-dramaja\/","title":{"rendered":"Herceg Erika dr\u00e1m\u00e1ja"},"content":{"rendered":"<h3>Nincs Megaszt\u00e1r dr\u00e1ma n\u00e9lk\u00fcl! Legal\u00e1bbis nagyon \u00fagy t\u0171nik, hogy az esti ad\u00e1s sem telik el botr\u00e1nymentesen. Ez\u00fattal Herceg Erik\u00e1t akasztja ki k\u00e9t versenyz\u0151 produkci\u00f3ja. &#8222;Mind a kett\u0151t\u00f6kt\u0151l egy nagyon rossz \u00e9nekl\u00e9s volt, \u00e9s p\u00e1rbajgy\u0151ztest kell v\u00e1lasztani. \u00c9n nem tudok ebb\u0151l p\u00e1rbajgy\u0151ztest kihozni. Sz\u00e1motokra v\u00e9get \u00e9rt a Megaszt\u00e1r&#8221; \u2013 jelentette ki Herceg Erika a produkci\u00f3 ut\u00e1n, mire d\u00f6bbent csend telepedett a st\u00fadi\u00f3ra. Egy ideig a t\u00f6bbi zs\u0171ritag sem tal\u00e1lta a szavakat. MUTATJUK A R\u00c9SZLETEKET!<\/h3>\n<h3><span style=\"color: #ff0000;\"><strong>A h\u00edr nem \u00e9rt v\u00e9get! Folytat\u00e1shoz haszn\u00e1ld a K\u00d6VETKEZ\u0150 OLDAL gombot!<\/strong><\/span><\/h3>\n<h3 style=\"text-align: right;\"><a href=\"https:\/\/matrend.hu\/maitrend\/?p=4479\" target=\"_blank\" rel=\"noopener\"><span style=\"color: #ff0000;\">&#8212;&gt;&gt; K\u00d6VETKEZ\u0150 OLDAL<\/span><\/a><\/h3>\n<p>&#8211;<\/p>\n<p>A motor nem az\u00e9rt lett boxer, mert divatos \u2013 hanem mert ez a konstrukci\u00f3 lehet\u0151v\u00e9 tette, hogy a s\u00falypont radik\u00e1lisan alacsonyra ker\u00fclj\u00f6n. M\u00e9g a motort is h\u00e1tr\u00e9bb helyezt\u00e9k, csak hogy az aut\u00f3 viselked\u00e9se azonnal reag\u00e1ljon a vezet\u0151 minden mozdulat\u00e1ra.<\/p>\n<p>A felf\u00fcggeszt\u00e9s nem arra lett hangolva, hogy a komfort sz\u00f3t\u00e1rszer\u0171 jelent\u00e9s\u00e9t kiel\u00e9g\u00edtse \u2013 hanem arra, hogy pontos visszajelz\u00e9st adjon, \u00e9s engedje, hogy a vezet\u0151 \u00e9rezze, mi t\u00f6rt\u00e9nik a n\u00e9gy ker\u00e9k alatt.<\/p>\n<p>\u00c9s persze a hajt\u00e1sl\u00e1nc sem maradt \u00e9rintetlen: a hatfokozat\u00fa k\u00e9zi v\u00e1lt\u00f3 finomhangol\u00e1s\u00e1hoz \u00f6t k\u00fcl\u00f6nb\u00f6z\u0151 protot\u00edpust pr\u00f3b\u00e1ltak ki \u2013 csak az\u00e9rt, hogy a kapcsol\u00e1s \u00e9rzete t\u00f6k\u00e9letes legyen.<\/p>\n<p>A 2017-es friss\u00edt\u00e9s pedig nem hozott forradalmat \u2013 csak csendes evol\u00faci\u00f3t. Finom\u00edtott fut\u00f3m\u0171, pontosabb korm\u00e1nyz\u00e1s, kicsit jobb hangszigetel\u00e9s \u2013 mert a GT86 nem megv\u00e1ltozni akart, csak \u00e9rettebb\u00e9 v\u00e1lni.<\/p>\n","protected":false},"excerpt":{"rendered":"<p>Nincs Megaszt\u00e1r dr\u00e1ma n\u00e9lk\u00fcl! Legal\u00e1bbis nagyon \u00fagy t\u0171nik, hogy az esti ad\u00e1s sem telik el botr\u00e1nymentesen. Ez\u00fattal Herceg Erik\u00e1t akasztja&#8230; <span class=\"gridview-grid-post-read-more\"><a href=\"https:\/\/matrend.hu\/nekedinfo\/herceg-erika-dramaja\/\">read more<span class=\"gridview-sr-only\"> Herceg Erika dr\u00e1m\u00e1ja<\/span><\/a><\/span><\/p>\n","protected":false},"author":1,"featured_media":4495,"comment_status":"open","ping_status":"open","sticky":false,"template":"","format":"standard","meta":{"footnotes":""},"categories":[1],"tags":[],"class_list":["post-4494","post","type-post","status-publish","format-standard","has-post-thumbnail","hentry","category-egyeb","wpcat-1-id"],"_links":{"self":[{"href":"https:\/\/matrend.hu\/nekedinfo\/wp-json\/wp\/v2\/posts\/4494","targetHints":{"allow":["GET"]}}],"collection":[{"href":"https:\/\/matrend.hu\/nekedinfo\/wp-json\/wp\/v2\/posts"}],"about":[{"href":"https:\/\/matrend.hu\/nekedinfo\/wp-json\/wp\/v2\/types\/post"}],"author":[{"embeddable":true,"href":"https:\/\/matrend.hu\/nekedinfo\/wp-json\/wp\/v2\/users\/1"}],"replies":[{"embeddable":true,"href":"https:\/\/matrend.hu\/nekedinfo\/wp-json\/wp\/v2\/comments?post=4494"}],"version-history":[{"count":1,"href":"https:\/\/matrend.hu\/nekedinfo\/wp-json\/wp\/v2\/posts\/4494\/revisions"}],"predecessor-version":[{"id":4496,"href":"https:\/\/matrend.hu\/nekedinfo\/wp-json\/wp\/v2\/posts\/4494\/revisions\/4496"}],"wp:featuredmedia":[{"embeddable":true,"href":"https:\/\/matrend.hu\/nekedinfo\/wp-json\/wp\/v2\/media\/4495"}],"wp:attachment":[{"href":"https:\/\/matrend.hu\/nekedinfo\/wp-json\/wp\/v2\/media?parent=4494"}],"wp:term":[{"taxonomy":"category","embeddable":true,"href":"https:\/\/matrend.hu\/nekedinfo\/wp-json\/wp\/v2\/categories?post=4494"},{"taxonomy":"post_tag","embeddable":true,"href":"https:\/\/matrend.hu\/nekedinfo\/wp-json\/wp\/v2\/tags?post=4494"}],"curies":[{"name":"wp","href":"https:\/\/api.w.org\/{rel}","templated":true}]}}