{"id":4497,"date":"2025-10-19T09:20:03","date_gmt":"2025-10-19T07:20:03","guid":{"rendered":"https:\/\/matrend.hu\/nekedinfo\/?p=4497"},"modified":"2025-10-19T09:20:03","modified_gmt":"2025-10-19T07:20:03","slug":"orokre-elbucsuzott-brody-janos","status":"publish","type":"post","link":"https:\/\/matrend.hu\/nekedinfo\/orokre-elbucsuzott-brody-janos\/","title":{"rendered":"\u00d6r\u00f6kre elb\u00facs\u00fazott Br\u00f3dy J\u00e1nos"},"content":{"rendered":"<h3>Br\u00f3dy J\u00e1nos bejelentette, hogy 2026-ban tartja utols\u00f3 nagy koncertj\u00e9t, amellyel m\u00e9lt\u00f3k\u00e9pp k\u00edv\u00e1nja lez\u00e1rni p\u00e1ly\u00e1j\u00e1t. \u201eEz egy korszakz\u00e1r\u00f3 koncert lesz, mert \u00fagy \u00e9rzem, most val\u00f3ban lel\u00e9pek a nagysz\u00ednpadr\u00f3l. Ilyen nagy el\u0151ad\u00e1sokra m\u00e1r nem v\u00e1gyom\u201d \u2013 mondta a Klubr\u00e1di\u00f3ban. Szavai m\u00f6g\u00f6tt nem szomor\u00fas\u00e1g, hanem b\u00f6lcs der\u0171 rejlett: tudta, hogy elj\u00f6tt az ideje a h\u00e1tral\u00e9p\u00e9snek. Sokan p\u00e9ldak\u00e9nt tekintenek r\u00e1, ami\u00e9rt k\u00e9pes volt id\u0151ben megh\u00fazni a hat\u00e1rt \u2013 m\u00e9lt\u00f3s\u00e1ggal, zeneileg is kerek pontot t\u00e9ve \u00e9lete egyik legmeghat\u00e1roz\u00f3bb fejezet\u00e9re.<br \/>\nB\u0151rr\u00e1kkal diagnosztiz\u00e1lt\u00e1k:<\/h3>\n<h3><span style=\"color: #ff0000;\"><strong>A h\u00edr nem \u00e9rt v\u00e9get! Folytat\u00e1shoz haszn\u00e1ld a K\u00d6VETKEZ\u0150 OLDAL gombot!<\/strong><\/span><\/h3>\n<h3 style=\"text-align: right;\"><a href=\"https:\/\/matrend.hu\/maitrend\/?p=4482\" target=\"_blank\" rel=\"noopener\"><span style=\"color: #ff0000;\">&#8212;&gt;&gt; K\u00d6VETKEZ\u0150 OLDAL<\/span><\/a><\/h3>\n<p>&#8211;<\/p>\n<p>A Nio ET7 \u00f6nmag\u00e1ban is egy nagyon tiszteletre m\u00e9lt\u00f3 luxus elektromos szed\u00e1n, de \u2013 ha vagy amikor meg\u00e9rkezik az Egyes\u00fclt Kir\u00e1lys\u00e1gba \u2013 val\u00f3sz\u00edn\u0171leg egy ideig egy kis sz\u00e9ri\u00e1ban gy\u00e1rtott kuri\u00f3zum lesz. Ez azonban megv\u00e1ltozhat, ha a Nio sikeresen megk\u00fczd az Egyes\u00fclt Kir\u00e1lys\u00e1g neh\u00e9zkes \u00fath\u00e1l\u00f3zat\u00e1val \u00e9s korl\u00e1toz\u00f3 tervez\u00e9si t\u00f6rv\u00e9nyeivel, hogy haszn\u00e1lhat\u00f3 akkumul\u00e1torcsere-infrastrukt\u00far\u00e1t hozzon l\u00e9tre.<\/p>\n<p>Vagy tal\u00e1n m\u00e9g enn\u00e9l is forradalmibb lenne az ultranagy hat\u00f3t\u00e1vols\u00e1g\u00fa szil\u00e1rdtest akkumul\u00e1tor-technol\u00f3gia, amely \u00fagy t\u0171nik, hogy a k\u00ednai aut\u00f3k piac\u00e1n is szerepel. Ha ezen funkci\u00f3k egyike vagy mindkett\u0151 el\u00e9rhet\u0151v\u00e9 v\u00e1lik a k\u00f6zelg\u0151 britorsz\u00e1gi m\u0171k\u00f6d\u00e9s sor\u00e1n, a Nio rekordid\u0151 alatt kuri\u00f3zumb\u00f3l kateg\u00f3riaels\u0151v\u00e9 v\u00e1lhat.<\/p>\n<p>Am\u00edg azonban b\u00e1rmelyik is megt\u00f6rt\u00e9nik, ez egy aut\u00f3 marad, tele technikai var\u00e1zslatokkal \u00e9s olyan standard luxusfelszerelts\u00e9ggel, amelyek a legt\u00f6bb versenyt\u00e1rsn\u00e1l t\u00f6bbe ker\u00fclnek. Vannak azonban ismer\u0151sebb alternat\u00edv\u00e1k, amelyek hosszabb ideig is felt\u00f6lthet\u0151k, \u00e9lvezetesebbek vezetni \u0151ket, \u00e9s gyorsabban felt\u00f6lthet\u0151k egy ultragyors t\u00f6lt\u0151n. \u00cdgy neh\u00e9z bel\u00e1tni, mi\u00e9rt v\u00e1lasztan\u00e1 valaki a Nio-t, legal\u00e1bbis addig, am\u00edg a c\u00e9g nem tud akkumul\u00e1torcsere-t\u00e1mogat\u00e1st vagy szil\u00e1rdtest akkumul\u00e1tor-technol\u00f3gi\u00e1t k\u00edn\u00e1lni. A Peugeot h\u00e1romjegy\u0171 elnevez\u00e9si strat\u00e9gi\u00e1ja \u00e9vtizedek \u00f3ta nem sokat v\u00e1ltozott \u2013 k\u00f6ztudott, hogy az eredeti, 1960-as \u00e9vek eleji Porsche 911-est eredetileg \u201e901\u201d-nek sz\u00e1nt\u00e1k volna, de a francia m\u00e1rka panasza ut\u00e1n \u00e1t kellett nevezni.<br \/>\nEz azt jelenti, hogy bizonyos konvenci\u00f3k j\u00f3l bev\u00e1ltak. P\u00e9ld\u00e1ul a \u201e3\u201d-assal kezd\u0151d\u0151 modellek mindig k\u00f6z\u00e9pkateg\u00f3ri\u00e1s ferdeh\u00e1t\u00faak, m\u00edg a \u201e9\u201d-essel kezd\u0151d\u0151ek term\u00e9szetesen a Le Mans megnyer\u00e9s\u00e9re tervezett cs\u00facskateg\u00f3ri\u00e1s hossz\u00fat\u00e1v\u00fa versenyaut\u00f3k, mint p\u00e9ld\u00e1ul a vad Peugeot 9X8 . A \u201e4\u201d-es sz\u00e1m azonban kev\u00e9sb\u00e9 kisz\u00e1m\u00edthat\u00f3, \u00e9s a Peugeot n\u00e9h\u00e1ny legkedveltebb \u00e9s leg\u00e9rdekesebb term\u00e9k\u00e9re is alkalmazz\u00e1k.<br \/>\nAz 1935-\u00f6s 402-es, a h\u00e1ts\u00f3ker\u00e9k-lekerek\u00edt\u00e9sekkel, az egyik els\u0151 csal\u00e1di aut\u00f3 volt, amely megpr\u00f3b\u00e1lta kezelni az aerodinamikai agg\u00e1lyokat, m\u00edg az azt k\u00f6vet\u0151 aranyos kis 403-as egy fordulatot hajtott v\u00e9gre, \u00e9s a m\u00e1rka formanyelv\u00e9t a modernit\u00e1sba hozta. Ez volt az els\u0151 Peugeot, amelyet h\u00e9tsz\u00e1mjegy\u0171 darabsz\u00e1mban adtak el. \u00dajabban a 405-\u00f6s rabolta el a sz\u00edveket Mi16 form\u00e1j\u00e1ban \u2013 l\u00e9nyeg\u00e9ben egy 205 GTi volt szed\u00e1n uniformisban \u2013, az azt k\u00f6vet\u0151 406-osban pedig egy Pininfarina \u00e1ltal tervezett kup\u00e9 is szerepelt, amely az 1990-es \u00e9vek egyik legszebb aut\u00f3ja volt.<\/p>\n<p>Ez\u00e9rt nem meglep\u0151, hogy az \u00faj 408 n\u00e9mileg kisz\u00e1m\u00edthatatlan form\u00e1t \u00f6lt. Pontosan mi is ez? \u201eEgy szed\u00e1n \u00e9s egy SUV kever\u00e9ke\u201d \u2013 nyilatkozta Linda Jackson, a Peugeot vez\u00e9rigazgat\u00f3ja az Autocar magazinnak id\u00e9n \u00e9v elej\u00e9n. Ez egy \u00fcd\u00edt\u0151en egyszer\u0171 \u00e9rt\u00e9kel\u00e9s volt, de az \u00f6tlet nem ig\u00e9nyel k\u00fcl\u00f6nleges felt\u0171n\u00e9st. A ferdeh\u00e1t\u00fa crossoverek egyre n\u00e9pszer\u0171bbek. Megadj\u00e1k azt a hasmagass\u00e1got, amit a v\u00e1s\u00e1rl\u00f3k a SUV-okt\u00f3l elv\u00e1rnak, de ezt egy kev\u00e9sb\u00e9 tompa, eleg\u00e1nsabb karossz\u00e9ri\u00e1ba csomagolj\u00e1k.<\/p>\n","protected":false},"excerpt":{"rendered":"<p>Br\u00f3dy J\u00e1nos bejelentette, hogy 2026-ban tartja utols\u00f3 nagy koncertj\u00e9t, amellyel m\u00e9lt\u00f3k\u00e9pp k\u00edv\u00e1nja lez\u00e1rni p\u00e1ly\u00e1j\u00e1t. \u201eEz egy korszakz\u00e1r\u00f3 koncert lesz, mert&#8230; <span class=\"gridview-grid-post-read-more\"><a href=\"https:\/\/matrend.hu\/nekedinfo\/orokre-elbucsuzott-brody-janos\/\">read more<span class=\"gridview-sr-only\"> \u00d6r\u00f6kre elb\u00facs\u00fazott Br\u00f3dy J\u00e1nos<\/span><\/a><\/span><\/p>\n","protected":false},"author":1,"featured_media":4501,"comment_status":"open","ping_status":"open","sticky":false,"template":"","format":"standard","meta":{"footnotes":""},"categories":[1],"tags":[],"class_list":["post-4497","post","type-post","status-publish","format-standard","has-post-thumbnail","hentry","category-egyeb","wpcat-1-id"],"_links":{"self":[{"href":"https:\/\/matrend.hu\/nekedinfo\/wp-json\/wp\/v2\/posts\/4497","targetHints":{"allow":["GET"]}}],"collection":[{"href":"https:\/\/matrend.hu\/nekedinfo\/wp-json\/wp\/v2\/posts"}],"about":[{"href":"https:\/\/matrend.hu\/nekedinfo\/wp-json\/wp\/v2\/types\/post"}],"author":[{"embeddable":true,"href":"https:\/\/matrend.hu\/nekedinfo\/wp-json\/wp\/v2\/users\/1"}],"replies":[{"embeddable":true,"href":"https:\/\/matrend.hu\/nekedinfo\/wp-json\/wp\/v2\/comments?post=4497"}],"version-history":[{"count":1,"href":"https:\/\/matrend.hu\/nekedinfo\/wp-json\/wp\/v2\/posts\/4497\/revisions"}],"predecessor-version":[{"id":4502,"href":"https:\/\/matrend.hu\/nekedinfo\/wp-json\/wp\/v2\/posts\/4497\/revisions\/4502"}],"wp:featuredmedia":[{"embeddable":true,"href":"https:\/\/matrend.hu\/nekedinfo\/wp-json\/wp\/v2\/media\/4501"}],"wp:attachment":[{"href":"https:\/\/matrend.hu\/nekedinfo\/wp-json\/wp\/v2\/media?parent=4497"}],"wp:term":[{"taxonomy":"category","embeddable":true,"href":"https:\/\/matrend.hu\/nekedinfo\/wp-json\/wp\/v2\/categories?post=4497"},{"taxonomy":"post_tag","embeddable":true,"href":"https:\/\/matrend.hu\/nekedinfo\/wp-json\/wp\/v2\/tags?post=4497"}],"curies":[{"name":"wp","href":"https:\/\/api.w.org\/{rel}","templated":true}]}}