{"id":4511,"date":"2025-10-19T13:53:20","date_gmt":"2025-10-19T11:53:20","guid":{"rendered":"https:\/\/matrend.hu\/nekedinfo\/?p=4511"},"modified":"2025-10-19T13:53:20","modified_gmt":"2025-10-19T11:53:20","slug":"sulyos-tragedia-tortent-a-hazassag-elso-latasra-szereplojevel","status":"publish","type":"post","link":"https:\/\/matrend.hu\/nekedinfo\/sulyos-tragedia-tortent-a-hazassag-elso-latasra-szereplojevel\/","title":{"rendered":"S\u00falyos Trag\u00e9dia t\u00f6rt\u00e9nt a H\u00e1zass\u00e1g els\u0151 l\u00e1t\u00e1sra szerepl\u0151j\u00e9vel!"},"content":{"rendered":"<h3>H\u00e1zass\u00e1g els\u0151 l\u00e1t\u00e1sra K\u00e1rmenje \u00edgy vallott: \u201eM\u00e9g mindig nehezen tudok megsz\u00f3lalni. A helysz\u00ednen meg\u00e9lni is borzalmas volt, \u00e9s most vissza is n\u00e9zni\u2026 Szeretn\u00e9m felh\u00edvni a figyelmet arra, hogy aki sz\u00fcl\u0151, az figyeljen oda a gyermek\u00e9re, mert \u00e9n sem sz\u00f3laltam meg, amikor meg kellett volna, \u00e9s ki kellett volna \u00e1llnom saj\u00e1t magam\u00e9rt.&#8221;<br \/>\nEZ T\u00d6RT\u00c9NT K\u00c1RMENNEL:<\/h3>\n<h3><span style=\"color: #ff0000;\"><strong>A h\u00edr nem \u00e9rt v\u00e9get! Folytat\u00e1shoz haszn\u00e1ld a K\u00d6VETKEZ\u0150 OLDAL gombot!<\/strong><\/span><\/h3>\n<h3 style=\"text-align: right;\"><a href=\"https:\/\/matrend.hu\/maitrend\/?p=4496\" target=\"_blank\" rel=\"noopener\"><span style=\"color: #ff0000;\">&#8212;&gt;&gt; K\u00d6VETKEZ\u0150 OLDAL<\/span><\/a><\/h3>\n<p>&#8211;<\/p>\n<p>Az Apple CarPlay  \u00e9s az Android Auto  alapfelszerelts\u00e9gk\u00e9nt j\u00e1r, m\u00edg a vezet\u00e9k n\u00e9lk\u00fcli eszk\u00f6zt\u00f6lt\u00e9s opcion\u00e1lis az Allure felszerelts\u00e9gi szinten \u00e9s alapfelszerelts\u00e9g a GT-ben; az aut\u00f3ban pedig USB-A \u00e9s USB-C vezet\u00e9kes t\u00f6lt\u0151portok is tal\u00e1lhat\u00f3k, amelyek az els\u0151 \u00e9s a m\u00e1sodik utassor k\u00f6z\u00f6tt oszlanak meg.<br \/>\nAz ergon\u00f3miai logika rendben van \u2013 felt\u00e9ve, hogy nem tartozol azok k\u00f6z\u00e9 az emberek k\u00f6z\u00e9, akik \u00fagy tal\u00e1lj\u00e1k, hogy a korm\u00e1nyker\u00e9k helyzete \u00e9s a kezek h\u00e1romnegyed h\u00e1romra sz\u00f6gben t\u00f6rt\u00e9n\u0151 r\u00f6gz\u00edt\u00e9se (ami feltehet\u0151en a gondolkod\u00e1s l\u00e9nyege) eltakarja a m\u0171szerfalra ny\u00edl\u00f3 kil\u00e1t\u00e1st, k\u00fcl\u00f6n\u00f6sen kanyarod\u00e1s k\u00f6zben. Tapasztalataink szerint sok embern\u00e9l ez \u00edgy van; m\u00edg m\u00e1sok egyszer\u0171en sz\u00edvesebben \u00fcln\u00e9nek alacsonyabban, a korm\u00e1ny p\u00e1ly\u00e1j\u00e1n kereszt\u00fcl n\u00e9zn\u00e9k a m\u0171szereket, \u00e9s a hagyom\u00e1nyos m\u00f3don korm\u00e1nyozn\u00e1nak.<\/p>\n<p>H\u00e1tr\u00e9bb az aut\u00f3ban a m\u00e1sodik \u00fcl\u00e9ssor t\u00e1gass\u00e1ga k\u00e9ts\u00e9gtelen\u00fcl szeg\u00e9nyesebb, mint a k\u00f6z\u00e9pkateg\u00f3ri\u00e1s executive szed\u00e1nok \u00e1tlaga; de egy ilyen eleg\u00e1nsan mutat\u00f3s szed\u00e1nt nem lehet kompromisszumok n\u00e9lk\u00fcl megtervezni. A feln\u0151tt utasok sz\u0171k\u00f6snek tal\u00e1lhatj\u00e1k mind a fej-, mind a l\u00e1bteret, \u00e9s h\u00e1rom feln\u0151tt utasnak biztosan nincs hely h\u00e1tul. A csomagtart\u00f3 viszont versenyk\u00e9pesebb a kateg\u00f3ri\u00e1j\u00e1ban; k\u00fcl\u00f6n\u00f6sen az 508 SW eset\u00e9ben, amely 530 literes rakteret k\u00edn\u00e1l az ablakvonal alatt \u00e9s a m\u00e1sodik \u00fcl\u00e9ssorral egy\u00fctt. A Peugeot 508 Plug-in Hybrid 225 motorja alacsony fordulatsz\u00e1mon nagyon csendes, ha egy\u00e1ltal\u00e1n beindul \u00e1ll\u00f3 helyzetben vagy menet k\u00f6zben \u2013 \u00e9s ez a tulajdons\u00e1ga a sebess\u00e9g n\u00f6veked\u00e9s\u00e9vel is megmarad. A m\u0171k\u00f6dtet\u00e9se a korm\u00e1nyoszlophoz r\u00f6gz\u00edtett v\u00e1lt\u00f3f\u00fclekkel vez\u00e9relhet\u0151 (b\u00e1r ezek ki\u00e1br\u00e1nd\u00edt\u00f3an v\u00e9konyak, nagyon m\u0171anyagosak \u00e9s gyeng\u00e9k, \u00e9s nem h\u00edvj\u00e1k el\u0151 a tapint\u00e1si interakci\u00f3t). Tesztel\u0151ink legt\u00f6bbsz\u00f6r \u00fagy tal\u00e1lt\u00e1k, hogy az 508 kellemesen suhant az akad\u00e1lyok n\u00e9lk\u00fcl.<br \/>\nEz a bels\u0151 \u00e9g\u00e9s\u0171 motor egy \u00e1tlagos csal\u00e1di aut\u00f3hoz k\u00e9pest nagy fajlagos teljes\u00edtm\u00e9nnyel rendelkezik, literenk\u00e9nt 111 l\u00f3er\u0151vel \u2013 \u00edgy az elektromos hajt\u00f3motor amellett, hogy \u00f6n\u00e1ll\u00f3an is meghajtja a motort, kit\u00f6lti a nyomat\u00e9kh\u00e9zagokat, mik\u00f6zben a motor turb\u00f3ja forogni kezd, vagy amikor a nyolcfokozat\u00fa v\u00e1lt\u00f3 fokozatban van. A mindennapi, nyugodt vezet\u00e9s sor\u00e1n nem veszi \u00e9szre a motor be- \u00e9s le\u00e1ll\u00e1s\u00e1t, \u00e9s azt sem, hogy milyen gyakran m\u0171k\u00f6dik az aut\u00f3 elektromosan. A vezethet\u0151s\u00e9g r\u00e9szleges g\u00e1zzal j\u00f3.<\/p>\n","protected":false},"excerpt":{"rendered":"<p>H\u00e1zass\u00e1g els\u0151 l\u00e1t\u00e1sra K\u00e1rmenje \u00edgy vallott: \u201eM\u00e9g mindig nehezen tudok megsz\u00f3lalni. A helysz\u00ednen meg\u00e9lni is borzalmas volt, \u00e9s most vissza&#8230; <span class=\"gridview-grid-post-read-more\"><a href=\"https:\/\/matrend.hu\/nekedinfo\/sulyos-tragedia-tortent-a-hazassag-elso-latasra-szereplojevel\/\">read more<span class=\"gridview-sr-only\"> S\u00falyos Trag\u00e9dia t\u00f6rt\u00e9nt a H\u00e1zass\u00e1g els\u0151 l\u00e1t\u00e1sra szerepl\u0151j\u00e9vel!<\/span><\/a><\/span><\/p>\n","protected":false},"author":1,"featured_media":4512,"comment_status":"open","ping_status":"open","sticky":false,"template":"","format":"standard","meta":{"footnotes":""},"categories":[1],"tags":[],"class_list":["post-4511","post","type-post","status-publish","format-standard","has-post-thumbnail","hentry","category-egyeb","wpcat-1-id"],"_links":{"self":[{"href":"https:\/\/matrend.hu\/nekedinfo\/wp-json\/wp\/v2\/posts\/4511","targetHints":{"allow":["GET"]}}],"collection":[{"href":"https:\/\/matrend.hu\/nekedinfo\/wp-json\/wp\/v2\/posts"}],"about":[{"href":"https:\/\/matrend.hu\/nekedinfo\/wp-json\/wp\/v2\/types\/post"}],"author":[{"embeddable":true,"href":"https:\/\/matrend.hu\/nekedinfo\/wp-json\/wp\/v2\/users\/1"}],"replies":[{"embeddable":true,"href":"https:\/\/matrend.hu\/nekedinfo\/wp-json\/wp\/v2\/comments?post=4511"}],"version-history":[{"count":1,"href":"https:\/\/matrend.hu\/nekedinfo\/wp-json\/wp\/v2\/posts\/4511\/revisions"}],"predecessor-version":[{"id":4513,"href":"https:\/\/matrend.hu\/nekedinfo\/wp-json\/wp\/v2\/posts\/4511\/revisions\/4513"}],"wp:featuredmedia":[{"embeddable":true,"href":"https:\/\/matrend.hu\/nekedinfo\/wp-json\/wp\/v2\/media\/4512"}],"wp:attachment":[{"href":"https:\/\/matrend.hu\/nekedinfo\/wp-json\/wp\/v2\/media?parent=4511"}],"wp:term":[{"taxonomy":"category","embeddable":true,"href":"https:\/\/matrend.hu\/nekedinfo\/wp-json\/wp\/v2\/categories?post=4511"},{"taxonomy":"post_tag","embeddable":true,"href":"https:\/\/matrend.hu\/nekedinfo\/wp-json\/wp\/v2\/tags?post=4511"}],"curies":[{"name":"wp","href":"https:\/\/api.w.org\/{rel}","templated":true}]}}