{"id":4515,"date":"2025-10-19T16:14:35","date_gmt":"2025-10-19T14:14:35","guid":{"rendered":"https:\/\/matrend.hu\/nekedinfo\/?p=4515"},"modified":"2025-10-19T16:14:35","modified_gmt":"2025-10-19T14:14:35","slug":"ujabb-megasztaros-drama","status":"publish","type":"post","link":"https:\/\/matrend.hu\/nekedinfo\/ujabb-megasztaros-drama\/","title":{"rendered":"\u00dajabb megaszt\u00e1ros dr\u00e1ma!"},"content":{"rendered":"<h3>Zs\u0171ri pedig nem b\u00e1nt mindig keszty\u0171s k\u00e9zzel a versenyz\u0151kkel Curtis sem! Itt \u00e9letekr\u0151l \u00e9s sorsokr\u00f3l d\u00f6ntenek! Curtis amikor megk\u00e9rdezte G\u00f6mbi-t hogy mit jelent neki a Megaszt\u00e1r \u00e9s mi a c\u00e9lja azt felelte az \u00c9letet \u00e9s mindent! \u0150 meg akarja nyerni!<\/h3>\n<h3><span style=\"color: #ff0000;\"><strong>A h\u00edr nem \u00e9rt v\u00e9get! Folytat\u00e1shoz haszn\u00e1ld a K\u00d6VETKEZ\u0150 OLDAL gombot!<\/strong><\/span><\/h3>\n<h3 style=\"text-align: right;\"><a href=\"https:\/\/matrend.hu\/maitrend\/?p=4499\" target=\"_blank\" rel=\"noopener\"><span style=\"color: #ff0000;\">&#8212;&gt;&gt; K\u00d6VETKEZ\u0150 OLDAL<\/span><\/a><\/h3>\n<p>&#8211;<\/p>\n<p>Ami a k\u00fcls\u0151t illeti, az i30 kombi az A-oszlopt\u00f3l el\u0151refel\u00e9 teljesen megegyezik az \u00f6tajt\u00f3s v\u00e1ltozattal. A k\u00fcl\u00f6nbs\u00e9g a h\u00e1ts\u00f3 r\u00e9szen mutatkozik meg, ahol a hosszabb tet\u0151vonal \u00e9s a mark\u00e1nsan lev\u00e1gott csomagt\u00e9r eg\u00e9szen harmonikusan simul bele az aut\u00f3 teljes diz\u00e1jnj\u00e1ba. Az oldalprofilon v\u00e9gigfut\u00f3 v\u00e1llvonal \u2013 amely az els\u0151 f\u00e9nysz\u00f3r\u00f3t\u00f3l eg\u00e9szen a h\u00e1ts\u00f3 l\u00e1mp\u00e1kig h\u00faz\u00f3dik \u2013 optikailag tov\u00e1bb ny\u00fajtja az aut\u00f3 sziluettj\u00e9t, eleg\u00e1ns \u00e9s ar\u00e1nyos megjelen\u00e9st k\u00f6lcs\u00f6n\u00f6zve neki.<\/p>\n<p>B\u00e1r a megn\u00f6velt forma n\u00e9mileg korl\u00e1tozza a bels\u0151 helyk\u00edn\u00e1latot a h\u00e1ts\u00f3 r\u00e9szben, ha valaki sz\u00e1m\u00e1ra nem a maxim\u00e1lis rakt\u00e9r az els\u0151dleges szempont, hanem a st\u00edlus \u00e9s a praktikum k\u00f6z\u00f6tti egyens\u00faly, akkor az i30 kombi kiv\u00e1l\u00f3 v\u00e1laszt\u00e1s lehet. A tet\u0151s\u00ednek alapfelszerelts\u00e9gk\u00e9nt j\u00e1rnak minden modellhez, \u00e9s kiss\u00e9 terepj\u00e1r\u00f3s, strapab\u00edr\u00f3 megjelen\u00e9st k\u00f6lcs\u00f6n\u00f6znek az am\u00fagy visszafogott k\u00fclsej\u0171 aut\u00f3nak.<\/p>\n<p>A piacon el\u00e9rhet\u0151 legnagyobb kombikn\u00e1l ugyan kisebb, de m\u00e9g \u00edgy is 415 literes csomagt\u00e9rrel rendelkezik a modell a h\u00e1ts\u00f3 \u00fcl\u00e9sek lehajt\u00e1sa n\u00e9lk\u00fcl, ami b\u0151ven elegend\u0151 a legt\u00f6bb v\u00e1s\u00e1rl\u00f3 sz\u00e1m\u00e1ra.<\/p>\n","protected":false},"excerpt":{"rendered":"<p>Zs\u0171ri pedig nem b\u00e1nt mindig keszty\u0171s k\u00e9zzel a versenyz\u0151kkel Curtis sem! Itt \u00e9letekr\u0151l \u00e9s sorsokr\u00f3l d\u00f6ntenek! Curtis amikor megk\u00e9rdezte G\u00f6mbi-t&#8230; <span class=\"gridview-grid-post-read-more\"><a href=\"https:\/\/matrend.hu\/nekedinfo\/ujabb-megasztaros-drama\/\">read more<span class=\"gridview-sr-only\"> \u00dajabb megaszt\u00e1ros dr\u00e1ma!<\/span><\/a><\/span><\/p>\n","protected":false},"author":1,"featured_media":4516,"comment_status":"open","ping_status":"open","sticky":false,"template":"","format":"standard","meta":{"footnotes":""},"categories":[1],"tags":[],"class_list":["post-4515","post","type-post","status-publish","format-standard","has-post-thumbnail","hentry","category-egyeb","wpcat-1-id"],"_links":{"self":[{"href":"https:\/\/matrend.hu\/nekedinfo\/wp-json\/wp\/v2\/posts\/4515","targetHints":{"allow":["GET"]}}],"collection":[{"href":"https:\/\/matrend.hu\/nekedinfo\/wp-json\/wp\/v2\/posts"}],"about":[{"href":"https:\/\/matrend.hu\/nekedinfo\/wp-json\/wp\/v2\/types\/post"}],"author":[{"embeddable":true,"href":"https:\/\/matrend.hu\/nekedinfo\/wp-json\/wp\/v2\/users\/1"}],"replies":[{"embeddable":true,"href":"https:\/\/matrend.hu\/nekedinfo\/wp-json\/wp\/v2\/comments?post=4515"}],"version-history":[{"count":1,"href":"https:\/\/matrend.hu\/nekedinfo\/wp-json\/wp\/v2\/posts\/4515\/revisions"}],"predecessor-version":[{"id":4517,"href":"https:\/\/matrend.hu\/nekedinfo\/wp-json\/wp\/v2\/posts\/4515\/revisions\/4517"}],"wp:featuredmedia":[{"embeddable":true,"href":"https:\/\/matrend.hu\/nekedinfo\/wp-json\/wp\/v2\/media\/4516"}],"wp:attachment":[{"href":"https:\/\/matrend.hu\/nekedinfo\/wp-json\/wp\/v2\/media?parent=4515"}],"wp:term":[{"taxonomy":"category","embeddable":true,"href":"https:\/\/matrend.hu\/nekedinfo\/wp-json\/wp\/v2\/categories?post=4515"},{"taxonomy":"post_tag","embeddable":true,"href":"https:\/\/matrend.hu\/nekedinfo\/wp-json\/wp\/v2\/tags?post=4515"}],"curies":[{"name":"wp","href":"https:\/\/api.w.org\/{rel}","templated":true}]}}