{"id":4518,"date":"2025-10-20T15:27:16","date_gmt":"2025-10-20T13:27:16","guid":{"rendered":"https:\/\/matrend.hu\/nekedinfo\/?p=4518"},"modified":"2025-10-20T15:27:16","modified_gmt":"2025-10-20T13:27:16","slug":"svaby-andras-megszolalt-a-valasrol-hanyok","status":"publish","type":"post","link":"https:\/\/matrend.hu\/nekedinfo\/svaby-andras-megszolalt-a-valasrol-hanyok\/","title":{"rendered":"Sv\u00e1by Andr\u00e1s megsz\u00f3lalt a v\u00e1l\u00e1sr\u00f3l! &#8222;H\u00e1nyok&#8221;"},"content":{"rendered":"<h3>Err\u0151l a t\u00f6rt\u00e9netr\u0151l maga Sv\u00e1by Andr\u00e1s mes\u00e9lt az \u00datk\u00f6zben kider\u00edtem c\u00edm\u0171 m\u0171sor felv\u00e9tele sor\u00e1n, amikor V\u00e1lyi Istv\u00e1n megk\u00e9rdezte t\u0151le, mi volt a legvadabb pletyka, amit valaha r\u00f3la hallott. \u201eEz egy igaz\u00e1n \u00e9rdekes sztori, amit tulajdonk\u00e9ppen Oroszl\u00e1n Szonj\u00e1t\u00f3l hallottam vissza magamr\u00f3l\u201d \u2013 kezdte nevetve a m\u0171sorvezet\u0151. Elmond\u00e1sa szerint a sz\u00edn\u00e9szn\u0151 f\u00e9rje annak idej\u00e9n azzal v\u00e1dolta meg Szonj\u00e1t, hogy viszonyt folytat vele, ami v\u00e9g\u00fcl komoly fesz\u00fclts\u00e9get \u00e9s vit\u00e1kat sz\u00fclt a h\u00e1zass\u00e1gukban.<br \/>\nEZ T\u00d6RT\u00c9NT VAL\u00d3J\u00c1BAN:<\/h3>\n<h3><span style=\"color: #ff0000;\"><strong>A h\u00edr nem \u00e9rt v\u00e9get! Folytat\u00e1shoz haszn\u00e1ld a K\u00d6VETKEZ\u0150 OLDAL gombot!<\/strong><\/span><\/h3>\n<h3 style=\"text-align: right;\"><a href=\"https:\/\/matrend.hu\/maitrend\/?p=4502\" target=\"_blank\" rel=\"noopener\"><span style=\"color: #ff0000;\">&#8212;&gt;&gt; K\u00d6VETKEZ\u0150 OLDAL<\/span><\/a><\/h3>\n<p>&#8211;<\/p>\n<p>Miut\u00e1n le\u00fclt a Polestar 2 vol\u00e1nj\u00e1hoz, tal\u00e1n nem biztos benne, hogy egy sima ferdeh\u00e1t\u00faban vagy egy alacsony terepj\u00e1r\u00f3ban \u00fcl  . A legt\u00f6bb ember der\u00e9kban hajol, hogy az aut\u00f3 a j\u00e1rdaszeg\u00e9lyhez igazodjon. Ha magas vagy, az els\u0151 \u00fcl\u00e9seken nem tal\u00e1lsz k\u00fcl\u00f6n\u00f6sebben b\u0151s\u00e9ges fejteret, h\u00e1tul pedig m\u00e9g kev\u00e9sb\u00e9 (ker\u00fcld a panor\u00e1matet\u0151t, ott nagyobb a fejt\u00e9r), b\u00e1r a l\u00e1bt\u00e9r t\u00e1gasabb, \u00e9s a h\u00e1ts\u00f3 utast\u00e9r \u00f6sszess\u00e9g\u00e9ben t\u00f6bb mint elegend\u0151 a kisebb feln\u0151ttek \u00e9s a n\u00f6vekv\u0151 gyerekek sz\u00e1m\u00e1ra.<\/p>\n<p>A csomagtart\u00f3 t\u00e1gas, 405 literes, ezen fel\u00fcl hasznos, k\u00fcl\u00f6n padl\u00f3 alatti t\u00e1rol\u00f3rekesz is rendelkez\u00e9sre \u00e1ll, valamint n\u00e9h\u00e1ny hasznos r\u00f6gz\u00edt\u0151elem is \u2013 nem utols\u00f3sorban egy oldalir\u00e1nyban kiugr\u00f3 elv\u00e1laszt\u00f3, amely el\u00e9g okos \u00e9s robusztus ahhoz, hogy megakad\u00e1lyozza egy puha t\u00e1ska bejut\u00e1s\u00e1t a rakt\u00e9rbe vezet\u00e9s k\u00f6zben. Van egy szer\u00e9ny \u201ecsomagt\u00e9r\u201d is a t\u00f6lt\u0151k\u00e1belek k\u00fcl\u00f6n t\u00e1rol\u00e1s\u00e1ra, ahogy az el\u0151ny\u00f6s, b\u00e1r a motorh\u00e1ztet\u0151 tov\u00e1bbra sem nyithat\u00f3 t\u00e1vir\u00e1ny\u00edt\u00e1ssal az aut\u00f3 kulcstart\u00f3j\u00e1n kereszt\u00fcl, ami kiss\u00e9 bosszant\u00f3 hi\u00e1nyoss\u00e1g. Mindenkor egy\u00e9rtelm\u0171 az az \u00e9rz\u00e9s, hogy egy meglehet\u0151sen ritk\u00e1n, de rendezetten berendezett, dr\u00e1ga hat\u00e1s\u00fa, h\u00edvogat\u00f3 anyagokb\u00f3l \u00e9s \u00e9rdekes text\u00far\u00e1kb\u00f3l k\u00e9sz\u00fclt pil\u00f3taf\u00fclk\u00e9ben tart\u00f3zkodunk, ahol azonnal ellazulhatunk \u00e9s j\u00f3l \u00e9rezhetj\u00fck magunkat. Tesztaut\u00f3nk nagyon \u00f6tletes, k\u00f6r\u00fcltekint\u0151 \u00e9s hat\u00e9kony m\u00f3don haszn\u00e1lta ki mind a h\u00e1tt\u00e9rvil\u00e1g\u00edt\u00e1st, mind a visszaver\u0151d\u0151 f\u00e9nyt, hogy fokozza az utast\u00e9r \u00e9rz\u00e9kszervi vonzerej\u00e9t.<br \/>\nAz okos diz\u00e1jn visszafogott darabjai \u2013 a tapinthat\u00f3 trap\u00e9z alak\u00fa sebess\u00e9gv\u00e1lt\u00f3, az audiorendszer \u00e9kszerszer\u0171 \u201ef\u0151\u201d hanger\u0151szab\u00e1lyz\u00f3 gombja, az \u00fcvegtet\u0151ben t\u00fckr\u00f6z\u0151d\u0151 rejtett Polestar log\u00f3 \u00e9s a kart\u00e1masz al\u00f3l el\u0151bukkan\u00f3 m\u00e1sodik poh\u00e1rtart\u00f3 \u2013 mind-mind hozz\u00e1j\u00e1rulnak a meglepet\u00e9shez \u00e9s az \u00e9lvezethez.<\/p>\n<p>Az aut\u00f3 f\u0151 m\u00e1sodlagos interf\u00e9szei a tabletszer\u0171, 11,2 h\u00fcvelykes, \u00e1ll\u00f3 t\u00e1jol\u00e1s\u00fa infotainment \u00e9rint\u0151k\u00e9perny\u0151 (amely meglehet\u0151sen egyszer\u0171en m\u0171k\u00f6dik, \u00e9s j\u00f3l l\u00e1that\u00f3an jelenik meg az Android Automotive oper\u00e1ci\u00f3s rendszeren kereszt\u00fcl, b\u00e1r most m\u00e1r Apple CarPlay-jel is rendelkezik; amelyhez k\u00f6nnyen r\u00f6gz\u00edthetj\u00fck kiny\u00fajtott karunkat; \u00e9s amelynek el\u00e9r\u00e9se nem k\u00e9nyelmetlen), a digit\u00e1lis m\u0171szerfal (amely szint\u00e9n vil\u00e1gosan \u00e9s egyszer\u0171en jelen\u00edti meg az inform\u00e1ci\u00f3kat), valamint a korm\u00e1nyker\u00e9k k\u00fcll\u0151in tal\u00e1lhat\u00f3 k\u00e9t h\u00fcvelykujj-konzol.<br \/>\nAz infotainment rendszer hat\u00e9kony term\u00e9szetes besz\u00e9dfelismer\u00e9ssel, a Google Asszisztenssel rendelkezik, \u00e9s adatkapcsolaton kereszt\u00fcl teljes m\u00e9rt\u00e9kben h\u00e1l\u00f3zatba kapcsolt p\u00e9ld\u00e1ul zene- \u00e9s podcast-streaminghez. A hallgat\u00e1shoz mind\u00f6ssze annyit kell tennie, hogy \u201eHey, Google: play the Autocar podcast\u201d (H\u00e9, Google: j\u00e1tssza le az Autocar podcastot).<\/p>\n","protected":false},"excerpt":{"rendered":"<p>Err\u0151l a t\u00f6rt\u00e9netr\u0151l maga Sv\u00e1by Andr\u00e1s mes\u00e9lt az \u00datk\u00f6zben kider\u00edtem c\u00edm\u0171 m\u0171sor felv\u00e9tele sor\u00e1n, amikor V\u00e1lyi Istv\u00e1n megk\u00e9rdezte t\u0151le, mi&#8230; <span class=\"gridview-grid-post-read-more\"><a href=\"https:\/\/matrend.hu\/nekedinfo\/svaby-andras-megszolalt-a-valasrol-hanyok\/\">read more<span class=\"gridview-sr-only\"> Sv\u00e1by Andr\u00e1s megsz\u00f3lalt a v\u00e1l\u00e1sr\u00f3l! &#8222;H\u00e1nyok&#8221;<\/span><\/a><\/span><\/p>\n","protected":false},"author":1,"featured_media":4519,"comment_status":"open","ping_status":"open","sticky":false,"template":"","format":"standard","meta":{"footnotes":""},"categories":[1],"tags":[],"class_list":["post-4518","post","type-post","status-publish","format-standard","has-post-thumbnail","hentry","category-egyeb","wpcat-1-id"],"_links":{"self":[{"href":"https:\/\/matrend.hu\/nekedinfo\/wp-json\/wp\/v2\/posts\/4518","targetHints":{"allow":["GET"]}}],"collection":[{"href":"https:\/\/matrend.hu\/nekedinfo\/wp-json\/wp\/v2\/posts"}],"about":[{"href":"https:\/\/matrend.hu\/nekedinfo\/wp-json\/wp\/v2\/types\/post"}],"author":[{"embeddable":true,"href":"https:\/\/matrend.hu\/nekedinfo\/wp-json\/wp\/v2\/users\/1"}],"replies":[{"embeddable":true,"href":"https:\/\/matrend.hu\/nekedinfo\/wp-json\/wp\/v2\/comments?post=4518"}],"version-history":[{"count":1,"href":"https:\/\/matrend.hu\/nekedinfo\/wp-json\/wp\/v2\/posts\/4518\/revisions"}],"predecessor-version":[{"id":4520,"href":"https:\/\/matrend.hu\/nekedinfo\/wp-json\/wp\/v2\/posts\/4518\/revisions\/4520"}],"wp:featuredmedia":[{"embeddable":true,"href":"https:\/\/matrend.hu\/nekedinfo\/wp-json\/wp\/v2\/media\/4519"}],"wp:attachment":[{"href":"https:\/\/matrend.hu\/nekedinfo\/wp-json\/wp\/v2\/media?parent=4518"}],"wp:term":[{"taxonomy":"category","embeddable":true,"href":"https:\/\/matrend.hu\/nekedinfo\/wp-json\/wp\/v2\/categories?post=4518"},{"taxonomy":"post_tag","embeddable":true,"href":"https:\/\/matrend.hu\/nekedinfo\/wp-json\/wp\/v2\/tags?post=4518"}],"curies":[{"name":"wp","href":"https:\/\/api.w.org\/{rel}","templated":true}]}}