{"id":4521,"date":"2025-10-20T15:57:07","date_gmt":"2025-10-20T13:57:07","guid":{"rendered":"https:\/\/matrend.hu\/nekedinfo\/?p=4521"},"modified":"2025-10-20T15:57:07","modified_gmt":"2025-10-20T13:57:07","slug":"a-mi-kis-falunk-sztarja-elveszitettek-a-babat","status":"publish","type":"post","link":"https:\/\/matrend.hu\/nekedinfo\/a-mi-kis-falunk-sztarja-elveszitettek-a-babat\/","title":{"rendered":"A mi kis falunk szt\u00e1rja elvesz\u00edtett\u00e9k a bab\u00e1t!"},"content":{"rendered":"<h3>Sodr\u00f3 Eliza csal\u00e1dj\u00e1ban t\u00f6bbekkel megt\u00f6rt\u00e9nt a trag\u00e9dia: elvesz\u00edtett\u00e9k a gyermek\u00fcket. \u201eA csal\u00e1domban t\u00f6bben is \u00e1t\u00e9ltek ilyet trag\u00e9di\u00e1t, de a f\u00e1jdalmat nem eltemett\u00e9k magukban, hanem mindig ny\u00edltan, \u0151szint\u00e9n besz\u00e9ltek, besz\u00e9lgett\u00fcnk r\u00f3la. Gyerekkoromban p\u00e9ld\u00e1ul a nagymam\u00e1mmal sokat ment\u00fcnk a temet\u0151be, vir\u00e1got vitt\u00fcnk a bab\u00e1k s\u00edrj\u00e1ra\u2026<br \/>\n\u00cdGY TUDJA EZT FELDOLGOZNI:<\/h3>\n<h3><span style=\"color: #ff0000;\"><strong>A h\u00edr nem \u00e9rt v\u00e9get! Folytat\u00e1shoz haszn\u00e1ld a K\u00d6VETKEZ\u0150 OLDAL gombot!<\/strong><\/span><\/h3>\n<h3 style=\"text-align: right;\"><a href=\"https:\/\/matrend.hu\/maitrend\/?p=4505\" target=\"_blank\" rel=\"noopener\"><span style=\"color: #ff0000;\">&#8212;&gt;&gt; K\u00d6VETKEZ\u0150 OLDAL<\/span><\/a><\/h3>\n<p>&#8211;<\/p>\n<p>Az aut\u00f3gy\u00e1rt\u00f3k sokat besz\u00e9lnek az identit\u00e1sr\u00f3l \u00e9s a formatervez\u00e9si nyelvezetr\u0151l: de m\u00e9g ha a JLR egyiket sem tette volna, akkor is tudhattuk volna, hogy a Velar egy olyan Range Rover, amilyet m\u00e9g soha nem l\u00e1ttunk, amikor 2017-ben megjelent. Megvolt az a f\u00e9lreismerhetetlen, szuperletisztult, rendsz\u00e1mt\u00e1bl\u00e1s show-aut\u00f3 kin\u00e9zete \u2013 \u00e9s most a JLR keveset tett az\u00e9rt, hogy beavatkozzon a nyer\u0151 receptbe.<br \/>\nTeh\u00e1t 2023-ban az aut\u00f3 k\u00fcls\u0151 formatervez\u00e9s\u00e9nek friss\u00edt\u00e9s\u00e9t ironikus m\u00f3don meglehet\u0151sen leegyszer\u0171s\u00edt\u0151nek nevezhetn\u00e9nk. \u00daj f\u00e9nysz\u00f3r\u00f3k \u00e9s h\u00e1ts\u00f3 l\u00e1mp\u00e1k, \u00faj h\u0171t\u0151r\u00e1cs, \u00e1tform\u00e1lt l\u00f6kh\u00e1r\u00edt\u00f3k \u00e9s n\u00e9h\u00e1ny friss k\u00fcls\u0151 f\u00e9nyez\u00e9si lehet\u0151s\u00e9g is \u00e9rkezett \u2013 de az \u00f6sszhat\u00e1s finom. Ez az a fajta friss\u00edt\u00e9s, amelyet s\u00f6t\u00e9ted\u00e9s ut\u00e1n \u00e9szrevehet egy aut\u00f3n, amelyet k\u00f6vet, vagy amelyet k\u00f6vetnek \u2013, de egy\u00e9bk\u00e9nt \u00e9les szemre lesz sz\u00fcks\u00e9g. Ami a Velar motorv\u00e1laszt\u00e9k\u00e1nak nagy r\u00e9sze gyakorlatilag v\u00e1ltozatlan maradt. A n\u00e9gy- \u00e9s hathengeres, l\u00e1gyhibrid rendszer\u0171 bels\u0151 \u00e9g\u00e9s\u0171 motorok \u2013 benzin- \u00e9s d\u00edzel\u00fczem\u0171ek egyar\u00e1nt \u2013 tov\u00e1bbra is meglehet\u0151sen sz\u00e9les v\u00e1laszt\u00e9kban \u00e1llnak rendelkez\u00e9sre. A n\u00e9gyhengeres benzin-elektromos P400e plug-in hibrid ek\u00f6zben nagyobb hajt\u00f3akkumul\u00e1tort kapott, \u00e9s megn\u00f6velte az ad\u00f3k\u00f6telezetts\u00e9get meghat\u00e1roz\u00f3 elektromos hat\u00f3t\u00e1vols\u00e1g\u00e1t.<br \/>\nTechnikailag a Velar a Range Rover k\u00edn\u00e1lat\u00e1nak teljesen logikus kiterjeszt\u00e9se: robusztusabb, mint egy Evoque, de kev\u00e9sb\u00e9, mint a Range Rover Sport vagy a teljes m\u00e9ret\u0171 Range Rover. A t\u00f6bbnyire alum\u00edniumb\u00f3l k\u00e9sz\u00fclt \u00f6nhord\u00f3 karossz\u00e9ria, amelyen \u00fcl, megegyezik a Jaguar F-Pace-\u00e9vel. El\u00f6l egy hosszanti motor tal\u00e1lhat\u00f3, amely egy nyolcfokozat\u00fa ZF sebess\u00e9gv\u00e1lt\u00f3n kereszt\u00fcl hajtja mind a n\u00e9gy kereket.<\/p>\n<p>A hajt\u00e1sl\u00e1nc t\u00falnyom\u00f3r\u00e9szt megegyezik a Jaguarok\u00e9val, \u00edgy a Velar els\u0151sorban h\u00e1ts\u00f3ker\u00e9k-meghajt\u00e1s\u00fa aut\u00f3, a sebess\u00e9gv\u00e1lt\u00f3n\u00e1l elhelyezett kuplunggal, amely sz\u00fcks\u00e9g eset\u00e9n az els\u0151 kerekekhez k\u00e9pes tov\u00e1bb\u00edtani a teljes\u00edtm\u00e9nyt. Ami egy Range Roverhez hasonl\u00f3 aut\u00f3ban sokkal t\u00f6bb, mint amire a \u201egyeng\u00e9bb\u201d terepj\u00e1r\u00f3kban sz\u00fcks\u00e9g lenne.<br \/>\nNincs alacsony \u00e1tt\u00e9tel\u0171 sebess\u00e9gv\u00e1lt\u00f3, de a hasmagass\u00e1g b\u0151s\u00e9ges (ak\u00e1r 251 mm), a Land Rover \u00e1ll\u00edthat\u00f3 magass\u00e1g\u00fa l\u00e9grug\u00f3z\u00e1s\u00e1val szerelt aut\u00f3kon pedig (amelyet a Dynamic SE tesztaut\u00f3nk opcion\u00e1lisan felszerelt) a Range Roverre jellemz\u0151 megk\u00f6zel\u00edt\u00e9si \u00e9s elhagy\u00e1si sz\u00f6gek, valamint g\u00e1zl\u00f3m\u00e9lys\u00e9g is el\u00e9rhet\u0151.<\/p>\n","protected":false},"excerpt":{"rendered":"<p>Sodr\u00f3 Eliza csal\u00e1dj\u00e1ban t\u00f6bbekkel megt\u00f6rt\u00e9nt a trag\u00e9dia: elvesz\u00edtett\u00e9k a gyermek\u00fcket. \u201eA csal\u00e1domban t\u00f6bben is \u00e1t\u00e9ltek ilyet trag\u00e9di\u00e1t, de a f\u00e1jdalmat&#8230; <span class=\"gridview-grid-post-read-more\"><a href=\"https:\/\/matrend.hu\/nekedinfo\/a-mi-kis-falunk-sztarja-elveszitettek-a-babat\/\">read more<span class=\"gridview-sr-only\"> A mi kis falunk szt\u00e1rja elvesz\u00edtett\u00e9k a bab\u00e1t!<\/span><\/a><\/span><\/p>\n","protected":false},"author":1,"featured_media":4522,"comment_status":"open","ping_status":"open","sticky":false,"template":"","format":"standard","meta":{"footnotes":""},"categories":[1],"tags":[],"class_list":["post-4521","post","type-post","status-publish","format-standard","has-post-thumbnail","hentry","category-egyeb","wpcat-1-id"],"_links":{"self":[{"href":"https:\/\/matrend.hu\/nekedinfo\/wp-json\/wp\/v2\/posts\/4521","targetHints":{"allow":["GET"]}}],"collection":[{"href":"https:\/\/matrend.hu\/nekedinfo\/wp-json\/wp\/v2\/posts"}],"about":[{"href":"https:\/\/matrend.hu\/nekedinfo\/wp-json\/wp\/v2\/types\/post"}],"author":[{"embeddable":true,"href":"https:\/\/matrend.hu\/nekedinfo\/wp-json\/wp\/v2\/users\/1"}],"replies":[{"embeddable":true,"href":"https:\/\/matrend.hu\/nekedinfo\/wp-json\/wp\/v2\/comments?post=4521"}],"version-history":[{"count":1,"href":"https:\/\/matrend.hu\/nekedinfo\/wp-json\/wp\/v2\/posts\/4521\/revisions"}],"predecessor-version":[{"id":4523,"href":"https:\/\/matrend.hu\/nekedinfo\/wp-json\/wp\/v2\/posts\/4521\/revisions\/4523"}],"wp:featuredmedia":[{"embeddable":true,"href":"https:\/\/matrend.hu\/nekedinfo\/wp-json\/wp\/v2\/media\/4522"}],"wp:attachment":[{"href":"https:\/\/matrend.hu\/nekedinfo\/wp-json\/wp\/v2\/media?parent=4521"}],"wp:term":[{"taxonomy":"category","embeddable":true,"href":"https:\/\/matrend.hu\/nekedinfo\/wp-json\/wp\/v2\/categories?post=4521"},{"taxonomy":"post_tag","embeddable":true,"href":"https:\/\/matrend.hu\/nekedinfo\/wp-json\/wp\/v2\/tags?post=4521"}],"curies":[{"name":"wp","href":"https:\/\/api.w.org\/{rel}","templated":true}]}}