{"id":4524,"date":"2025-10-20T16:17:36","date_gmt":"2025-10-20T14:17:36","guid":{"rendered":"https:\/\/matrend.hu\/nekedinfo\/?p=4524"},"modified":"2025-10-20T16:17:36","modified_gmt":"2025-10-20T14:17:36","slug":"kirugtak-a-hazassag-elso-latasra-sztarjat","status":"publish","type":"post","link":"https:\/\/matrend.hu\/nekedinfo\/kirugtak-a-hazassag-elso-latasra-sztarjat\/","title":{"rendered":"Kir\u00fagt\u00e1k a H\u00e1zass\u00e1g els\u0151 l\u00e1t\u00e1sra szt\u00e1rj\u00e1t!"},"content":{"rendered":"<h3>A v\u0151leg\u00e9ny oldal\u00e1r\u00f3l mind\u00f6ssze egyetlen vend\u00e9g \u00fclt a n\u00e1szn\u00e9p soraiban: Peti legjobb n\u0151i bar\u00e1tja. \u0150 volt az egyetlen, aki elk\u00eds\u00e9rte \u0151t erre a k\u00fcl\u00f6nleges, m\u00e9gis fesz\u00fclt napra. Csal\u00e1dja ugyanis nem \u00e1llt mellette ebben a d\u00f6nt\u00e9s\u00e9ben \u2013 nem t\u00e1mogatt\u00e1k, hogy egy vadidegennel h\u00e1zasodjon \u00f6ssze egy t\u00e9v\u00e9m\u0171sor kedv\u00e9\u00e9rt. Peti elmond\u00e1sa szerint a rokons\u00e1g annyira elhat\u00e1rol\u00f3dott t\u0151le, hogy gyakorlatilag \u201ekir\u00fagt\u00e1k\u201d a csal\u00e1db\u00f3l, \u00e9s \u00e9ppen ez\u00e9rt senki nem jelent meg a cerem\u00f3ni\u00e1n, sem pedig a lakodalmon.<br \/>\nTOV\u00c1BB SZEREPEL PETI A M\u0170SORBAN? MUTATJUK!<\/h3>\n<h3><span style=\"color: #ff0000;\"><strong>A h\u00edr nem \u00e9rt v\u00e9get! Folytat\u00e1shoz haszn\u00e1ld a K\u00d6VETKEZ\u0150 OLDAL gombot!<\/strong><\/span><\/h3>\n<h3 style=\"text-align: right;\"><a href=\"https:\/\/matrend.hu\/maitrend\/?p=4508\" target=\"_blank\" rel=\"noopener\"><span style=\"color: #ff0000;\">&#8212;&gt;&gt; K\u00d6VETKEZ\u0150 OLDAL<\/span><\/a><\/h3>\n<p>&#8211;<\/p>\n<p>A motor eg\u00e9szs\u00e9ges, k\u00f6z\u00e9ps\u0151 tartom\u00e1nyban leadott nyomat\u00e9ka lehet\u0151v\u00e9 teszi, hogy k\u00f6nnyed\u00e9n h\u00fazzon magasabb fokozatokat, \u00e9s reag\u00e1ljon a nagyobb g\u00e1zad\u00e1si ig\u00e9nyekre an\u00e9lk\u00fcl, hogy a sebess\u00e9gv\u00e1lt\u00f3 ugr\u00e1lna az \u00e1tt\u00e9telek k\u00f6z\u00f6tt. Hossz\u00fa utaz\u00e1sok sor\u00e1n, ha feljebb kapcsol, b\u00e1r a finomhangol\u00e1s megfelel\u0151, nem igaz\u00e1n \u00e9lvezhetj\u00fck a kiv\u00e1l\u00f3 \u00fczemanyag-fogyaszt\u00e1st (l\u00e1sd a \u201eV\u00e1s\u00e1rl\u00e1s \u00e9s birtokl\u00e1s\u201d r\u00e9szt), de \u00edgy is k\u00f6nnyen \u00e9lvezhet\u0151 a nyugodt t\u00far\u00e1z\u00e1s.<\/p>\n<p>Amikor valami kev\u00e9sb\u00e9 laza hangulatra v\u00e1gyunk, a motornak megfelel\u0151 a fordulatsz\u00e1m-\u00e9rz\u00e9kenys\u00e9ge, j\u00f3 a reag\u00e1l\u00f3k\u00e9pess\u00e9ge, \u00e9s a Stelvio el\u00e9g f\u00fcrge ahhoz, hogy gyors\u00edtson, b\u00e1r szubjekt\u00edven egyik tesztel\u0151nk sem tal\u00e1lta annyira vonz\u00f3nak, mint az Alfa h\u00edres V6-osainak egyik\u00e9t, amit a hagyom\u00e1ny\u0151rz\u0151k tal\u00e1n hi\u00e1nyolnak.<\/p>\n<p>Az Alfa elektromechanikusan r\u00e1seg\u00edtett integr\u00e1lt f\u00e9kr\u00e1seg\u00edt\u0151je \u00e1ltal biztos\u00edtott f\u00e9kped\u00e1l t\u00f6bbnyire intuit\u00edv, b\u00e1r a szoftver \u00fagy t\u0171nik, megtanulja \u00e9s el\u0151rejelzi a jellemz\u0151en haszn\u00e1lt ped\u00e1lnyom\u00e1st, \u00e9s alkalmazkodik hozz\u00e1. Amikor megv\u00e1ltoztatja a beviteli st\u00edlus\u00e1t, b\u00e1rmi is legyen az ok, az kiss\u00e9 hirtelennek t\u0171nhet. A ped\u00e1l k\u00f6nny\u0171 s\u00faly\u00fa, de a p\u00e1lyatesztjeink sor\u00e1n b\u0151s\u00e9ges volt a f\u00e9kez\u0151ereje. De b\u00e1r j\u00f3 oldalir\u00e1ny\u00fa karossz\u00e9ria-kontrollt \u00e9s \u00e1lland\u00f3 kanyarod\u00e1si stabilit\u00e1st biztos\u00edt kanyarv\u00e9telkor, az aut\u00f3 korl\u00e1tozott kezelhet\u0151s\u00e9ge a tapad\u00e1s sz\u00e9l\u00e9n j\u00f3indulat\u00fa alulkorm\u00e1nyzotts\u00e1gba csap \u00e1t \u2013 \u00e9s tal\u00e1n nem is olyan j\u00e1t\u00e9kosan kiegyens\u00falyozottnak \u00e9s h\u00e1ts\u00f3ker\u00e9k-hajt\u00e1s\u00fanak \u00e9rz\u0151dik er\u0151ltetett vezet\u00e9s k\u00f6zben, mint ahogy a prom\u00f3ci\u00f3s anyagok elhitetik. <\/p>\n<p>A Stelvio stabil kezelhet\u0151s\u00e9gi egyens\u00falya j\u00f3, mik\u00f6zben m\u00e9rs\u00e9kelt tapad\u00e1si szintet biztos\u00edt, de a folyamatosan bekapcsolt elektronikus menetstabiliz\u00e1l\u00f3 rendszer \u00e9s az el\u00f6l mindig hajlamos els\u0151k\u00e9nt elengedni a karossz\u00e9ri\u00e1t, korl\u00e1tozza a vezet\u00e9si \u00e9lm\u00e9ny f\u00e9ny\u0171z\u00e9s\u00e9t. Egy SUV-hoz k\u00e9pest m\u00e9rs\u00e9kelt mennyis\u00e9g\u0171 vezet\u00e9si \u00e9lm\u00e9nyt ny\u00fajt, de tapasztalataink szerint egy h\u00e1ts\u00f3ker\u00e9k-hajt\u00e1s\u00fa Giulia ism\u00e9t j\u00f3 adaggal t\u00f6bbet ny\u00fajt.<\/p>\n<p>A Stelvio korm\u00e1nyz\u00e1sa gyors, k\u00f6nnyed, r\u00e1seg\u00edt\u00e9ses \u00e9rzetet kelt, amit az Alfa Romeo az ut\u00f3bbi \u00e9vekben mag\u00e1\u00e9v\u00e1 tett, ami kiss\u00e9 megszokott\u00e1 v\u00e1lt. Dinamikus vezet\u00e9si m\u00f3dban kiss\u00e9 nehezebb\u00e9 v\u00e1lik. De b\u00e1r a riv\u00e1lis pr\u00e9mium SUV-ok l\u00e9grug\u00f3kkal, adapt\u00edv leng\u00e9scsillap\u00edt\u00f3kkal \u00e9s akt\u00edv n\u00e9gyker\u00e9k-korm\u00e1nyz\u00e1ssal val\u00f3 konfigur\u00e1lhat\u00f3s\u00e1g\u00e1t itt nem igaz\u00e1n k\u00f6zel\u00edtik meg, nem mondan\u00e1m, hogy ett\u0151l a Stelvio kev\u00e9sb\u00e9 \u00e9lvezetes lenne teljes g\u0151zzel vezetni.<\/p>\n","protected":false},"excerpt":{"rendered":"<p>A v\u0151leg\u00e9ny oldal\u00e1r\u00f3l mind\u00f6ssze egyetlen vend\u00e9g \u00fclt a n\u00e1szn\u00e9p soraiban: Peti legjobb n\u0151i bar\u00e1tja. \u0150 volt az egyetlen, aki elk\u00eds\u00e9rte&#8230; <span class=\"gridview-grid-post-read-more\"><a href=\"https:\/\/matrend.hu\/nekedinfo\/kirugtak-a-hazassag-elso-latasra-sztarjat\/\">read more<span class=\"gridview-sr-only\"> Kir\u00fagt\u00e1k a H\u00e1zass\u00e1g els\u0151 l\u00e1t\u00e1sra szt\u00e1rj\u00e1t!<\/span><\/a><\/span><\/p>\n","protected":false},"author":1,"featured_media":4525,"comment_status":"open","ping_status":"open","sticky":false,"template":"","format":"standard","meta":{"footnotes":""},"categories":[1],"tags":[],"class_list":["post-4524","post","type-post","status-publish","format-standard","has-post-thumbnail","hentry","category-egyeb","wpcat-1-id"],"_links":{"self":[{"href":"https:\/\/matrend.hu\/nekedinfo\/wp-json\/wp\/v2\/posts\/4524","targetHints":{"allow":["GET"]}}],"collection":[{"href":"https:\/\/matrend.hu\/nekedinfo\/wp-json\/wp\/v2\/posts"}],"about":[{"href":"https:\/\/matrend.hu\/nekedinfo\/wp-json\/wp\/v2\/types\/post"}],"author":[{"embeddable":true,"href":"https:\/\/matrend.hu\/nekedinfo\/wp-json\/wp\/v2\/users\/1"}],"replies":[{"embeddable":true,"href":"https:\/\/matrend.hu\/nekedinfo\/wp-json\/wp\/v2\/comments?post=4524"}],"version-history":[{"count":1,"href":"https:\/\/matrend.hu\/nekedinfo\/wp-json\/wp\/v2\/posts\/4524\/revisions"}],"predecessor-version":[{"id":4526,"href":"https:\/\/matrend.hu\/nekedinfo\/wp-json\/wp\/v2\/posts\/4524\/revisions\/4526"}],"wp:featuredmedia":[{"embeddable":true,"href":"https:\/\/matrend.hu\/nekedinfo\/wp-json\/wp\/v2\/media\/4525"}],"wp:attachment":[{"href":"https:\/\/matrend.hu\/nekedinfo\/wp-json\/wp\/v2\/media?parent=4524"}],"wp:term":[{"taxonomy":"category","embeddable":true,"href":"https:\/\/matrend.hu\/nekedinfo\/wp-json\/wp\/v2\/categories?post=4524"},{"taxonomy":"post_tag","embeddable":true,"href":"https:\/\/matrend.hu\/nekedinfo\/wp-json\/wp\/v2\/tags?post=4524"}],"curies":[{"name":"wp","href":"https:\/\/api.w.org\/{rel}","templated":true}]}}