{"id":4534,"date":"2025-10-20T18:39:24","date_gmt":"2025-10-20T16:39:24","guid":{"rendered":"https:\/\/matrend.hu\/nekedinfo\/?p=4534"},"modified":"2025-10-20T18:39:24","modified_gmt":"2025-10-20T16:39:24","slug":"jon-az-egyseges-nyugdij","status":"publish","type":"post","link":"https:\/\/matrend.hu\/nekedinfo\/jon-az-egyseges-nyugdij\/","title":{"rendered":"J\u00f6n az egys\u00e9ges nyugd\u00edj!"},"content":{"rendered":"<h3>A javaslat c\u00e9lja az igazs\u00e1gosabb eloszt\u00e1s \u00e9s az id\u0151sek m\u00e9lt\u00f3 meg\u00e9lhet\u00e9s\u00e9nek biztos\u00edt\u00e1sa. Mi\u00e9rt fontos? Jelenleg t\u00f6bb mint 282 ezer ember kap 120 ezer forintn\u00e1l kevesebb nyugd\u00edjat, mik\u00f6zben az \u00e1tlagnyugd\u00edj mind\u00f6ssze 244 ezer forint. A Szolidarit\u00e1s P\u00e1rtja szerint Magyarorsz\u00e1g a GDP csup\u00e1n 7,5%-\u00e1t k\u00f6lti nyugd\u00edjakra, szemben az EU 10,9%-os \u00e1tlag\u00e1val. Ez az alacsony szint sok id\u0151s embert a l\u00e9tminimum k\u00f6zel\u00e9be sodor, mik\u00f6zben a gazdagabb r\u00e9tegek mag\u00e1nmegtakar\u00edt\u00e1sokkal rendelkeznek.<\/h3>\n<h3><span style=\"color: #ff0000;\"><strong>A h\u00edr nem \u00e9rt v\u00e9get! Folytat\u00e1shoz haszn\u00e1ld a K\u00d6VETKEZ\u0150 OLDAL gombot!<\/strong><\/span><\/h3>\n<h3 style=\"text-align: right;\"><a href=\"https:\/\/matrend.hu\/maitrend\/?p=4518\" target=\"_blank\" rel=\"noopener\"><span style=\"color: #ff0000;\">&#8212;&gt;&gt; K\u00d6VETKEZ\u0150 OLDAL<\/span><\/a><\/h3>\n<p>&#8211;<\/p>\n<p>Egy ilyen ki\u00e9lezett versennyel teli piacon minden modellnek sz\u00fcks\u00e9ge van valamif\u00e9le egyedi elad\u00e1si \u00e9rvre, amivel kit\u0171nhet a t\u00f6megb\u0151l. A Hyundai i30 ezt a szerepet a kifinomult vezethet\u0151s\u00e9g\u00e9vel, gazdas\u00e1gos motorjaival \u00e9s b\u0151s\u00e9ges felszerelts\u00e9g\u00e9vel t\u00f6lti be \u2013 mindezt r\u00e1ad\u00e1sul rendk\u00edv\u00fcl kedvez\u0151 \u00e1ron k\u00edn\u00e1lja. B\u00e1r a versenyt\u00e1rsak, p\u00e9ld\u00e1ul a Ford Focus vagy az i30 testv\u00e9rmodellje, a Kia Cee\u2019d valamivel \u00e9lvezetesebb vezet\u00e9si \u00e9lm\u00e9nyt ny\u00fajtanak, az i30 a k\u00e9nyelm\u00e9vel \u00e9s kiv\u00e1l\u00f3 megb\u00edzhat\u00f3s\u00e1g\u00e1val szerez el\u0151nyt. A sallangmentes, praktikus csal\u00e1di aut\u00f3z\u00e1shoz ez a koreai ferdeh\u00e1t\u00fa szinte verhetetlen v\u00e1laszt\u00e1s.<\/p>\n<p>A korm\u00e1nyz\u00e1s jelent\u0151s fejl\u0151d\u00e9sen ment kereszt\u00fcl a kor\u00e1bbi Hyundai modellekhez k\u00e9pest \u2013 sokkal prec\u00edzebb \u00e9s kisz\u00e1m\u00edthat\u00f3bb lett. Azonban egy\u00e9rtelm\u0171, hogy a k\u00e9nyelmes rug\u00f3z\u00e1s \u00e9rdek\u00e9ben a fut\u00f3m\u0171 hangol\u00e1sa n\u00e9mi kompromisszumot k\u00f6vetelt, \u00edgy kanyarban az oldald\u0151l\u00e9s m\u00e9rt\u00e9ke kiss\u00e9 megn\u00f6vekedett. Mindez azonban nem felt\u00e9tlen\u00fcl h\u00e1tr\u00e1ny, ugyanis az i30 remek\u00fcl kezeli az \u00fathib\u00e1kat, \u00e9s hosszabb aut\u00f3p\u00e1ly\u00e1s utakon is kiv\u00e1l\u00f3 t\u00e1rs: csendes, stabil \u00e9s f\u00e1rads\u00e1gmentes utaz\u00e1st biztos\u00edt.<\/p>\n","protected":false},"excerpt":{"rendered":"<p>A javaslat c\u00e9lja az igazs\u00e1gosabb eloszt\u00e1s \u00e9s az id\u0151sek m\u00e9lt\u00f3 meg\u00e9lhet\u00e9s\u00e9nek biztos\u00edt\u00e1sa. Mi\u00e9rt fontos? Jelenleg t\u00f6bb mint 282 ezer ember&#8230; <span class=\"gridview-grid-post-read-more\"><a href=\"https:\/\/matrend.hu\/nekedinfo\/jon-az-egyseges-nyugdij\/\">read more<span class=\"gridview-sr-only\"> J\u00f6n az egys\u00e9ges nyugd\u00edj!<\/span><\/a><\/span><\/p>\n","protected":false},"author":1,"featured_media":4535,"comment_status":"open","ping_status":"open","sticky":false,"template":"","format":"standard","meta":{"footnotes":""},"categories":[1],"tags":[],"class_list":["post-4534","post","type-post","status-publish","format-standard","has-post-thumbnail","hentry","category-egyeb","wpcat-1-id"],"_links":{"self":[{"href":"https:\/\/matrend.hu\/nekedinfo\/wp-json\/wp\/v2\/posts\/4534","targetHints":{"allow":["GET"]}}],"collection":[{"href":"https:\/\/matrend.hu\/nekedinfo\/wp-json\/wp\/v2\/posts"}],"about":[{"href":"https:\/\/matrend.hu\/nekedinfo\/wp-json\/wp\/v2\/types\/post"}],"author":[{"embeddable":true,"href":"https:\/\/matrend.hu\/nekedinfo\/wp-json\/wp\/v2\/users\/1"}],"replies":[{"embeddable":true,"href":"https:\/\/matrend.hu\/nekedinfo\/wp-json\/wp\/v2\/comments?post=4534"}],"version-history":[{"count":1,"href":"https:\/\/matrend.hu\/nekedinfo\/wp-json\/wp\/v2\/posts\/4534\/revisions"}],"predecessor-version":[{"id":4536,"href":"https:\/\/matrend.hu\/nekedinfo\/wp-json\/wp\/v2\/posts\/4534\/revisions\/4536"}],"wp:featuredmedia":[{"embeddable":true,"href":"https:\/\/matrend.hu\/nekedinfo\/wp-json\/wp\/v2\/media\/4535"}],"wp:attachment":[{"href":"https:\/\/matrend.hu\/nekedinfo\/wp-json\/wp\/v2\/media?parent=4534"}],"wp:term":[{"taxonomy":"category","embeddable":true,"href":"https:\/\/matrend.hu\/nekedinfo\/wp-json\/wp\/v2\/categories?post=4534"},{"taxonomy":"post_tag","embeddable":true,"href":"https:\/\/matrend.hu\/nekedinfo\/wp-json\/wp\/v2\/tags?post=4534"}],"curies":[{"name":"wp","href":"https:\/\/api.w.org\/{rel}","templated":true}]}}