{"id":4537,"date":"2025-10-21T09:16:35","date_gmt":"2025-10-21T07:16:35","guid":{"rendered":"https:\/\/matrend.hu\/nekedinfo\/?p=4537"},"modified":"2025-10-21T09:16:35","modified_gmt":"2025-10-21T07:16:35","slug":"osszejott-milo-viki-es-sanya","status":"publish","type":"post","link":"https:\/\/matrend.hu\/nekedinfo\/osszejott-milo-viki-es-sanya\/","title":{"rendered":"\u00d6sszej\u00f6tt Mil\u00f3 Viki \u00e9s Sanya"},"content":{"rendered":"<h3>A TV2 tudom\u00e1nyos p\u00e1rkeres\u0151 realityje m\u00e9g csak n\u00e9h\u00e1ny hete fut, de m\u00e1r most t\u00f6bb fordulatot, k\u00f6nnyet \u00e9s botr\u00e1nyt hozott, mint sok \u00e9vadnyi sorozat egy\u00fcttv\u00e9ve. Mik\u00f6zben vannak p\u00e1rosok, akik az els\u0151 pillanatt\u00f3l egym\u00e1sra hangol\u00f3dtak, m\u00e1sok m\u00e1r az olt\u00e1rn\u00e1l \u00e9rezt\u00e9k, hogy rossz ir\u00e1nyba indult a t\u00f6rt\u00e9net\u00fck. A 60 \u00e9ves szem\u00e9lyi edz\u0151, Varga Sanya \u00e9s feles\u00e9ge, F\u0171zfa Rita p\u00e9ld\u00e1ul m\u00e1r az esk\u00fcv\u0151 napj\u00e1n \u00e9rezt\u00e9k, hogy nem egym\u00e1st v\u00e1rt\u00e1k. Sanya nem is titkolta, hogy fiatalabb ar\/ra v\u00e1gyott, \u00e9s ezt az\u00f3ta is rendre a feles\u00e9ge orra al\u00e1 d\u00f6rg\u00f6li, ami miatt nemcsak Rit\u00e1t, hanem a m\u0171sor t\u00f6bbi szerepl\u0151j\u00e9t is siker\u00fclt maga ellen ford\u00edtania.<\/h3>\n<h3><span style=\"color: #ff0000;\"><strong>A h\u00edr nem \u00e9rt v\u00e9get! Folytat\u00e1shoz haszn\u00e1ld a K\u00d6VETKEZ\u0150 OLDAL gombot!<\/strong><\/span><\/h3>\n<h3 style=\"text-align: right;\"><a href=\"https:\/\/matrend.hu\/maitrend\/?p=4521\" target=\"_blank\" rel=\"noopener\"><span style=\"color: #ff0000;\">&#8212;&gt;&gt; K\u00d6VETKEZ\u0150 OLDAL<\/span><\/a><\/h3>\n<p>&#8211;<\/p>\n<p>A kor\u00e1bbi Discovery Sport m\u00e1r az \u201eagr\u00e1r\u201d alapjaira \u00e9p\u00fclve is meglep\u0151en j\u00f3l kezelhet\u0151 volt, a friss\u00edtett, \u00faj platformra \u00e9p\u00fcl\u0151 v\u00e1ltozat pedig m\u00e9g enn\u00e9l is jobb lett.<\/p>\n<p>M\u00e9gsem volt ez az aut\u00f3 olyan, mint sok \u00fajhull\u00e1mos szabadid\u0151-terepj\u00e1r\u00f3, amelyek mesters\u00e9gesen \u00e9les korm\u00e1nyreakci\u00f3kat \u00e9s minim\u00e1lis oldald\u0151l\u00e9st k\u00edn\u00e1lnak. A Discovery Sport sokkal laz\u00e1bb, tipikusan Land Rover-es hangulatot \u00e1rasztott \u2013 felismerhet\u0151 \u00e9s \u00e9lvezetes m\u00f3don.<\/p>\n<p>Minden a k\u00e9nyelmes \u00e1tt\u00e9telez\u00e9s\u0171 korm\u00e1nnyal kezd\u0151d\u00f6tt, amely biztos\u00edtotta, hogy sosem sorolj\u00e1k a legf\u00fcrg\u00e9bb modellek k\u00f6z\u00e9. Cser\u00e9be azonban nyugodt, megfontolt viselked\u00e9st, \u00e9s \u2013 ha lehet \u00edgy fogalmazni \u2013 valamif\u00e9le \u201earculati eleganci\u00e1t\u201d vitt az \u00e9lm\u00e9nybe.<\/p>\n<p>Ahogy a Jaguar Land Rover m\u00e1s modelljein\u00e9l is, itt is megvolt az a saj\u00e1tos \u201erugalmass\u00e1g\u201d a mozg\u00e1sban, ami kiv\u00e1l\u00f3 line\u00e1ris ir\u00e1ny\u00edthat\u00f3s\u00e1ggal t\u00e1rsult. Ez a korm\u00e1nyz\u00e1s t\u00f6k\u00e9letesen illett a neh\u00e9z, magas \u00e9p\u00edt\u00e9s\u0171 karossz\u00e9ri\u00e1hoz: nem pr\u00f3b\u00e1lta letagadni fizikai adotts\u00e1gait, m\u00e9gis magabiztoss\u00e1got sugallt.<\/p>\n","protected":false},"excerpt":{"rendered":"<p>A TV2 tudom\u00e1nyos p\u00e1rkeres\u0151 realityje m\u00e9g csak n\u00e9h\u00e1ny hete fut, de m\u00e1r most t\u00f6bb fordulatot, k\u00f6nnyet \u00e9s botr\u00e1nyt hozott, mint&#8230; <span class=\"gridview-grid-post-read-more\"><a href=\"https:\/\/matrend.hu\/nekedinfo\/osszejott-milo-viki-es-sanya\/\">read more<span class=\"gridview-sr-only\"> \u00d6sszej\u00f6tt Mil\u00f3 Viki \u00e9s Sanya<\/span><\/a><\/span><\/p>\n","protected":false},"author":1,"featured_media":4538,"comment_status":"open","ping_status":"open","sticky":false,"template":"","format":"standard","meta":{"footnotes":""},"categories":[1],"tags":[],"class_list":["post-4537","post","type-post","status-publish","format-standard","has-post-thumbnail","hentry","category-egyeb","wpcat-1-id"],"_links":{"self":[{"href":"https:\/\/matrend.hu\/nekedinfo\/wp-json\/wp\/v2\/posts\/4537","targetHints":{"allow":["GET"]}}],"collection":[{"href":"https:\/\/matrend.hu\/nekedinfo\/wp-json\/wp\/v2\/posts"}],"about":[{"href":"https:\/\/matrend.hu\/nekedinfo\/wp-json\/wp\/v2\/types\/post"}],"author":[{"embeddable":true,"href":"https:\/\/matrend.hu\/nekedinfo\/wp-json\/wp\/v2\/users\/1"}],"replies":[{"embeddable":true,"href":"https:\/\/matrend.hu\/nekedinfo\/wp-json\/wp\/v2\/comments?post=4537"}],"version-history":[{"count":1,"href":"https:\/\/matrend.hu\/nekedinfo\/wp-json\/wp\/v2\/posts\/4537\/revisions"}],"predecessor-version":[{"id":4539,"href":"https:\/\/matrend.hu\/nekedinfo\/wp-json\/wp\/v2\/posts\/4537\/revisions\/4539"}],"wp:featuredmedia":[{"embeddable":true,"href":"https:\/\/matrend.hu\/nekedinfo\/wp-json\/wp\/v2\/media\/4538"}],"wp:attachment":[{"href":"https:\/\/matrend.hu\/nekedinfo\/wp-json\/wp\/v2\/media?parent=4537"}],"wp:term":[{"taxonomy":"category","embeddable":true,"href":"https:\/\/matrend.hu\/nekedinfo\/wp-json\/wp\/v2\/categories?post=4537"},{"taxonomy":"post_tag","embeddable":true,"href":"https:\/\/matrend.hu\/nekedinfo\/wp-json\/wp\/v2\/tags?post=4537"}],"curies":[{"name":"wp","href":"https:\/\/api.w.org\/{rel}","templated":true}]}}