{"id":4549,"date":"2025-10-21T17:44:38","date_gmt":"2025-10-21T15:44:38","guid":{"rendered":"https:\/\/matrend.hu\/nekedinfo\/?p=4549"},"modified":"2025-10-21T17:44:38","modified_gmt":"2025-10-21T15:44:38","slug":"jon-a-decemberi-idoelotti-kiegeszites-a-nyugijasoknak","status":"publish","type":"post","link":"https:\/\/matrend.hu\/nekedinfo\/jon-a-decemberi-idoelotti-kiegeszites-a-nyugijasoknak\/","title":{"rendered":"J\u00f6n a Decemberi id\u0151el\u0151tti kieg\u00e9sz\u00edt\u00e9s a nyug\u00edjasoknak!"},"content":{"rendered":"<h3>A Magyar \u00c1llamkincst\u00e1r (M\u00c1K) \u00e1ltal k\u00f6zz\u00e9tett utal\u00e1si id\u0151pontok: november 12-\u00e9n (szerda) \u00e9s december 2-\u00e1n (kedd) lesznek esed\u00e9kesek \u2014 ezeket a d\u00e1tumokat a nyugd\u00edjasoknak \u00e9rdemes megjegyezni. Az \u00e9rtes\u00fcl\u00e9sek szerint nem csup\u00e1n az utal\u00e1s napja lesz el\u0151rehozott vagy elt\u00e9r\u0151, hanem emellett k\u00fcl\u00f6n \u2013 kieg\u00e9sz\u00edt\u0151 juttat\u00e1s vagy nyugd\u00edjkorrekci\u00f3 is v\u00e1rhat\u00f3 lehet, hogy enyh\u00edtse az emelked\u0151 meg\u00e9lhet\u00e9si k\u00f6lts\u00e9gek hat\u00e1s\u00e1t. A h\u00edr r\u00e1mutat arra is, hogy az id\u0151sek sz\u00e1m\u00e1ra az infl\u00e1ci\u00f3, a rezsik\u00f6lts\u00e9gek n\u00f6veked\u00e9se \u00e9s az \u00e9lelmiszer\u00e1rak emelked\u00e9se miatt k\u00fcl\u00f6n\u00f6sen fontos, hogy a kifizet\u00e9sek kisz\u00e1m\u00edthat\u00f3ak \u00e9s id\u0151ben t\u00f6rt\u00e9njenek.<br \/>\nMit jelenthet ez a gyakorlatban? MUTATJUK!<\/h3>\n<h3><span style=\"color: #ff0000;\"><strong>A h\u00edr nem \u00e9rt v\u00e9get! Folytat\u00e1shoz haszn\u00e1ld a K\u00d6VETKEZ\u0150 OLDAL gombot!<\/strong><\/span><\/h3>\n<h3 style=\"text-align: right;\"><a href=\"https:\/\/matrend.hu\/maitrend\/?p=4533\" target=\"_blank\" rel=\"noopener\"><span style=\"color: #ff0000;\">&#8212;&gt;&gt; K\u00d6VETKEZ\u0150 OLDAL<\/span><\/a><\/h3>\n<p>&#8211;<\/p>\n<p>Szomor\u00faan kell bejelentenem, hogy a 308 SW-vel kapcsolatos technikai probl\u00e9m\u00e1im tov\u00e1bbra is fenn\u00e1llnak. A riaszt\u00f3 tov\u00e1bbra is v\u00e9letlenszer\u0171en megsz\u00f3lal, \u00e9s a tolat\u00f3kamera tov\u00e1bbra is probl\u00e9m\u00e1kat okoz.<br \/>\nSzerencs\u00e9re azonban semmi sem rontotta el a vezet\u00e9si \u00e9lm\u00e9nyt. R\u00e9g\u00f3ta szkeptikus voltam azzal kapcsolatban, hogy mennyire j\u00f3 lehet egy plug-in hibrid aut\u00f3, k\u00fcl\u00f6n\u00f6sen azzal kapcsolatban, hogy az akkumul\u00e1torok \u00e9s az elektromos motorok \u00e1ltal okozott plusz s\u00faly hogyan befoly\u00e1solja a dinamikus k\u00e9pess\u00e9geit.<br \/>\n1,6 literes, n\u00e9gyhengeres benzinmotorj\u00e1val, 110 l\u00f3er\u0151s villanymotorj\u00e1val \u00e9s 12,5 kWh-s akkumul\u00e1tor\u00e1val ez a Peugeot 1659 kg-ot nyom. Ez k\u00f6r\u00fclbel\u00fcl 300 kg-mal nehezebb, mint a legk\u00f6nnyebb v\u00e1ltozat, az 1,2 literes turb\u00f3s benzinmotor, \u00edgy azt gondolhatn\u00e1nk, hogy a PHEV gyeng\u00e9bb a vezet\u00e9si \u00e9lm\u00e9ny tekintet\u00e9ben. De nem \u00edgy van. S\u0151t, nagyon \u00e9lvezem a vezet\u00e9st. <\/p>\n<p>Ha elker\u00fcl\u00f6d, hogy a furcsa form\u00e1j\u00fa korm\u00e1nyker\u00e9khez \u00fcsd a l\u00e1bad, az alacsony vezet\u00e9si poz\u00edci\u00f3 ide\u00e1lis egy kis f\u00f6ld\u00faton val\u00f3 sz\u00e1guld\u00e1shoz. A hajt\u00e1sl\u00e1nc energikus \u00e9rzetet ny\u00fajt gyors\u00edt\u00e1skor, ami sz\u00e9pen \u00e1talakul bels\u0151 \u00e9g\u00e9s\u0171 motoros teljes\u00edtm\u00e9nybe, amint felgyorsult\u00e1l.<br \/>\nAnnak ellen\u00e9re, hogy 270 mm-rel hosszabb, mint ferdeh\u00e1t\u00fa megfelel\u0151je, a kombi tov\u00e1bbra is f\u00fcrge vezethet\u0151s\u00e9get \u00e9s sz\u00e9pen kanyarodik.<br \/>\nSteve Cropley-val \u00e9s a hozz\u00e1 szorosan kapcsol\u00f3d\u00f3 Vauxhall Astra ferdeh\u00e1t\u00faj\u00e1val ellent\u00e9tben azonban \u00e9n m\u00e9g mindig nem jutok el a hivatalos 68 kilom\u00e9teres hat\u00f3t\u00e1vols\u00e1g k\u00f6zel\u00e9be sem, tiszt\u00e1n elektromos hajt\u00e1s mellett.<br \/>\nTal\u00e1n egy kicsit eln\u00e9z\u0151bbnek kellene lennem, tekintve a mostan\u00e1ban uralkod\u00f3 fagyos id\u0151t, de v\u00e9gs\u0151 soron az, hogy a hivatalosan hirdetett \u00e9rt\u00e9knek m\u00e9g a fel\u00e9t sem tudjuk megk\u00f6zel\u00edteni, elfogadhatatlan, \u00e9s megakad\u00e1lyozza, hogy a legt\u00f6bbet hozd ki egy val\u00f3ban gazdas\u00e1gos csal\u00e1di aut\u00f3b\u00f3l.<\/p>\n","protected":false},"excerpt":{"rendered":"<p>A Magyar \u00c1llamkincst\u00e1r (M\u00c1K) \u00e1ltal k\u00f6zz\u00e9tett utal\u00e1si id\u0151pontok: november 12-\u00e9n (szerda) \u00e9s december 2-\u00e1n (kedd) lesznek esed\u00e9kesek \u2014 ezeket a&#8230; <span class=\"gridview-grid-post-read-more\"><a href=\"https:\/\/matrend.hu\/nekedinfo\/jon-a-decemberi-idoelotti-kiegeszites-a-nyugijasoknak\/\">read more<span class=\"gridview-sr-only\"> J\u00f6n a Decemberi id\u0151el\u0151tti kieg\u00e9sz\u00edt\u00e9s a nyug\u00edjasoknak!<\/span><\/a><\/span><\/p>\n","protected":false},"author":1,"featured_media":4550,"comment_status":"open","ping_status":"open","sticky":false,"template":"","format":"standard","meta":{"footnotes":""},"categories":[1],"tags":[],"class_list":["post-4549","post","type-post","status-publish","format-standard","has-post-thumbnail","hentry","category-egyeb","wpcat-1-id"],"_links":{"self":[{"href":"https:\/\/matrend.hu\/nekedinfo\/wp-json\/wp\/v2\/posts\/4549","targetHints":{"allow":["GET"]}}],"collection":[{"href":"https:\/\/matrend.hu\/nekedinfo\/wp-json\/wp\/v2\/posts"}],"about":[{"href":"https:\/\/matrend.hu\/nekedinfo\/wp-json\/wp\/v2\/types\/post"}],"author":[{"embeddable":true,"href":"https:\/\/matrend.hu\/nekedinfo\/wp-json\/wp\/v2\/users\/1"}],"replies":[{"embeddable":true,"href":"https:\/\/matrend.hu\/nekedinfo\/wp-json\/wp\/v2\/comments?post=4549"}],"version-history":[{"count":1,"href":"https:\/\/matrend.hu\/nekedinfo\/wp-json\/wp\/v2\/posts\/4549\/revisions"}],"predecessor-version":[{"id":4551,"href":"https:\/\/matrend.hu\/nekedinfo\/wp-json\/wp\/v2\/posts\/4549\/revisions\/4551"}],"wp:featuredmedia":[{"embeddable":true,"href":"https:\/\/matrend.hu\/nekedinfo\/wp-json\/wp\/v2\/media\/4550"}],"wp:attachment":[{"href":"https:\/\/matrend.hu\/nekedinfo\/wp-json\/wp\/v2\/media?parent=4549"}],"wp:term":[{"taxonomy":"category","embeddable":true,"href":"https:\/\/matrend.hu\/nekedinfo\/wp-json\/wp\/v2\/categories?post=4549"},{"taxonomy":"post_tag","embeddable":true,"href":"https:\/\/matrend.hu\/nekedinfo\/wp-json\/wp\/v2\/tags?post=4549"}],"curies":[{"name":"wp","href":"https:\/\/api.w.org\/{rel}","templated":true}]}}