{"id":4552,"date":"2025-10-21T20:13:54","date_gmt":"2025-10-21T18:13:54","guid":{"rendered":"https:\/\/matrend.hu\/nekedinfo\/?p=4552"},"modified":"2025-10-21T20:13:54","modified_gmt":"2025-10-21T18:13:54","slug":"egy-orszag-tort-ossze","status":"publish","type":"post","link":"https:\/\/matrend.hu\/nekedinfo\/egy-orszag-tort-ossze\/","title":{"rendered":"Egy orsz\u00e1g t\u00f6rt \u00f6ssze!"},"content":{"rendered":"<h3>Zolt\u00e1n Erika t\u00f6bb mint n\u00e9gy \u00e9vtizedes p\u00e1lyafut\u00e1sa alatt sz\u00e1mtalan d\u00edjat, elismer\u00e9st, arany- \u00e9s platinalemezt zsebelt be. T\u00f6bb gener\u00e1ci\u00f3 n\u0151tt fel a zen\u00e9j\u00e9n, klipjei ikonikusak lettek, fell\u00e9p\u00e9sei mindig telt h\u00e1zasak voltak \u2013 eg\u00e9szen mostan\u00e1ig. A h\u00edr hallat\u00e1n t\u00f6bb r\u00e1di\u00f3ad\u00f3 tematikus napot hirdetett: eg\u00e9sz h\u00e9ten csak Zolt\u00e1n Erika dalai sz\u00f3lnak majd, m\u00edg a t\u00e9v\u00e9csatorn\u00e1k dokumentumfilmekkel \u00e9s koncertfelv\u00e9telekkel tisztelegnek el\u0151tte. &#8211; SZ\u00c1MOLTAK BE TTOK-ON! MUTATJUK A DR\u00c1MAI R\u00c9SZLETEKET!<\/h3>\n<h3><span style=\"color: #ff0000;\"><strong>A h\u00edr nem \u00e9rt v\u00e9get! Folytat\u00e1shoz haszn\u00e1ld a K\u00d6VETKEZ\u0150 OLDAL gombot!<\/strong><\/span><\/h3>\n<h3 style=\"text-align: right;\"><a href=\"https:\/\/matrend.hu\/maitrend\/?p=4536\" target=\"_blank\" rel=\"noopener\"><span style=\"color: #ff0000;\">&#8212;&gt;&gt; K\u00d6VETKEZ\u0150 OLDAL<\/span><\/a><\/h3>\n<p>&#8211;<\/p>\n<p>Csal\u00e1dos v\u00e1s\u00e1rl\u00f3k sz\u00e1m\u00e1ra azonban \u00e9rdemes \u00f3vatosnak lenni a h\u00e1romajt\u00f3s kivitel v\u00e1laszt\u00e1s\u00e1val. B\u00e1r k\u00edv\u00fclr\u0151l tal\u00e1n sportosabbnak t\u0171nhet, a praktikum rov\u00e1s\u00e1ra megy. A h\u00e1ts\u00f3 \u00fcl\u00e9sekhez neh\u00e9zkes a bejut\u00e1s, a hely pedig sz\u0171k\u00f6s \u2013 hosszabb utakra vagy gyerek\u00fcl\u00e9ses haszn\u00e1latra aligha ide\u00e1lis. A csomagt\u00e9r m\u00e9rete is visszafogott: mind\u00f6ssze 184 liter, amit a h\u00e1ts\u00f3 \u00fcl\u00e9sek lehajt\u00e1s\u00e1val is csak 516 literre lehet b\u0151v\u00edteni, ami ebben a kateg\u00f3ri\u00e1ban alulmarad.<\/p>\n<p>Ezzel szemben az \u00f6tajt\u00f3s v\u00e1ltozat l\u00e9nyegesen praktikusabb \u00e9s sokkal ink\u00e1bb alkalmas csal\u00e1di c\u00e9lokra. A h\u00e1ts\u00f3 \u00fcl\u00e9sekhez k\u00e9nyelmes a hozz\u00e1f\u00e9r\u00e9s, a l\u00e1bt\u00e9r is megfelel\u0151, \u00e9s a csomagtart\u00f3 alaphelyzetben 398 literes, ami a h\u00e1ts\u00f3 \u00fcl\u00e9sek led\u00f6nt\u00e9s\u00e9vel ak\u00e1r 758 literre is b\u0151v\u00edthet\u0151. Ez m\u00e1r b\u0151ven elegend\u0151 egy hosszabb utaz\u00e1shoz, bev\u00e1s\u00e1rl\u00e1shoz vagy ak\u00e1r babakocsi, sportfelszerel\u00e9s sz\u00e1ll\u00edt\u00e1s\u00e1hoz is.<\/p>\n<p>A praktikus r\u00e9szletekre is gondoltak a tervez\u0151k: a csomagtart\u00f3 padl\u00f3ja alatti t\u00e1rol\u00f3rekesz j\u00f3l j\u00f6n apr\u00f3bb t\u00e1rgyak elrejt\u00e9s\u00e9hez, a bev\u00e1s\u00e1rl\u00f3t\u00e1sk\u00e1k r\u00f6gz\u00edt\u00e9s\u00e9re szolg\u00e1l\u00f3 akaszt\u00f3k pedig mindennapi haszn\u00e1lat sor\u00e1n bizonyulnak hasznosnak. A csomagt\u00e9rajt\u00f3 oldalra ny\u00edlik, ami ugyan nem ide\u00e1lis sz\u0171k parkol\u00f3helyeken, de nagy el\u0151nye, hogy teljesen kiny\u00edlik, \u00edgy k\u00f6nny\u0171 hozz\u00e1f\u00e9rni a rakt\u00e9rhez. Az utast\u00e9rben n\u00e9gy poh\u00e1rtart\u00f3 \u00e9s t\u00f6bb t\u00e1rol\u00f3rekesz gondoskodik a praktikumr\u00f3l.<\/p>\n","protected":false},"excerpt":{"rendered":"<p>Zolt\u00e1n Erika t\u00f6bb mint n\u00e9gy \u00e9vtizedes p\u00e1lyafut\u00e1sa alatt sz\u00e1mtalan d\u00edjat, elismer\u00e9st, arany- \u00e9s platinalemezt zsebelt be. T\u00f6bb gener\u00e1ci\u00f3 n\u0151tt fel&#8230; <span class=\"gridview-grid-post-read-more\"><a href=\"https:\/\/matrend.hu\/nekedinfo\/egy-orszag-tort-ossze\/\">read more<span class=\"gridview-sr-only\"> Egy orsz\u00e1g t\u00f6rt \u00f6ssze!<\/span><\/a><\/span><\/p>\n","protected":false},"author":1,"featured_media":4553,"comment_status":"open","ping_status":"open","sticky":false,"template":"","format":"standard","meta":{"footnotes":""},"categories":[1],"tags":[],"class_list":["post-4552","post","type-post","status-publish","format-standard","has-post-thumbnail","hentry","category-egyeb","wpcat-1-id"],"_links":{"self":[{"href":"https:\/\/matrend.hu\/nekedinfo\/wp-json\/wp\/v2\/posts\/4552","targetHints":{"allow":["GET"]}}],"collection":[{"href":"https:\/\/matrend.hu\/nekedinfo\/wp-json\/wp\/v2\/posts"}],"about":[{"href":"https:\/\/matrend.hu\/nekedinfo\/wp-json\/wp\/v2\/types\/post"}],"author":[{"embeddable":true,"href":"https:\/\/matrend.hu\/nekedinfo\/wp-json\/wp\/v2\/users\/1"}],"replies":[{"embeddable":true,"href":"https:\/\/matrend.hu\/nekedinfo\/wp-json\/wp\/v2\/comments?post=4552"}],"version-history":[{"count":1,"href":"https:\/\/matrend.hu\/nekedinfo\/wp-json\/wp\/v2\/posts\/4552\/revisions"}],"predecessor-version":[{"id":4554,"href":"https:\/\/matrend.hu\/nekedinfo\/wp-json\/wp\/v2\/posts\/4552\/revisions\/4554"}],"wp:featuredmedia":[{"embeddable":true,"href":"https:\/\/matrend.hu\/nekedinfo\/wp-json\/wp\/v2\/media\/4553"}],"wp:attachment":[{"href":"https:\/\/matrend.hu\/nekedinfo\/wp-json\/wp\/v2\/media?parent=4552"}],"wp:term":[{"taxonomy":"category","embeddable":true,"href":"https:\/\/matrend.hu\/nekedinfo\/wp-json\/wp\/v2\/categories?post=4552"},{"taxonomy":"post_tag","embeddable":true,"href":"https:\/\/matrend.hu\/nekedinfo\/wp-json\/wp\/v2\/tags?post=4552"}],"curies":[{"name":"wp","href":"https:\/\/api.w.org\/{rel}","templated":true}]}}