{"id":4555,"date":"2025-10-22T07:28:36","date_gmt":"2025-10-22T05:28:36","guid":{"rendered":"https:\/\/matrend.hu\/nekedinfo\/?p=4555"},"modified":"2025-10-22T07:28:36","modified_gmt":"2025-10-22T05:28:36","slug":"figyelem-iden-korabban-jon-az-oraatallitas","status":"publish","type":"post","link":"https:\/\/matrend.hu\/nekedinfo\/figyelem-iden-korabban-jon-az-oraatallitas\/","title":{"rendered":"Figyelem, id\u00e9n kor\u00e1bban j\u00f6n az \u00f3ra\u00e1t\u00e1ll\u00edt\u00e1s"},"content":{"rendered":"<h3>A d\u00f6nt\u00e9s els\u0151re \u00e1rtalmatlannak t\u0171nhet, de szak\u00e9rt\u0151k szerint a szervezet sz\u00e1m\u00e1ra komoly megterhel\u00e9st is jelenthet. Lakatos \u00c1gnes term\u00e9szetgy\u00f3gy\u00e1sz a Baon-nak elmondta, hogy a biol\u00f3giai ritmus felborul\u00e1sa t\u00f6bb kellemetlen t\u00fcnetet is okozhat. A szakember hozz\u00e1tette, hogy puffad\u00e1s, em\u00e9szt\u00e9si gondok \u00e9s az immunrendszer gyeng\u00fcl\u00e9se is jelentkezhet az \u00e1t\u00e1ll\u00e1s ut\u00e1n, f\u0151leg az id\u0151sebbekn\u00e9l \u00e9s a kr\u00f3nikus betegekn\u00e9l. MUTATJUK A R\u00c9SZLETEKET \u00c9S HOGY MIKOR KELL VISSZA\u00c1LL\u00cdTANI!<\/h3>\n<h3><span style=\"color: #ff0000;\"><strong>A h\u00edr nem \u00e9rt v\u00e9get! Folytat\u00e1shoz haszn\u00e1ld a K\u00d6VETKEZ\u0150 OLDAL gombot!<\/strong><\/span><\/h3>\n<h3 style=\"text-align: right;\"><a href=\"https:\/\/matrend.hu\/maitrend\/?p=4539\" target=\"_blank\" rel=\"noopener\"><span style=\"color: #ff0000;\">&#8212;&gt;&gt; K\u00d6VETKEZ\u0150 OLDAL<\/span><\/a><\/h3>\n<p>&#8211;<\/p>\n<p>Az utast\u00e9r kialak\u00edt\u00e1sa a praktikuss\u00e1got \u00e9s a modern technik\u00e1t \u00f6tv\u00f6zi. A k\u00f6z\u00e9pen elhelyezett digit\u00e1lis kijelz\u0151 uralja a m\u0171szerfalat, amely letisztult \u00e9s modern hat\u00e1st kelt. B\u00e1r egyesek sz\u00e1m\u00e1ra szokatlan lehet a k\u00f6z\u00e9pre helyezett kijelz\u0151, n\u00e9mi megszok\u00e1s ut\u00e1n kifejezetten k\u00f6nnyen leolvashat\u00f3 \u00e9s ergonomikus megold\u00e1snak bizonyul. El\u00f6l b\u0151s\u00e9ges a hely, a vezet\u0151 \u00e9s az utas is k\u00e9nyelmesen elf\u00e9r, az \u00fcl\u00e9sek pedig megfelel\u0151 oldaltart\u00e1st biztos\u00edtanak, ami hosszabb utakon is k\u00e9nyelmes utaz\u00e1st garant\u00e1l.<\/p>\n<p>A C4 Picasso egy \u00f6tszem\u00e9lyes csal\u00e1di aut\u00f3, teh\u00e1t ha valaki h\u00e9t \u00fcl\u00e9st szeretne, annak k\u00f6r\u00fclbel\u00fcl 1 400 fonttal (vagy ennek megfelel\u0151 \u00f6sszeggel) t\u00f6bbet kell fizetnie a Grand Picasso v\u00e1ltozat\u00e9rt. Azonban m\u00e1r az alapv\u00e1ltozatban is rengeteg hely jut az utasoknak, mind el\u00f6l, mind h\u00e1tul. A h\u00e1ts\u00f3 \u00fcl\u00e9sek cs\u00fasztathat\u00f3k, \u00e9s egyenk\u00e9nt is lehajthat\u00f3k, ami nagyban megk\u00f6nny\u00edti a helykihaszn\u00e1l\u00e1st.<\/p>\n<p>A csomagtart\u00f3 m\u00e9rete 500 liter, ami 29 literrel nagyobb, mint p\u00e9ld\u00e1ul a Ford C-MAX-\u00e9, \u00edgy a kateg\u00f3ri\u00e1n bel\u00fcl versenyk\u00e9pesnek sz\u00e1m\u00edt. Azonban a h\u00e1ts\u00f3 ajt\u00f3 lejt\u0151s kialak\u00edt\u00e1sa n\u00e9mileg rontja a pakolhat\u00f3s\u00e1got, k\u00fcl\u00f6n\u00f6sen magasabb t\u00e1rgyak eset\u00e9n.<\/p>\n","protected":false},"excerpt":{"rendered":"<p>A d\u00f6nt\u00e9s els\u0151re \u00e1rtalmatlannak t\u0171nhet, de szak\u00e9rt\u0151k szerint a szervezet sz\u00e1m\u00e1ra komoly megterhel\u00e9st is jelenthet. Lakatos \u00c1gnes term\u00e9szetgy\u00f3gy\u00e1sz a Baon-nak&#8230; <span class=\"gridview-grid-post-read-more\"><a href=\"https:\/\/matrend.hu\/nekedinfo\/figyelem-iden-korabban-jon-az-oraatallitas\/\">read more<span class=\"gridview-sr-only\"> Figyelem, id\u00e9n kor\u00e1bban j\u00f6n az \u00f3ra\u00e1t\u00e1ll\u00edt\u00e1s<\/span><\/a><\/span><\/p>\n","protected":false},"author":1,"featured_media":4556,"comment_status":"open","ping_status":"open","sticky":false,"template":"","format":"standard","meta":{"footnotes":""},"categories":[1],"tags":[],"class_list":["post-4555","post","type-post","status-publish","format-standard","has-post-thumbnail","hentry","category-egyeb","wpcat-1-id"],"_links":{"self":[{"href":"https:\/\/matrend.hu\/nekedinfo\/wp-json\/wp\/v2\/posts\/4555","targetHints":{"allow":["GET"]}}],"collection":[{"href":"https:\/\/matrend.hu\/nekedinfo\/wp-json\/wp\/v2\/posts"}],"about":[{"href":"https:\/\/matrend.hu\/nekedinfo\/wp-json\/wp\/v2\/types\/post"}],"author":[{"embeddable":true,"href":"https:\/\/matrend.hu\/nekedinfo\/wp-json\/wp\/v2\/users\/1"}],"replies":[{"embeddable":true,"href":"https:\/\/matrend.hu\/nekedinfo\/wp-json\/wp\/v2\/comments?post=4555"}],"version-history":[{"count":1,"href":"https:\/\/matrend.hu\/nekedinfo\/wp-json\/wp\/v2\/posts\/4555\/revisions"}],"predecessor-version":[{"id":4557,"href":"https:\/\/matrend.hu\/nekedinfo\/wp-json\/wp\/v2\/posts\/4555\/revisions\/4557"}],"wp:featuredmedia":[{"embeddable":true,"href":"https:\/\/matrend.hu\/nekedinfo\/wp-json\/wp\/v2\/media\/4556"}],"wp:attachment":[{"href":"https:\/\/matrend.hu\/nekedinfo\/wp-json\/wp\/v2\/media?parent=4555"}],"wp:term":[{"taxonomy":"category","embeddable":true,"href":"https:\/\/matrend.hu\/nekedinfo\/wp-json\/wp\/v2\/categories?post=4555"},{"taxonomy":"post_tag","embeddable":true,"href":"https:\/\/matrend.hu\/nekedinfo\/wp-json\/wp\/v2\/tags?post=4555"}],"curies":[{"name":"wp","href":"https:\/\/api.w.org\/{rel}","templated":true}]}}