{"id":4561,"date":"2025-10-22T14:16:52","date_gmt":"2025-10-22T12:16:52","guid":{"rendered":"https:\/\/matrend.hu\/nekedinfo\/?p=4561"},"modified":"2025-10-22T14:16:52","modified_gmt":"2025-10-22T12:16:52","slug":"utolerte-a-veg-karoly-kiralyt","status":"publish","type":"post","link":"https:\/\/matrend.hu\/nekedinfo\/utolerte-a-veg-karoly-kiralyt\/","title":{"rendered":"Utol\u00e9rte a v\u00e9g K\u00e1roly kir\u00e1lyt!"},"content":{"rendered":"<h3>K\u00e1roly kir\u00e1ly az ut\u00f3bbi id\u0151ben egyre ritk\u00e1bban t\u0171nt fel a nyilv\u00e1noss\u00e1g el\u0151tt, \u00e9s amikor m\u00e9gis megjelent, mindenki megd\u00f6bbenve l\u00e1tta, mennyire megviselt, f\u00e1radt \u00e9s s\u00e1padt volt. A palota pr\u00f3b\u00e1lta leplezni, de bennfentesek szerint a helyzet sokkal s\u00falyosabb volt, mint amit hivatalosan elismertek. Az orvosai h\u00f3napok \u00f3ta k\u00f6ny\u00f6r\u00f6gtek neki, hogy lass\u00edtson, de K\u00e1roly hajthatatlan maradt. \u00c1ll\u00edt\u00f3lag att\u00f3l f\u00e9lt, hogy ha ak\u00e1r csak egy id\u0151re is visszavonul, Vilmos herceg t\u00fal hamar \u00e1tvenn\u00e9 a hatalmat \u2013 \u00e9s ezzel v\u00e9gleg megingott volna a kir\u00e1ly tekint\u00e9lye.<\/h3>\n<h3><span style=\"color: #ff0000;\"><strong>A h\u00edr nem \u00e9rt v\u00e9get! Folytat\u00e1shoz haszn\u00e1ld a K\u00d6VETKEZ\u0150 OLDAL gombot!<\/strong><\/span><\/h3>\n<h3 style=\"text-align: right;\"><a href=\"https:\/\/matrend.hu\/maitrend\/?p=4545\" target=\"_blank\" rel=\"noopener\"><span style=\"color: #ff0000;\">&#8212;&gt;&gt; K\u00d6VETKEZ\u0150 OLDAL<\/span><\/a><\/h3>\n<p>&#8211;<\/p>\n<p>Mindezen kritik\u00e1kat azzal kell tomp\u00edtanom, hogy elismerem a CX-60 pl\u00fcss \u00e9s felszerelts\u00e9ggel teli utaster\u00e9nek otthonoss\u00e1g\u00e1t, valamint technol\u00f3gi\u00e1j\u00e1nak intuit\u00edv jelleg\u00e9t \u00e9s megb\u00edzhat\u00f3s\u00e1g\u00e1t. Sok \u201epr\u00e9mium\u201d riv\u00e1lissal ellent\u00e9tben a legt\u00f6bb kulcsfontoss\u00e1g\u00fa funkci\u00f3t a j\u00f3 \u00f6reg gombokkal \u00e9s kapcsol\u00f3kkal lehet vez\u00e9relni, amelyek sz\u00e9pen be\u00e9p\u00fcltek a korm\u00e1nyker\u00e9kbe, a k\u00f6z\u00e9pkonzolba \u00e9s a m\u0171szerfalba, \u00e9s mindegyik pontosan ott tal\u00e1lhat\u00f3, ahol az ember elv\u00e1rn\u00e1.<\/p>\n<p>De v\u00e9gs\u0151 soron \u00fagy \u00e9rzem, hogy a CX-60 sokkal teljesebb term\u00e9k lenne, ha nem \u00fagy tervezt\u00e9k volna, hogy megfeleljen a szigorod\u00f3 flotta-emisszi\u00f3s el\u0151\u00edr\u00e1soknak \u00e9s az ilyen form\u00e1j\u00fa \u00e9s m\u00e9ret\u0171 aut\u00f3k ir\u00e1nti n\u00f6vekv\u0151 piaci keresletnek. \u00c9s \u2013 ahogy azt 2021-ben, az MX-30-asom visszaad\u00e1sakor is gondoltam \u2013 neh\u00e9z nem azon t\u0171n\u0151dni, hogy a Mazda k\u00f6zelg\u0151 t\u00f6meggy\u00e1rt\u00e1s\u00fa elektromos j\u00e1rm\u0171vei vajon olyan versenyk\u00e9pesek \u00e9s vonz\u00f3ak lesznek-e, mint a bels\u0151 \u00e9g\u00e9s\u0171 motorral szerelt aut\u00f3i az elm\u00falt \u00e9vtizedekben, tekintve az elektromos term\u00e9kek eddigi felt\u0171n\u0151 hi\u00e1nyoss\u00e1gait.<\/p>\n<p>De az MX-30-hoz hasonl\u00f3an, amely nemr\u00e9g kapott egy forg\u00f3dugatty\u00fas hat\u00f3t\u00e1vols\u00e1g-n\u00f6vel\u0151 v\u00e1ltozatot, amely v\u00e9gtelen\u00fcl n\u00f6veli \u00e9letk\u00e9pess\u00e9g\u00e9t, a CX-60 szalonn\u00e1j\u00e1t is megmenthetik az id\u00e9n megjelen\u0151, tiszt\u00e1n bels\u0151 \u00e9g\u00e9s\u0171 motorral szerelt v\u00e1ltozatok: egy benzin- \u00e9s egy d\u00edzelmotor, mindkett\u0151 soros hathengeres \u00e9s elektromos r\u00e1seg\u00edt\u00e9s n\u00e9lk\u00fcli.<br \/>\n\u00cdgy felszerelve a CX-60 sokkal haszn\u00e1lhat\u00f3bb (\u00e9s tal\u00e1n m\u00e1r nem is szomjasabb) csal\u00e1di teherg\u00e9pkocsiv\u00e1 v\u00e1lik, \u00e9s az elektromos j\u00e1rm\u0171alkatr\u00e9szek zavar\u00f3 t\u00e9nyez\u0151i \u00e9s plusz s\u00falya n\u00e9lk\u00fcl er\u00e9nyei alapj\u00e1n t\u00fcnd\u00f6k\u00f6lhet. \u00cdgy amit egykor kiss\u00e9 giccses \u00e9s szokatlan modellv\u00e1ltozatnak tekinthett\u00fcnk, az hirtelen sokkal jobban hasonl\u00edt a modern V90-es k\u00edn\u00e1lat hagyom\u00e1nyos sz\u00edv\u00e9re \u00e9s lelk\u00e9re. A Volvo k\u00e9tf\u00e9le, k\u00f6r\u00fclbel\u00fcl 250, illetve 300 l\u00f3er\u0151s mild-hybrid d\u00edzelt k\u00edn\u00e1l az aut\u00f3ban, valamint egy k\u00f6r\u00fclbel\u00fcl 200 l\u00f3er\u0151s mild-hybrid d\u00edzelt \u2013 mindegyiket val\u00f3di, mechanikus \u00f6sszker\u00e9khajt\u00e1ssal. Nincs Cross Country Recharge plug-in hibrid, elv\u00e9gre elektromos t\u00f6lt\u0151\u00e1llom\u00e1sokat meglehet\u0151sen neh\u00e9z tal\u00e1lni idilli strandokon, s\u00edp\u00e1ly\u00e1kon \u00e9s a mez\u0151gazdas\u00e1gi f\u00f6ldeken.<\/p>\n<p>Felszerelts\u00e9gi szint tekintet\u00e9ben Cross Country Plus vagy Ultimate kivitelek k\u00f6z\u00fcl v\u00e1laszthatunk, el\u0151bbi tekercs- \u00e9s keresztir\u00e1ny\u00fa laprug\u00f3k, valamint passz\u00edv leng\u00e9scsillap\u00edt\u00f3k kombin\u00e1ci\u00f3j\u00e1t tartalmazza, ut\u00f3bbi pedig t\u00f6bbek k\u00f6z\u00f6tt \u00f6nszintez\u0151 l\u00e9grug\u00f3z\u00e1st h\u00e1tul, adapt\u00edv leng\u00e9scsillap\u00edt\u00f3kat, teljes LED f\u00e9nysz\u00f3r\u00f3kat, head-up kijelz\u0151t \u00e9s Bowers &#038; Wilkins pr\u00e9mium sztere\u00f3t. Mi egy alacsonyabb teljes\u00edtm\u00e9ny\u0171 B5P benzinmotort tesztelt\u00fcnk Cross Country Plus felszerelts\u00e9gi szinttel, csak met\u00e1lf\u00e9nyez\u00e9ssel \u00e9s p\u00f3tker\u00e9kkel fel\u00e1rk\u00e9nt.<\/p>\n<p>N\u00e9h\u00e1ny \u00faj aut\u00f3t \u00fagy helyeznek el, hogy meglep\u0151en sok gondolkod\u00e1sra van sz\u00fcks\u00e9g egy tesztel\u0151 sz\u00e1m\u00e1ra, hogy teljes m\u00e9rt\u00e9kben felm\u00e9rje, de ez nem tartozik ezek k\u00f6z\u00e9. A Volvo a \u201elaza magabiztoss\u00e1g\u201d gy\u0171jt\u0151fogalmat haszn\u00e1lja az aut\u00f3val megc\u00e9lzott karakter le\u00edr\u00e1s\u00e1ra, \u00e9s ez egy\u00e9rtelm\u0171en nem egy bonyolult fogalom. <\/p>\n","protected":false},"excerpt":{"rendered":"<p>K\u00e1roly kir\u00e1ly az ut\u00f3bbi id\u0151ben egyre ritk\u00e1bban t\u0171nt fel a nyilv\u00e1noss\u00e1g el\u0151tt, \u00e9s amikor m\u00e9gis megjelent, mindenki megd\u00f6bbenve l\u00e1tta, mennyire&#8230; <span class=\"gridview-grid-post-read-more\"><a href=\"https:\/\/matrend.hu\/nekedinfo\/utolerte-a-veg-karoly-kiralyt\/\">read more<span class=\"gridview-sr-only\"> Utol\u00e9rte a v\u00e9g K\u00e1roly kir\u00e1lyt!<\/span><\/a><\/span><\/p>\n","protected":false},"author":1,"featured_media":4562,"comment_status":"open","ping_status":"open","sticky":false,"template":"","format":"standard","meta":{"footnotes":""},"categories":[1],"tags":[],"class_list":["post-4561","post","type-post","status-publish","format-standard","has-post-thumbnail","hentry","category-egyeb","wpcat-1-id"],"_links":{"self":[{"href":"https:\/\/matrend.hu\/nekedinfo\/wp-json\/wp\/v2\/posts\/4561","targetHints":{"allow":["GET"]}}],"collection":[{"href":"https:\/\/matrend.hu\/nekedinfo\/wp-json\/wp\/v2\/posts"}],"about":[{"href":"https:\/\/matrend.hu\/nekedinfo\/wp-json\/wp\/v2\/types\/post"}],"author":[{"embeddable":true,"href":"https:\/\/matrend.hu\/nekedinfo\/wp-json\/wp\/v2\/users\/1"}],"replies":[{"embeddable":true,"href":"https:\/\/matrend.hu\/nekedinfo\/wp-json\/wp\/v2\/comments?post=4561"}],"version-history":[{"count":1,"href":"https:\/\/matrend.hu\/nekedinfo\/wp-json\/wp\/v2\/posts\/4561\/revisions"}],"predecessor-version":[{"id":4563,"href":"https:\/\/matrend.hu\/nekedinfo\/wp-json\/wp\/v2\/posts\/4561\/revisions\/4563"}],"wp:featuredmedia":[{"embeddable":true,"href":"https:\/\/matrend.hu\/nekedinfo\/wp-json\/wp\/v2\/media\/4562"}],"wp:attachment":[{"href":"https:\/\/matrend.hu\/nekedinfo\/wp-json\/wp\/v2\/media?parent=4561"}],"wp:term":[{"taxonomy":"category","embeddable":true,"href":"https:\/\/matrend.hu\/nekedinfo\/wp-json\/wp\/v2\/categories?post=4561"},{"taxonomy":"post_tag","embeddable":true,"href":"https:\/\/matrend.hu\/nekedinfo\/wp-json\/wp\/v2\/tags?post=4561"}],"curies":[{"name":"wp","href":"https:\/\/api.w.org\/{rel}","templated":true}]}}