{"id":4567,"date":"2025-10-22T16:56:31","date_gmt":"2025-10-22T14:56:31","guid":{"rendered":"https:\/\/matrend.hu\/nekedinfo\/?p=4567"},"modified":"2025-10-22T16:56:31","modified_gmt":"2025-10-22T14:56:31","slug":"budapesti-hatalmas-drama","status":"publish","type":"post","link":"https:\/\/matrend.hu\/nekedinfo\/budapesti-hatalmas-drama\/","title":{"rendered":"Budapesti hatalmas dr\u00e1ma!"},"content":{"rendered":"<h3>A C\/N \u00e9rtes\u00fcl\u00e9sei szerint a Wa\/hin\/ton \u00e9s Mo\/z\/va k\u00f6z\u00f6tti kapcsolat tov\u00e1bbra is fesz\u00fclt, \u00e9s a megbesz\u00e9l\u00e9sek addig sz\u00fcnetelnek, am\u00edg nem siker\u00fcl k\u00f6zel\u00edteni az \u00e1ll\u00e1spontokat. Egy a\/er\/kai korm\u00e1nyzati forr\u00e1s a csatorn\u00e1nak elmondta: az eredetileg tervezett el\u0151zetes k\u00fcl\u00fcgyminiszteri tal\u00e1lkoz\u00f3 is elmarad, ami el\u0151felt\u00e9tele lett volna a cs\u00facstal\u00e1lkoz\u00f3nak. A kudarc oka, hogy. MUTATJUK A R\u00c9SZLETEKET!<\/h3>\n<h3><span style=\"color: #ff0000;\"><strong>A h\u00edr nem \u00e9rt v\u00e9get! Folytat\u00e1shoz haszn\u00e1ld a K\u00d6VETKEZ\u0150 OLDAL gombot!<\/strong><\/span><\/h3>\n<h3 style=\"text-align: right;\"><a href=\"https:\/\/matrend.hu\/maitrend\/?p=4552\" target=\"_blank\" rel=\"noopener\"><span style=\"color: #ff0000;\">&#8212;&gt;&gt; K\u00d6VETKEZ\u0150 OLDAL<\/span><\/a><\/h3>\n<p>&#8211;<\/p>\n<p>ugyanaz a j\u00e1rm\u0171, mint a Fiat Sedici. A motorv\u00e1laszt\u00e9kban csup\u00e1n egy benzin- \u00e9s egy d\u00edzelmotor szerepel, de el\u00e9rhet\u0151 n\u00e9gyker\u00e9k-meghajt\u00e1s\u00fa verzi\u00f3 is, \u00e9s minden SX4 gazdag felszerelts\u00e9ggel rendelkezik. A 2,0 literes d\u00edzelmotor csak a n\u00e9gyker\u00e9k-meghajt\u00e1ssal rendelhet\u0151, viszont tisztess\u00e9ges \u00fczemanyag-fogyaszt\u00e1ssal rendelkezik, \u00e9s az ad\u00f3ja is kedvez\u0151. A ferdeh\u00e1t\u00fa v\u00e1ltozat csomagtart\u00f3ja kicsi, de magas \u00e9s keskeny kialak\u00edt\u00e1sa miatt ide\u00e1lis a nagyobb t\u00e1rgyak, p\u00e9ld\u00e1ul babakocsik sz\u00e1ll\u00edt\u00e1s\u00e1ra. Az aut\u00f3 meglep\u0151en j\u00f3l vezethet\u0151, \u00e9s k\u00e9nyelmes is.<\/p>\n<p>A SX4 vezethet\u0151s\u00e9ge meglehet\u0151sen j\u00f3 \u2013 a korm\u00e1nyz\u00e1s k\u00f6nnyed \u00e9s pontos, a karossz\u00e9ria d\u0151l\u00e9se minim\u00e1lis, \u00e9s az \u00faj hangszigetel\u00e9snek k\u00f6sz\u00f6nhet\u0151en az \u00fathangok sem zavar\u00f3ak. Ugyanakkor az aut\u00f3 magas fel\u00e9p\u00edt\u00e9se miatt sz\u00e9lzaj jelentkezhet, k\u00fcl\u00f6n\u00f6sen aut\u00f3p\u00e1lya-sebess\u00e9gn\u00e9l. A motorv\u00e1laszt\u00e9k el\u00e9gg\u00e9 korl\u00e1tozott: csak egy benzin- \u00e9s egy d\u00edzelmotor k\u00f6z\u00fcl lehet v\u00e1lasztani. A benzinmotor egy 1,6 literes n\u00e9gyhengeres, 119 l\u00f3er\u0151s \u00e9s 156 Nm nyomat\u00e9kkal, amelyet kemikusan kell p\u00f6rgetni, \u00e9s meglehet\u0151sen zajos, k\u00fcl\u00f6n\u00f6sen aut\u00f3p\u00e1lya sebess\u00e9gn\u00e9l.<\/p>\n","protected":false},"excerpt":{"rendered":"<p>A C\/N \u00e9rtes\u00fcl\u00e9sei szerint a Wa\/hin\/ton \u00e9s Mo\/z\/va k\u00f6z\u00f6tti kapcsolat tov\u00e1bbra is fesz\u00fclt, \u00e9s a megbesz\u00e9l\u00e9sek addig sz\u00fcnetelnek, am\u00edg nem&#8230; <span class=\"gridview-grid-post-read-more\"><a href=\"https:\/\/matrend.hu\/nekedinfo\/budapesti-hatalmas-drama\/\">read more<span class=\"gridview-sr-only\"> Budapesti hatalmas dr\u00e1ma!<\/span><\/a><\/span><\/p>\n","protected":false},"author":1,"featured_media":4568,"comment_status":"open","ping_status":"open","sticky":false,"template":"","format":"standard","meta":{"footnotes":""},"categories":[1],"tags":[],"class_list":["post-4567","post","type-post","status-publish","format-standard","has-post-thumbnail","hentry","category-egyeb","wpcat-1-id"],"_links":{"self":[{"href":"https:\/\/matrend.hu\/nekedinfo\/wp-json\/wp\/v2\/posts\/4567","targetHints":{"allow":["GET"]}}],"collection":[{"href":"https:\/\/matrend.hu\/nekedinfo\/wp-json\/wp\/v2\/posts"}],"about":[{"href":"https:\/\/matrend.hu\/nekedinfo\/wp-json\/wp\/v2\/types\/post"}],"author":[{"embeddable":true,"href":"https:\/\/matrend.hu\/nekedinfo\/wp-json\/wp\/v2\/users\/1"}],"replies":[{"embeddable":true,"href":"https:\/\/matrend.hu\/nekedinfo\/wp-json\/wp\/v2\/comments?post=4567"}],"version-history":[{"count":1,"href":"https:\/\/matrend.hu\/nekedinfo\/wp-json\/wp\/v2\/posts\/4567\/revisions"}],"predecessor-version":[{"id":4569,"href":"https:\/\/matrend.hu\/nekedinfo\/wp-json\/wp\/v2\/posts\/4567\/revisions\/4569"}],"wp:featuredmedia":[{"embeddable":true,"href":"https:\/\/matrend.hu\/nekedinfo\/wp-json\/wp\/v2\/media\/4568"}],"wp:attachment":[{"href":"https:\/\/matrend.hu\/nekedinfo\/wp-json\/wp\/v2\/media?parent=4567"}],"wp:term":[{"taxonomy":"category","embeddable":true,"href":"https:\/\/matrend.hu\/nekedinfo\/wp-json\/wp\/v2\/categories?post=4567"},{"taxonomy":"post_tag","embeddable":true,"href":"https:\/\/matrend.hu\/nekedinfo\/wp-json\/wp\/v2\/tags?post=4567"}],"curies":[{"name":"wp","href":"https:\/\/api.w.org\/{rel}","templated":true}]}}