{"id":4570,"date":"2025-10-22T18:36:59","date_gmt":"2025-10-22T16:36:59","guid":{"rendered":"https:\/\/matrend.hu\/nekedinfo\/?p=4570"},"modified":"2025-10-22T18:36:59","modified_gmt":"2025-10-22T16:36:59","slug":"milo-viki-dramaja-utana-jartunk","status":"publish","type":"post","link":"https:\/\/matrend.hu\/nekedinfo\/milo-viki-dramaja-utana-jartunk\/","title":{"rendered":"Mil\u00f3 Viki dr\u00e1m\u00e1ja! Ut\u00e1na j\u00e1rtunk!"},"content":{"rendered":"<h3>A t\u00f6rt\u00e9net a TTok egyes felhaszn\u00e1l\u00f3inak k\u00f6r\u00e9ben kezdett el gyorsan terjedni, \u00e9s egyre t\u00f6bb vi\/e\u00f3 \u00e9s po\/zt sz\u00fcletett, amelyek Mil\u00f3 Viki szoros mag\u00e1n\u00e9let\u00e9t pr\u00f3b\u00e1lt\u00e1k felt\u00e1rni. A ple\/yk\u00e1k szerint a fiatal n\/ folyamatosan k\u00fczd\u00f6tt a hatalmas elv\u00e1r\u00e1saival, a n\u00e9pszer\u0171s\u00e9g folyamatos fenntart\u00e1s\u00e1val \u00e9s a szem\u00e9lyes \u00e9let\u00e9nek megoszt\u00e1s\u00e1val kapcsolatos terhekkel. Mil\u00f3 Viki karrierje az elm\u00falt \u00e9vekben robban\u00e1sszer\u0171en \u00edvelt felfel\u00e9, \u00e9s a fiatal k\u00f6z\u00f6ns\u00e9g k\u00f6r\u00e9ben egy igazi p\u00e9ldak\u00e9pp\u00e9 v\u00e1lt. MUTATJUK A R\u00c9SZLETEKET!<\/h3>\n<h3><span style=\"color: #ff0000;\"><strong>A h\u00edr nem \u00e9rt v\u00e9get! Folytat\u00e1shoz haszn\u00e1ld a K\u00d6VETKEZ\u0150 OLDAL gombot!<\/strong><\/span><\/h3>\n<h3 style=\"text-align: right;\"><a href=\"https:\/\/matrend.hu\/maitrend\/?p=4555\" target=\"_blank\" rel=\"noopener\"><span style=\"color: #ff0000;\">&#8212;&gt;&gt; K\u00d6VETKEZ\u0150 OLDAL<\/span><\/a><\/h3>\n<p>&#8211;<\/p>\n<p>Az aut\u00f3 biztos\u00edt\u00e1sa \u00e9s g\u00e9pj\u00e1rm\u0171ad\u00f3ja szint\u00e9n igen magas, \u00e9s a DB9 minden \u00e9vben vagy 16 000 kilom\u00e9terenk\u00e9nt szervizel\u00e9sre szorul. A modell rendk\u00edv\u00fcl k\u00edv\u00e1natos, de ennek \u00e1ra az er\u0151s \u00e9rt\u00e9kveszt\u00e9s, amit \u00e9rdemes figyelembe venni.<\/p>\n<p>A DB9 el\u0151dje, a DB7, gyakran az egyik legszebben megalkotott aut\u00f3k\u00e9nt van emlegetve, \u00e9s nem v\u00e9letlen\u00fcl. Mindk\u00e9t j\u00e1rm\u0171 terveit Ian Callum k\u00e9sz\u00edtette, abban az id\u0151szakban, amikor a Jaguar \u00e9s az Aston Martin egyar\u00e1nt a Ford tulajdon\u00e1ban volt. A DB9 klasszikus vonalai ma m\u00e1r nem annyira kiemelked\u0151ek, mivel a jelenlegi Aston Martin modellek mind hasonl\u00f3 formavil\u00e1got k\u00f6vetnek, \u00edgy a DB9 nehezen t\u0171nik ki k\u00f6z\u00fcl\u00fck. Az aut\u00f3 bels\u0151 ter\u00e9nek tervez\u00e9se azonban tov\u00e1bbra is az Aston Martin v\u00e9djegye, ahol a vezet\u0151 \u00e9s az utasok gy\u00f6ny\u00f6r\u0171 k\u00e9zzel varrott b\u0151rk\u00e1rpitoz\u00e1ssal, luxus fa bor\u00edt\u00e1ssal \u00e9s rendk\u00edv\u00fcl magas szint\u0171 illeszt\u00e9si min\u0151s\u00e9ggel tal\u00e1lkozhatnak mindenhol.<\/p>\n<p>Ha egy Aston Martint keresel, ami a csal\u00e1d sz\u00e1m\u00e1ra is megfelel\u0151, akkor a n\u00e9gyajt\u00f3s Rapide a legjobb v\u00e1laszt\u00e1s. A DB9 viszont egy igazi grand tourer, ami k\u00e9t szem\u00e9lyre van szabva, semmi extra. M\u00e9g a gyerekek is k\u00e9nyelmetlen\u00fcl sz\u0171knek tal\u00e1lj\u00e1k a h\u00e1ts\u00f3 \u00fcl\u00e9seket, \u00e9s a csomagt\u00e9r sem t\u00fal b\u0151s\u00e9ges, mind\u00f6ssze 186 liter. De ha megengedheted magadnak a DB9-et, val\u00f3sz\u00edn\u0171leg van m\u00e1s aut\u00f3d is, ami praktikusabb a mindennapi feladatok elv\u00e9gz\u00e9s\u00e9re. A vezet\u0151 \u00e9s az utas sz\u00e1m\u00e1ra a fej- \u00e9s l\u00e1bt\u00e9r, valamint a t\u00e1rol\u00f3hely b\u0151s\u00e9ges, mert igaz\u00e1n \u0151k azok, akik sz\u00e1m\u00edtanak ezzel az aut\u00f3val.<\/p>\n<p>A DB9 egy komoly el\u0151rel\u00e9p\u00e9st jelentett a Jaguar XJ-S alap\u00fa DB7-hez k\u00e9pest, k\u00fcl\u00f6n\u00f6sen megb\u00edzhat\u00f3s\u00e1g szempontj\u00e1b\u00f3l. Az olyan probl\u00e9m\u00e1k, mint a motor, a v\u00e1lt\u00f3 vagy az alkatr\u00e9szek meghib\u00e1sod\u00e1sa, rendk\u00edv\u00fcl ritk\u00e1k, \u00e9s mivel m\u00e1r hossz\u00fa ideje kaphat\u00f3, minden kezdeti probl\u00e9m\u00e1t r\u00e9g orvosoltak.<\/p>\n","protected":false},"excerpt":{"rendered":"<p>A t\u00f6rt\u00e9net a TTok egyes felhaszn\u00e1l\u00f3inak k\u00f6r\u00e9ben kezdett el gyorsan terjedni, \u00e9s egyre t\u00f6bb vi\/e\u00f3 \u00e9s po\/zt sz\u00fcletett, amelyek Mil\u00f3&#8230; <span class=\"gridview-grid-post-read-more\"><a href=\"https:\/\/matrend.hu\/nekedinfo\/milo-viki-dramaja-utana-jartunk\/\">read more<span class=\"gridview-sr-only\"> Mil\u00f3 Viki dr\u00e1m\u00e1ja! Ut\u00e1na j\u00e1rtunk!<\/span><\/a><\/span><\/p>\n","protected":false},"author":1,"featured_media":4571,"comment_status":"open","ping_status":"open","sticky":false,"template":"","format":"standard","meta":{"footnotes":""},"categories":[1],"tags":[],"class_list":["post-4570","post","type-post","status-publish","format-standard","has-post-thumbnail","hentry","category-egyeb","wpcat-1-id"],"_links":{"self":[{"href":"https:\/\/matrend.hu\/nekedinfo\/wp-json\/wp\/v2\/posts\/4570","targetHints":{"allow":["GET"]}}],"collection":[{"href":"https:\/\/matrend.hu\/nekedinfo\/wp-json\/wp\/v2\/posts"}],"about":[{"href":"https:\/\/matrend.hu\/nekedinfo\/wp-json\/wp\/v2\/types\/post"}],"author":[{"embeddable":true,"href":"https:\/\/matrend.hu\/nekedinfo\/wp-json\/wp\/v2\/users\/1"}],"replies":[{"embeddable":true,"href":"https:\/\/matrend.hu\/nekedinfo\/wp-json\/wp\/v2\/comments?post=4570"}],"version-history":[{"count":1,"href":"https:\/\/matrend.hu\/nekedinfo\/wp-json\/wp\/v2\/posts\/4570\/revisions"}],"predecessor-version":[{"id":4572,"href":"https:\/\/matrend.hu\/nekedinfo\/wp-json\/wp\/v2\/posts\/4570\/revisions\/4572"}],"wp:featuredmedia":[{"embeddable":true,"href":"https:\/\/matrend.hu\/nekedinfo\/wp-json\/wp\/v2\/media\/4571"}],"wp:attachment":[{"href":"https:\/\/matrend.hu\/nekedinfo\/wp-json\/wp\/v2\/media?parent=4570"}],"wp:term":[{"taxonomy":"category","embeddable":true,"href":"https:\/\/matrend.hu\/nekedinfo\/wp-json\/wp\/v2\/categories?post=4570"},{"taxonomy":"post_tag","embeddable":true,"href":"https:\/\/matrend.hu\/nekedinfo\/wp-json\/wp\/v2\/tags?post=4570"}],"curies":[{"name":"wp","href":"https:\/\/api.w.org\/{rel}","templated":true}]}}