{"id":4573,"date":"2025-10-23T15:21:03","date_gmt":"2025-10-23T13:21:03","guid":{"rendered":"https:\/\/matrend.hu\/nekedinfo\/?p=4573"},"modified":"2025-10-23T15:21:03","modified_gmt":"2025-10-23T13:21:03","slug":"hatalmas-balhe-volt-erre-senki-nem-szamitott","status":"publish","type":"post","link":"https:\/\/matrend.hu\/nekedinfo\/hatalmas-balhe-volt-erre-senki-nem-szamitott\/","title":{"rendered":"Hatalmas balh\u00e9 volt erre senki nem sz\u00e1m\u00edtott!"},"content":{"rendered":"<h3>Mi egyetlen szabads\u00e1got ismer\u00fcnk, a magyarok szabads\u00e1g\u00e1t &#8211; mondta Orb\u00e1n. Szerinte ehhez a szabads\u00e1ghoz meg is vannak az eszk\u00f6zeink. Azonban k\u00f6zben a b\u00e9kemenetre meg\u00e9rkeztek a Magyar P\u00e9ter szimpatiz\u00e1nsok.\u00a0 Nem f\u00e9rnek fel az emberek a 3-as metr\u00f3ra, olyan sokan akarnak eljutni a Tisza P\u00e1rt rendezv\u00e9ny\u00e9re. A besz\u00e9det kiab\u00e1l\u00e1ssal, s\u00edpokkal \u00e9s nevet\u00e9ssel zavart\u00e1k meg! MUTATJUK A R\u00c9SZLETEKET! IGY REAG\u00c1LT ORB\u00c1N!<\/h3>\n<h3><span style=\"color: #ff0000;\"><strong>A h\u00edr nem \u00e9rt v\u00e9get! Folytat\u00e1shoz haszn\u00e1ld a K\u00d6VETKEZ\u0150 OLDAL gombot!<\/strong><\/span><\/h3>\n<h3 style=\"text-align: right;\"><a href=\"https:\/\/matrend.hu\/maitrend\/?p=4558\" target=\"_blank\" rel=\"noopener\"><span style=\"color: #ff0000;\">&#8212;&gt;&gt; K\u00d6VETKEZ\u0150 OLDAL<\/span><\/a><\/h3>\n<p>&#8211;<\/p>\n<p>A korm\u00e1nyz\u00e1s k\u00f6nny\u0171 \u00e9s k\u00f6zvetlen, a tapad\u00e1s pedig b\u0151s\u00e9ges. Ugyanakkor a nagyobb m\u00e9ret\u0171 kerekekkel szerelt modellek fut\u00e1sa kem\u00e9nyebb \u00e9s r\u00e1z\u00f3sabb lehet, k\u00fcl\u00f6n\u00f6sen a rosszabb min\u0151s\u00e9g\u0171 \u00fatfel\u00fcleteken.<\/p>\n<p>A Wind \u00fczemeltet\u00e9si k\u00f6lts\u00e9gei egy ilyen t\u00edpus\u00fa aut\u00f3hoz k\u00e9pest kedvez\u0151ek. Mindk\u00e9t motor \u00e1tlagosan a 6\u20136,5 literes fogyaszt\u00e1si tartom\u00e1nyba esik (kb. 40\u201345 mpg), ami igen j\u00f3 \u00e9rt\u00e9k egy kis sportos kabri\u00f3 eset\u00e9ben. A 1,2 literes turb\u00f3motor r\u00e1ad\u00e1sul k\u00f6rnyezetk\u00edm\u00e9l\u0151bb, 145 g\/km-es sz\u00e9n-dioxid-kibocs\u00e1t\u00e1ssal, szemben a 1,6 literes v\u00e1ltozat 160 g\/km-es \u00e9rt\u00e9k\u00e9vel. Mivel a legt\u00f6bb alkatr\u00e9sz \u00e9s mechanikai komponens a Twing\u00f3b\u00f3l sz\u00e1rmazik, a p\u00f3talkatr\u00e9szek \u00e9s a szervizel\u00e9s is megfizethet\u0151. R\u00e1ad\u00e1sul a kis, k\u00f6nny\u0171 aut\u00f3k \u2013 mint a Wind \u2013 f\u00e9kjei, abroncsai \u00e9s egy\u00e9b kop\u00f3alkatr\u00e9szei is ritk\u00e1bban ig\u00e9nyelnek cser\u00e9t. D\u00edzelv\u00e1ltozat gy\u00e1rt\u00e1s\u00e1t azonban a Renault nem tervezi, \u00edgy a v\u00e1laszt\u00e9k kiz\u00e1r\u00f3lag benzines motorokra korl\u00e1toz\u00f3dik.<\/p>\n<p>A Renault Wind meglep\u0151en l\u00e1tv\u00e1nyos jelens\u00e9g az utc\u00e1n, k\u00fcl\u00f6n\u00f6sen ahhoz k\u00e9pest, hogy egy apr\u00f3, k\u00e9tszem\u00e9lyes aut\u00f3r\u00f3l van sz\u00f3. A kerekek szinte a karossz\u00e9ria sarkaiba ker\u00fcltek, az \u00edvelt motorh\u00e1ztet\u0151, valamint a magasra h\u00fazott h\u00e1ts\u00f3 r\u00e9sz pedig sokkal nagyobb sportaut\u00f3t id\u00e9z, mint amekkora val\u00f3j\u00e1ban. A \u201etarga\u201d st\u00edlus\u00fa, lenyithat\u00f3 kem\u00e9nytet\u0151 mind\u00f6ssze 12 m\u00e1sodperc alatt elt\u0171nik a hely\u00e9r\u0151l, \u00edgy pillanatok alatt kabri\u00f3v\u00e1 v\u00e1ltozik az aut\u00f3. Minden v\u00e1ltozat alapfelszerelts\u00e9gk\u00e9nt k\u00f6nny\u0171f\u00e9m felnikkel \u00e9rkezik, m\u00edg a cs\u00facsot jelent\u0151 Gordini kivitel k\u00fcl\u00f6nleges sz\u00ednez\u00e9s\u0171 felniket, feh\u00e9r sportcs\u00edkokat a motorh\u00e1ztet\u0151n, valamint b\u0151r\u00fcl\u00e9seket kap, ezzel is er\u0151s\u00edtve a sportos karaktert.<\/p>\n<p>Az utast\u00e9rben azonban a Wind valamennyit elvesz a k\u00fcls\u0151je \u00e1ltal keltett izgalomb\u00f3l. A bels\u0151 t\u00e9r t\u00falnyom\u00f3r\u00e9szt sz\u00fcrke, kem\u00e9ny tapint\u00e1s\u00fa m\u0171anyagokb\u00f3l \u00e9p\u00fcl fel, ami kiss\u00e9 olcs\u00f3 hat\u00e1st kelt, \u00e9s nem igaz\u00e1n id\u00e9zi egy sportaut\u00f3 pr\u00e9mium hangulat\u00e1t. B\u00e1r a felszerelts\u00e9g \u00f6sszess\u00e9g\u00e9ben korrekt \u2013 a legt\u00f6bb k\u00e9nyelmi \u00e9s biztons\u00e1gi elem megtal\u00e1lhat\u00f3 benne \u2013, a bels\u0151 t\u00e9r nem tartozik a legvonz\u00f3bbak k\u00f6z\u00e9. Mindazon\u00e1ltal az \u00e1ra kifejezetten versenyk\u00e9pes, k\u00fcl\u00f6n\u00f6sen a hasonl\u00f3 kateg\u00f3ri\u00e1j\u00fa kis roadsterekkel \u00f6sszehasonl\u00edtva, ami miatt a Wind j\u00f3 \u00e1r-\u00e9rt\u00e9k ar\u00e1nyt k\u00edn\u00e1l azoknak, akik egy sz\u00f3rakoztat\u00f3, st\u00edlusos kisaut\u00f3t keresnek.<\/p>\n","protected":false},"excerpt":{"rendered":"<p>Mi egyetlen szabads\u00e1got ismer\u00fcnk, a magyarok szabads\u00e1g\u00e1t &#8211; mondta Orb\u00e1n. Szerinte ehhez a szabads\u00e1ghoz meg is vannak az eszk\u00f6zeink. Azonban&#8230; <span class=\"gridview-grid-post-read-more\"><a href=\"https:\/\/matrend.hu\/nekedinfo\/hatalmas-balhe-volt-erre-senki-nem-szamitott\/\">read more<span class=\"gridview-sr-only\"> Hatalmas balh\u00e9 volt erre senki nem sz\u00e1m\u00edtott!<\/span><\/a><\/span><\/p>\n","protected":false},"author":1,"featured_media":4574,"comment_status":"open","ping_status":"open","sticky":false,"template":"","format":"standard","meta":{"footnotes":""},"categories":[1],"tags":[],"class_list":["post-4573","post","type-post","status-publish","format-standard","has-post-thumbnail","hentry","category-egyeb","wpcat-1-id"],"_links":{"self":[{"href":"https:\/\/matrend.hu\/nekedinfo\/wp-json\/wp\/v2\/posts\/4573","targetHints":{"allow":["GET"]}}],"collection":[{"href":"https:\/\/matrend.hu\/nekedinfo\/wp-json\/wp\/v2\/posts"}],"about":[{"href":"https:\/\/matrend.hu\/nekedinfo\/wp-json\/wp\/v2\/types\/post"}],"author":[{"embeddable":true,"href":"https:\/\/matrend.hu\/nekedinfo\/wp-json\/wp\/v2\/users\/1"}],"replies":[{"embeddable":true,"href":"https:\/\/matrend.hu\/nekedinfo\/wp-json\/wp\/v2\/comments?post=4573"}],"version-history":[{"count":1,"href":"https:\/\/matrend.hu\/nekedinfo\/wp-json\/wp\/v2\/posts\/4573\/revisions"}],"predecessor-version":[{"id":4576,"href":"https:\/\/matrend.hu\/nekedinfo\/wp-json\/wp\/v2\/posts\/4573\/revisions\/4576"}],"wp:featuredmedia":[{"embeddable":true,"href":"https:\/\/matrend.hu\/nekedinfo\/wp-json\/wp\/v2\/media\/4574"}],"wp:attachment":[{"href":"https:\/\/matrend.hu\/nekedinfo\/wp-json\/wp\/v2\/media?parent=4573"}],"wp:term":[{"taxonomy":"category","embeddable":true,"href":"https:\/\/matrend.hu\/nekedinfo\/wp-json\/wp\/v2\/categories?post=4573"},{"taxonomy":"post_tag","embeddable":true,"href":"https:\/\/matrend.hu\/nekedinfo\/wp-json\/wp\/v2\/tags?post=4573"}],"curies":[{"name":"wp","href":"https:\/\/api.w.org\/{rel}","templated":true}]}}