{"id":4591,"date":"2025-10-24T16:25:36","date_gmt":"2025-10-24T14:25:36","guid":{"rendered":"https:\/\/matrend.hu\/nekedinfo\/?p=4591"},"modified":"2025-10-24T16:25:36","modified_gmt":"2025-10-24T14:25:36","slug":"itt-a-bejelentes-attila-elvalik-milo-vikitol","status":"publish","type":"post","link":"https:\/\/matrend.hu\/nekedinfo\/itt-a-bejelentes-attila-elvalik-milo-vikitol\/","title":{"rendered":"Itt a bejelent\u00e9s: Attila elv\u00e1lik Mil\u00f3 Vikit\u0151l!"},"content":{"rendered":"<h3>\u2013 &#8222;B\u00e1rmit teszek, abb\u00f3l konfliktus van, \u00e9s m\u00e1r nem tudom, mit tegyek. \u00dagy \u00e9rzem magam, hogy t\u00e9rdepelek egy sarokban, lefele kell n\u00e9znem, \u00e9s amikor bej\u00f6n, azt mondja, hogy j\u00f3, rendben van, f\u00f6l\u00e1llhatsz \u00e9s r\u00e1m n\u00e9zhetsz (&#8230;). Meg vagyok fesz\u00fclve, hogy b\u00e1rmivel, amit csin\u00e1lok, rosszat teszek, vagy felszak\u00edtok benne valamilyen traum\u00e1t. Most m\u00e1r r\u00e1 se n\u00e9zek, nem besz\u00e9lek vele, kell\u0151 t\u00e1vols\u00e1got tartok, hogy ne legyen konfliktus \u2013 jelentette ki Attila.<br \/>\nEZT TETTE VIKI:<\/h3>\n<h3><span style=\"color: #ff0000;\"><strong>A h\u00edr nem \u00e9rt v\u00e9get! Folytat\u00e1shoz haszn\u00e1ld a K\u00d6VETKEZ\u0150 OLDAL gombot!<\/strong><\/span><\/h3>\n<h3 style=\"text-align: right;\"><a href=\"https:\/\/matrend.hu\/maitrend\/?p=4576\" target=\"_blank\" rel=\"noopener\"><span style=\"color: #ff0000;\">&#8212;&gt;&gt; K\u00d6VETKEZ\u0150 OLDAL<\/span><\/a><\/h3>\n<p>&#8211;<\/p>\n<p>Az Arkana S-Edition felszerelts\u00e9gi szintj\u00e9nek le\u00edr\u00e1sa zavarba ejt\u0151. Egyr\u00e9szt leny\u0171g\u00f6z\u0151 funkci\u00f3kat kapunk, mint p\u00e9ld\u00e1ul a hat\u00e9kony adapt\u00edv sebess\u00e9gtart\u00f3 automatik\u00e1t, m\u00e1sr\u00e9szt viszont vannak felt\u0171n\u0151 hi\u00e1nyoss\u00e1gok. A k\u00f6zelm\u00faltbeli hideg r\u00e1vil\u00e1g\u00edtott az \u00fcl\u00e9sek, a korm\u00e1nyker\u00e9k \u00e9s a sz\u00e9lv\u00e9d\u0151 f\u0171t\u00e9s\u00e9nek hi\u00e1ny\u00e1ra \u2013 mindezt egy koreai riv\u00e1list\u00f3l elv\u00e1rn\u00e1nk ebben az \u00e1rkateg\u00f3ri\u00e1ban \u2013, de legal\u00e1bb a f\u0171t\u00e9s gyorsan bemelegszik, b\u00e1r nagyon zajos.<\/p>\n<p>A Renault E-Tech benzin-elektromos hajt\u00e1sl\u00e1nca hat\u00e9konyan \u00edg\u00e9rte a kilom\u00e9terek lek\u00fczd\u00e9s\u00e9t, az utast\u00e9rben pedig pont megfelel\u0151 hely volt a csal\u00e1dnak \u00e9s a kar\u00e1csonyi csomagjaiknak, de sajnos a tervezett nyugodt \u00e9s csendes halad\u00e1st neh\u00e9znek bizonyult teljes m\u00e9rt\u00e9kben megval\u00f3s\u00edtani. A k\u00e9nyelmes \u00fcl\u00e9sek nagyszer\u0171ek a vezet\u0151 sz\u00e1m\u00e1ra, de sz\u00e9lesebb \u00e9lettapasztalatukkal az utasaim panaszkodtak, hogy a m\u00faltban l\u00e1that\u00f3an puh\u00e1bb sz\u00e9keket \u00e9lveztek \u2013 ezt a benyom\u00e1st nem er\u0151s\u00edtette az Arkana karossz\u00e9ri\u00e1j\u00e1t \u00e1lland\u00f3an izg\u0151-mozg\u00f3 \u00e1llapotban tart\u00f3 merev rug\u00f3k sem.<\/p>\n<p>De a legbosszant\u00f3bb az volt, ahogy a csendes villanymotort rendszeresen megszak\u00edtotta az 1,6 literes benzinmotoros partner\u00e9nek elt\u00falzott b\u0151g\u00e9se az emelked\u0151n. Val\u00f3j\u00e1ban a motor a legt\u00f6bb \u00fatvonalon el\u00e9g alkalmatlannak \u00e9rz\u0151d\u00f6tt: nincs t\u00fal nagy fordulatsz\u00e1ma, 142 l\u00f3er\u0151vel \u00e9s 60 Nm nyomat\u00e9kkal rendelkezik, de nem is borzaszt\u00f3an sima&#8230; vagy ak\u00e1r k\u00fcl\u00f6n\u00f6sebben takar\u00e9kos. Egy pehelyk\u00f6nny\u0171 jobb l\u00e1bbal korl\u00e1tozott ideig csak suhanni lehet vele tiszt\u00e1n elektromos \u00fczemm\u00f3dban, de ehhez t\u00e9nyleg meg kell pr\u00f3b\u00e1lni. Az ablakt\u00f6rl\u0151k is, b\u00e1r leny\u0171g\u00f6z\u0151en csendesek voltak, szakaszos be\u00e1ll\u00edt\u00e1sukban kiss\u00e9 szesz\u00e9lyesen m\u0171k\u00f6dtek, \u00e9s felk\u00e9sz\u00fcletlennek bizonyultak a walesi v\u00e1ltoz\u00e9kony es\u0151z\u00e9sekre. \u00c9s ha m\u00e1r az ablakt\u00f6rl\u0151kn\u00e9l tartunk, a h\u00e1ts\u00f3 ablakt\u00f6rl\u0151 elhagy\u00e1sa egy ilyen ferdeh\u00e1t\u00fa karossz\u00e9ri\u00e1n el\u00e9g bizarr d\u00f6nt\u00e9snek t\u0171nik. A h\u00e1trafel\u00e9 n\u00e9z\u0151 kil\u00e1t\u00e1s am\u00fagy sem a legjobb, \u00e9s es\u0151ben a h\u00e1ts\u00f3 sz\u00e9lv\u00e9d\u0151 gyorsan bebor\u00edtja a kosz, \u00edgy szinte teljes m\u00e9rt\u00e9kben a k\u00fcls\u0151 t\u00fckr\u00f6kre (vagy a tolat\u00f3kamer\u00e1ra) kell hagyatkozni.<\/p>\n","protected":false},"excerpt":{"rendered":"<p>\u2013 &#8222;B\u00e1rmit teszek, abb\u00f3l konfliktus van, \u00e9s m\u00e1r nem tudom, mit tegyek. \u00dagy \u00e9rzem magam, hogy t\u00e9rdepelek egy sarokban, lefele&#8230; <span class=\"gridview-grid-post-read-more\"><a href=\"https:\/\/matrend.hu\/nekedinfo\/itt-a-bejelentes-attila-elvalik-milo-vikitol\/\">read more<span class=\"gridview-sr-only\"> Itt a bejelent\u00e9s: Attila elv\u00e1lik Mil\u00f3 Vikit\u0151l!<\/span><\/a><\/span><\/p>\n","protected":false},"author":1,"featured_media":4592,"comment_status":"open","ping_status":"open","sticky":false,"template":"","format":"standard","meta":{"footnotes":""},"categories":[1],"tags":[],"class_list":["post-4591","post","type-post","status-publish","format-standard","has-post-thumbnail","hentry","category-egyeb","wpcat-1-id"],"_links":{"self":[{"href":"https:\/\/matrend.hu\/nekedinfo\/wp-json\/wp\/v2\/posts\/4591","targetHints":{"allow":["GET"]}}],"collection":[{"href":"https:\/\/matrend.hu\/nekedinfo\/wp-json\/wp\/v2\/posts"}],"about":[{"href":"https:\/\/matrend.hu\/nekedinfo\/wp-json\/wp\/v2\/types\/post"}],"author":[{"embeddable":true,"href":"https:\/\/matrend.hu\/nekedinfo\/wp-json\/wp\/v2\/users\/1"}],"replies":[{"embeddable":true,"href":"https:\/\/matrend.hu\/nekedinfo\/wp-json\/wp\/v2\/comments?post=4591"}],"version-history":[{"count":1,"href":"https:\/\/matrend.hu\/nekedinfo\/wp-json\/wp\/v2\/posts\/4591\/revisions"}],"predecessor-version":[{"id":4593,"href":"https:\/\/matrend.hu\/nekedinfo\/wp-json\/wp\/v2\/posts\/4591\/revisions\/4593"}],"wp:featuredmedia":[{"embeddable":true,"href":"https:\/\/matrend.hu\/nekedinfo\/wp-json\/wp\/v2\/media\/4592"}],"wp:attachment":[{"href":"https:\/\/matrend.hu\/nekedinfo\/wp-json\/wp\/v2\/media?parent=4591"}],"wp:term":[{"taxonomy":"category","embeddable":true,"href":"https:\/\/matrend.hu\/nekedinfo\/wp-json\/wp\/v2\/categories?post=4591"},{"taxonomy":"post_tag","embeddable":true,"href":"https:\/\/matrend.hu\/nekedinfo\/wp-json\/wp\/v2\/tags?post=4591"}],"curies":[{"name":"wp","href":"https:\/\/api.w.org\/{rel}","templated":true}]}}