{"id":4594,"date":"2025-10-24T16:38:58","date_gmt":"2025-10-24T14:38:58","guid":{"rendered":"https:\/\/matrend.hu\/nekedinfo\/?p=4594"},"modified":"2025-10-24T16:38:58","modified_gmt":"2025-10-24T14:38:58","slug":"curtis-bekemenetes-fellepes","status":"publish","type":"post","link":"https:\/\/matrend.hu\/nekedinfo\/curtis-bekemenetes-fellepes\/","title":{"rendered":"Curtis b\u00e9kemenetes fell\u00e9p\u00e9s"},"content":{"rendered":"<h3>Osv\u00e1th Zsolt is l\u00e1tta a produkci\u00f3t, s meg is sz\u00f3lalt a fell\u00e9p\u00e9s\u00fck ut\u00e1n. Az okt\u00f3ber 23-i B\u00e9kemeneten Orb\u00e1n Viktor besz\u00e9d\u00e9t \u00fcnnepi m\u0171sor el\u0151zte meg: egy, az 1956-os forradalomr\u00f3l megeml\u00e9kez\u0151 sz\u00edndarab, amelyben Zor\u00e1n Ap\u00e1m hitte c\u00edm\u0171 dala is felcsend\u00fclt, ezt k\u00f6vet\u0151en pedig, k\u00f6zvetlen\u00fcl a minisztereln\u00f6k besz\u00e9d el\u0151tt Radics Gigi \u00e9s Curtis l\u00e9pett fel k\u00f6z\u00f6sen. Demj\u00e9n Ferenc legend\u00e1s, a Szabads\u00e1g v\u00e1ndorai c\u00edm\u0171 sl\u00e1ger\u00e9t dolgozt\u00e1k fel Dr. BRS k\u00f6zrem\u0171k\u00f6d\u00e9s\u00e9vel. MUTATJUK MI T\u00d6RT\u00c9NT!<\/h3>\n<h3><span style=\"color: #ff0000;\"><strong>A h\u00edr nem \u00e9rt v\u00e9get! Folytat\u00e1shoz haszn\u00e1ld a K\u00d6VETKEZ\u0150 OLDAL gombot!<\/strong><\/span><\/h3>\n<h3 style=\"text-align: right;\"><a href=\"https:\/\/matrend.hu\/maitrend\/?p=4579\" target=\"_blank\" rel=\"noopener\"><span style=\"color: #ff0000;\">&#8212;&gt;&gt; K\u00d6VETKEZ\u0150 OLDAL<\/span><\/a><\/h3>\n<p>&#8211;<\/p>\n<p>A motorv\u00e1laszt\u00e9k egyszer\u0171: k\u00e9tf\u00e9le benzines er\u0151forr\u00e1s \u00e1ll rendelkez\u00e9sre, 1.2 \u00e9s 1.4 literes kivitelben, d\u00edzelv\u00e1ltozat pedig egy\u00e1ltal\u00e1n nincs. Mindk\u00e9t motor j\u00f3l illik a kisaut\u00f3 praktikus jelleg\u00e9hez, b\u00e1r m\u00e9g a nagyobbik, 1.4 literes motor is kiss\u00e9 meger\u0151ltet\u0151 lehet nagyobb sebess\u00e9gn\u00e9l, mivel a legjobb teljes\u00edtm\u00e9ny el\u00e9r\u00e9s\u00e9hez magas fordulaton kell tartani. Ennek ellen\u00e9re a 4,5 liter\/100 km-es (52,3 mpg) fogyaszt\u00e1s rendk\u00edv\u00fcl gazdas\u00e1gosnak mondhat\u00f3, \u00edgy a nagyobbik motor ide\u00e1lis v\u00e1laszt\u00e1s lehet azok sz\u00e1m\u00e1ra, akik sokat aut\u00f3znak.<\/p>\n<p>Mindk\u00e9t motor megfelel\u0151 dinamizmust biztos\u00edt, de az aut\u00f3 t\u00e1gas, magas \u00e9p\u00edt\u00e9s\u0171 karossz\u00e9ri\u00e1ja n\u00e9mileg rontja az agilit\u00e1s\u00e1t. A kanyarstabilit\u00e1s \u00f6sszess\u00e9g\u00e9ben j\u00f3, de a karossz\u00e9ria jobban d\u0151l, mint n\u00e9h\u00e1ny riv\u00e1lis modelln\u00e9l, \u00e9s a vezet\u00e9si \u00e9lm\u00e9ny sem annyira \u00e9les \u00e9s sportos, mint az el\u0151z\u0151 gener\u00e1ci\u00f3\u00e9 volt. Sajnos a Honda nem orvosolta a kor\u00e1bbi modell legnagyobb kritik\u00e1j\u00e1t sem: a fut\u00f3m\u0171 tov\u00e1bbra is kem\u00e9ny. A nagyobb \u00fathib\u00e1kkal m\u00e9g eg\u00e9sz j\u00f3l megbirk\u00f3zik, de a kisebb r\u00e1zk\u00f3d\u00e1sok, \u00fathull\u00e1mok \u00e9s apr\u00f3 g\u00f6dr\u00f6k \u00e9rezhet\u0151en megzavarj\u00e1k az aut\u00f3 stabilit\u00e1s\u00e1t, ami v\u00e1rosi k\u00f6rnyezetben zavar\u00f3 lehet.<\/p>\n","protected":false},"excerpt":{"rendered":"<p>Osv\u00e1th Zsolt is l\u00e1tta a produkci\u00f3t, s meg is sz\u00f3lalt a fell\u00e9p\u00e9s\u00fck ut\u00e1n. Az okt\u00f3ber 23-i B\u00e9kemeneten Orb\u00e1n Viktor besz\u00e9d\u00e9t&#8230; <span class=\"gridview-grid-post-read-more\"><a href=\"https:\/\/matrend.hu\/nekedinfo\/curtis-bekemenetes-fellepes\/\">read more<span class=\"gridview-sr-only\"> Curtis b\u00e9kemenetes fell\u00e9p\u00e9s<\/span><\/a><\/span><\/p>\n","protected":false},"author":1,"featured_media":4595,"comment_status":"open","ping_status":"open","sticky":false,"template":"","format":"standard","meta":{"footnotes":""},"categories":[1],"tags":[],"class_list":["post-4594","post","type-post","status-publish","format-standard","has-post-thumbnail","hentry","category-egyeb","wpcat-1-id"],"_links":{"self":[{"href":"https:\/\/matrend.hu\/nekedinfo\/wp-json\/wp\/v2\/posts\/4594","targetHints":{"allow":["GET"]}}],"collection":[{"href":"https:\/\/matrend.hu\/nekedinfo\/wp-json\/wp\/v2\/posts"}],"about":[{"href":"https:\/\/matrend.hu\/nekedinfo\/wp-json\/wp\/v2\/types\/post"}],"author":[{"embeddable":true,"href":"https:\/\/matrend.hu\/nekedinfo\/wp-json\/wp\/v2\/users\/1"}],"replies":[{"embeddable":true,"href":"https:\/\/matrend.hu\/nekedinfo\/wp-json\/wp\/v2\/comments?post=4594"}],"version-history":[{"count":1,"href":"https:\/\/matrend.hu\/nekedinfo\/wp-json\/wp\/v2\/posts\/4594\/revisions"}],"predecessor-version":[{"id":4596,"href":"https:\/\/matrend.hu\/nekedinfo\/wp-json\/wp\/v2\/posts\/4594\/revisions\/4596"}],"wp:featuredmedia":[{"embeddable":true,"href":"https:\/\/matrend.hu\/nekedinfo\/wp-json\/wp\/v2\/media\/4595"}],"wp:attachment":[{"href":"https:\/\/matrend.hu\/nekedinfo\/wp-json\/wp\/v2\/media?parent=4594"}],"wp:term":[{"taxonomy":"category","embeddable":true,"href":"https:\/\/matrend.hu\/nekedinfo\/wp-json\/wp\/v2\/categories?post=4594"},{"taxonomy":"post_tag","embeddable":true,"href":"https:\/\/matrend.hu\/nekedinfo\/wp-json\/wp\/v2\/tags?post=4594"}],"curies":[{"name":"wp","href":"https:\/\/api.w.org\/{rel}","templated":true}]}}