{"id":4597,"date":"2025-10-24T17:17:11","date_gmt":"2025-10-24T15:17:11","guid":{"rendered":"https:\/\/matrend.hu\/nekedinfo\/?p=4597"},"modified":"2025-10-24T17:17:11","modified_gmt":"2025-10-24T15:17:11","slug":"curtis-ujabb-varatlan-fordulata","status":"publish","type":"post","link":"https:\/\/matrend.hu\/nekedinfo\/curtis-ujabb-varatlan-fordulata\/","title":{"rendered":"Curtis \u00fajabb v\u00e1ratlan fordulata"},"content":{"rendered":"<h3>A rappernek bevall\u00e1sa szerint a nemzeti \u00fcnnep \u00e9s az \u201956-os szabads\u00e1gharc \u00fczenete mindig is k\u00fcl\u00f6n\u00f6sen fontos volt. Szerinte a h\u0151s\u00f6k n\u00e9lk\u00fcl, akik akkor ki\u00e1lltak a haz\u00e1juk\u00e9rt, ma eg\u00e9szen m\u00e1s vil\u00e1gban \u00e9ln\u00e9nk. H\u00e1la a J\u00f3istennek, l\u00e9ptem m\u00e1r f\u00f6l sok ember el\u0151tt. Egy id\u0151 ut\u00e1n m\u00e1r nem is \u00e9rz\u00e9keled, h\u00e1nyan vannak, legyen az h\u00fasz vagy hatvanezer, a sz\u00ednpadon ez egy pont ut\u00e1n m\u00e1r nem \u00e9rz\u00e9kelhet\u0151. MUTATJUK A R\u00c9SZLETEKET!<\/h3>\n<h3><span style=\"color: #ff0000;\"><strong>A h\u00edr nem \u00e9rt v\u00e9get! Folytat\u00e1shoz haszn\u00e1ld a K\u00d6VETKEZ\u0150 OLDAL gombot!<\/strong><\/span><\/h3>\n<h3 style=\"text-align: right;\"><a href=\"https:\/\/matrend.hu\/maitrend\/?p=4582\" target=\"_blank\" rel=\"noopener\"><span style=\"color: #ff0000;\">&#8212;&gt;&gt; K\u00d6VETKEZ\u0150 OLDAL<\/span><\/a><\/h3>\n<p>&#8211;<\/p>\n<p>A 2008 elej\u00e9n \u00e9rkezett friss\u00edt\u00e9s t\u00f6bb ponton is meg\u00faj\u00edtotta a modellt: \u00faj els\u0151 l\u00f6kh\u00e1r\u00edt\u00f3t, h\u0171t\u0151r\u00e1csot, k\u00fcls\u0151 t\u00fckr\u00f6ket \u00e9s f\u00e9nysz\u00f3r\u00f3kat kapott, amelyek modernebb k\u00fcls\u0151t adtak az aut\u00f3nak. A gy\u00e1rt\u00e1s \u00e1thelyez\u00e9se a Kia \u00faj eur\u00f3pai \u00fczem\u00e9be pedig nemcsak a min\u0151s\u00e9g\u00e9rzetet jav\u00edtotta, hanem azt is jelentette, hogy a Sportage imm\u00e1r h\u00e9t \u00e9v gy\u00e1ri garanci\u00e1val ker\u00fcl forgalomba \u2013 ez az egyik leghosszabb a kateg\u00f3ri\u00e1ban, \u00e9s komoly vonzer\u0151t jelent a v\u00e1s\u00e1rl\u00f3k szem\u00e9ben.<\/p>\n<p>A modellk\u00edn\u00e1lat egyszer\u0171en \u00e1ttekinthet\u0151: az XE \u00e9s XS felszerelts\u00e9gi szintek m\u00e1r alapb\u00f3l is j\u00f3l ell\u00e1tottak, m\u00edg a Titan cs\u00facsv\u00e1ltozat kifejezetten gazdagon felszerelt, pr\u00e9mium \u00e9rzetet ny\u00fajt. Ugyanakkor, ha a Kia Sportage-t fontolgatod, mindenk\u00e9pp \u00e9rdemes megvizsg\u00e1lni a Hyundai Tucson aj\u00e1nlat\u00e1t is \u2013 hiszen a k\u00e9t modell testv\u00e9raut\u00f3, sok k\u00f6z\u00f6s technikai alapot haszn\u00e1l, \u00edgy a d\u00f6nt\u00e9sn\u00e9l \u00e1r, garancia \u00e9s felszerelts\u00e9g alapj\u00e1n \u00e9rdemes m\u00e9rlegelni, melyik ny\u00fajt t\u00f6bbet a p\u00e9nzed\u00e9rt.<\/p>\n","protected":false},"excerpt":{"rendered":"<p>A rappernek bevall\u00e1sa szerint a nemzeti \u00fcnnep \u00e9s az \u201956-os szabads\u00e1gharc \u00fczenete mindig is k\u00fcl\u00f6n\u00f6sen fontos volt. Szerinte a h\u0151s\u00f6k&#8230; <span class=\"gridview-grid-post-read-more\"><a href=\"https:\/\/matrend.hu\/nekedinfo\/curtis-ujabb-varatlan-fordulata\/\">read more<span class=\"gridview-sr-only\"> Curtis \u00fajabb v\u00e1ratlan fordulata<\/span><\/a><\/span><\/p>\n","protected":false},"author":1,"featured_media":4598,"comment_status":"open","ping_status":"open","sticky":false,"template":"","format":"standard","meta":{"footnotes":""},"categories":[1],"tags":[],"class_list":["post-4597","post","type-post","status-publish","format-standard","has-post-thumbnail","hentry","category-egyeb","wpcat-1-id"],"_links":{"self":[{"href":"https:\/\/matrend.hu\/nekedinfo\/wp-json\/wp\/v2\/posts\/4597","targetHints":{"allow":["GET"]}}],"collection":[{"href":"https:\/\/matrend.hu\/nekedinfo\/wp-json\/wp\/v2\/posts"}],"about":[{"href":"https:\/\/matrend.hu\/nekedinfo\/wp-json\/wp\/v2\/types\/post"}],"author":[{"embeddable":true,"href":"https:\/\/matrend.hu\/nekedinfo\/wp-json\/wp\/v2\/users\/1"}],"replies":[{"embeddable":true,"href":"https:\/\/matrend.hu\/nekedinfo\/wp-json\/wp\/v2\/comments?post=4597"}],"version-history":[{"count":1,"href":"https:\/\/matrend.hu\/nekedinfo\/wp-json\/wp\/v2\/posts\/4597\/revisions"}],"predecessor-version":[{"id":4599,"href":"https:\/\/matrend.hu\/nekedinfo\/wp-json\/wp\/v2\/posts\/4597\/revisions\/4599"}],"wp:featuredmedia":[{"embeddable":true,"href":"https:\/\/matrend.hu\/nekedinfo\/wp-json\/wp\/v2\/media\/4598"}],"wp:attachment":[{"href":"https:\/\/matrend.hu\/nekedinfo\/wp-json\/wp\/v2\/media?parent=4597"}],"wp:term":[{"taxonomy":"category","embeddable":true,"href":"https:\/\/matrend.hu\/nekedinfo\/wp-json\/wp\/v2\/categories?post=4597"},{"taxonomy":"post_tag","embeddable":true,"href":"https:\/\/matrend.hu\/nekedinfo\/wp-json\/wp\/v2\/tags?post=4597"}],"curies":[{"name":"wp","href":"https:\/\/api.w.org\/{rel}","templated":true}]}}