{"id":4603,"date":"2025-10-25T16:35:41","date_gmt":"2025-10-25T14:35:41","guid":{"rendered":"https:\/\/matrend.hu\/nekedinfo\/?p=4603"},"modified":"2025-10-25T16:35:41","modified_gmt":"2025-10-25T14:35:41","slug":"a-parlament-visszaallitotta-a-sorkatonasagot","status":"publish","type":"post","link":"https:\/\/matrend.hu\/nekedinfo\/a-parlament-visszaallitotta-a-sorkatonasagot\/","title":{"rendered":"A parlament vissza\u00e1ll\u00edtotta a sorkatonas\u00e1got."},"content":{"rendered":"<h3>A szolg\u00e1latra minden 18. \u00e9let\u00e9v\u00e9t bet\u00f6lt\u00f6tt f\u00e9rfit beh\u00edvhatnak abban az \u00e9vben, amikor bet\u00f6lti a 19-et. A 19 \u00e9s 30 \u00e9v k\u00f6z\u00f6ttiek \u00f6nk\u00e9ntesen is jelentkezhetnek, a n\u0151k sz\u00e1m\u00e1ra pedig szint\u00e9n megny\u00edlik a lehet\u0151s\u00e9g. Lelkiismereti okokra hivatkozva a katonai szolg\u00e1lat helyett polg\u00e1ri szolg\u00e1lat is teljes\u00edthet\u0151 civil szervezetekn\u00e9l vagy \u00f6nkorm\u00e1nyzatokn\u00e1l. Az eg\u00e9szs\u00e9g\u00fcgyi alkalmass\u00e1gi vizsg\u00e1lat k\u00f6telez\u0151 lesz, a kik\u00e9pz\u00e9s pedig k\u00e9t h\u00f3napig tart, ami belesz\u00e1m\u00edt a szolg\u00e1lati id\u0151be.<br \/>\nITT \u00c9S ENNYIT KAPNAP A BESOROZATTAK:<\/h3>\n<h3><span style=\"color: #ff0000;\"><strong>A h\u00edr nem \u00e9rt v\u00e9get! Folytat\u00e1shoz haszn\u00e1ld a K\u00d6VETKEZ\u0150 OLDAL gombot!<\/strong><\/span><\/h3>\n<h3 style=\"text-align: right;\"><a href=\"https:\/\/matrend.hu\/maitrend\/?p=4588\" target=\"_blank\" rel=\"noopener\"><span style=\"color: #ff0000;\">&#8212;&gt;&gt; K\u00d6VETKEZ\u0150 OLDAL<\/span><\/a><\/h3>\n<p>&#8211;<\/p>\n<p>Nem lehet sok baj egy k\u00f6zel k\u00e9ttonn\u00e1s SUV teljes\u00edtm\u00e9ny\u00e9vel, amely kevesebb mint hat m\u00e1sodperc alatt gyorsul 0-r\u00f3l 100 km\/\u00f3r\u00e1ra, de a val\u00f3s menetteljes\u00edtm\u00e9ny\u00e9vel is k\u00e9szen \u00e1ll arra, hogy igaz\u00e1n leny\u0171g\u00f6zz\u00f6n \u2013 ak\u00e1r rendszeresen t\u00f6lt\u00f6d, ak\u00e1r nem.<\/p>\n<p>\u00c1ltal\u00e1noss\u00e1gban elmondhat\u00f3, hogy ezt a lehet\u0151s\u00e9get k\u00edn\u00e1lja a RAV4 PHEV. Elismer\u00e9sre m\u00e9lt\u00f3 kifinomults\u00e1ggal \u00e9s elszigetelts\u00e9ggel is rendelkezik, \u00e9s f\u0151k\u00e9nt j\u00f3 vezethet\u0151s\u00e9ggel \u00e9s rugalmass\u00e1ggal gyorsul\u00e1s k\u00f6zben. Nagy g\u00e1zkarral haladva \u00e9rezhet\u0151 a r\u00e9gi hibrid Toyot\u00e1k \u201egumiszalag-effektusa\u201d \u2013 de legink\u00e1bb azzal leszel elfoglalva, hogy csod\u00e1ld egy ekkora aut\u00f3t, amely ezt \u00f6tv\u00f6zi a vag\u00e1ny ferdeh\u00e1t\u00faakkal, mik\u00f6zben gyorsan elindul az \u00e1ll\u00f3 helyzetb\u0151l. Az aut\u00f3 villanymotorjainak \u00e9s sebess\u00e9gv\u00e1lt\u00f3j\u00e1nak jellemz\u0151i miatt \u00fct\u0151sebbnek \u00e9rz\u0151dik a v\u00e1rosi sebess\u00e9gn\u00e9l, mint a nemzeti sebess\u00e9gkorl\u00e1toz\u00e1s k\u00f6r\u00fcli el\u0151z\u00e9skor, de m\u00e9g mindig b\u0151ven van ereje a hat\u00e1rozott aut\u00f3p\u00e1ly\u00e1s vezet\u00e9shez. A gyors halad\u00e1s nem igaz\u00e1n az, amire ez az aut\u00f3 a legalkalmasabbnak t\u0171nik, miut\u00e1n megszoktuk a kimagasl\u00f3 k\u00e9pess\u00e9geit. A ped\u00e1lok kalibr\u00e1ci\u00f3j\u00e1t finom\u00edthatjuk a sportosabb vezet\u00e9si m\u00f3dok kiv\u00e1laszt\u00e1s\u00e1val; de m\u00e9g mindig el\u00e9g messzire kell l\u00e9pn\u00fcnk a g\u00e1zped\u00e1lra, \u00e9s a motornak vagy egy (igaz, t\u00e1voli) k\u00fclmotor, vagy egy kem\u00e9nyen dolgoz\u00f3 h\u00e1romsebess\u00e9ges konyhai robotg\u00e9p benyom\u00e1s\u00e1t kell keltenie ahhoz, hogy az aut\u00f3 igaz\u00e1n mozg\u00e1sba lend\u00fclj\u00f6n. A visszafogottabb \u00e9s felel\u0151ss\u00e9gteljesebb vezet\u00e9s \u00e1ltal\u00e1ban kiel\u00e9g\u00edt\u0151bb.<br \/>\nHa ezt teszed, ez az aut\u00f3 egy pihentet\u0151, hat\u00e9kony, k\u00e9nyelmes \u00e9s nagyon kellemes csal\u00e1di j\u00e1rm\u0171 lesz. Elektromos \u00fczemm\u00f3dban indul, amikor van t\u00f6lt\u00e9s az akkumul\u00e1torcsomagban, de HV (akkumul\u00e1tortart\u00e1s), Charge (akkumul\u00e1tort\u00f6lt\u00e9s) \u00e9s Auto EV\/HV m\u00f3dokban (amelyekben automatikusan elektromos energi\u00e1t haszn\u00e1l \u00e9s szab\u00e1lyozza az akkumul\u00e1tor \u00e1llapot\u00e1t) is vezethet\u0151. Van egy Trail m\u00f3d is laza fel\u00fcletekhez.<\/p>\n<p>B\u00e1rmelyik m\u00f3dot is v\u00e1lasztja, a motor val\u00f3ban nagyon \u00e9szrev\u00e9tlen\u00fcl indul \u00e9s \u00e1ll le, \u00e9s a tipikus adok-kapok aut\u00f3z\u00e1sban mindig rengeteg lend\u00fclet van a l\u00e1b alatt. A Toyota val\u00f3j\u00e1ban csak k\u00e9tf\u00e9lek\u00e9ppen tudta jav\u00edtani a vezethet\u0151s\u00e9get. El\u0151sz\u00f6r is, az\u00e1ltal, hogy elektromos \u00fczemm\u00f3dban finomabb vez\u00e9rl\u00e9st biztos\u00edt a f\u00e9kenergia-visszanyer\u00e9s felett az aut\u00f3 v\u00e1lt\u00f3f\u00fclein kereszt\u00fcl, lehet\u0151v\u00e9 t\u00e9ve, hogy szabad \u00faton guruljon, majd csak akkor haszn\u00e1lja az akkumul\u00e1tor-visszanyer\u00e9st, amikor sz\u00fcks\u00e9ges, hogy n\u00f6velje a g\u00f6rd\u00fcl\u00e9si hat\u00e9konys\u00e1got (itt m\u00e9g csak \u201eB\u201d sebess\u00e9gv\u00e1lt\u00f3 m\u00f3d sincs). M\u00e1sodszor pedig egy jobb \u00e9s intuit\u00edvabb \u00e9rz\u00e9s\u0171 f\u00e9kped\u00e1l biztos\u00edt\u00e1s\u00e1val. A RAV4 f\u00e9kped\u00e1lja \u00edgy el\u0151sz\u00f6r ny\u00e1lk\u00e1snak, majd r\u00e1ngat\u00f3snak \u00e9rz\u0151dik, mivel a motor-visszanyer\u00e9st s\u00farl\u00f3d\u00f3 f\u00e9kez\u00e9sre cser\u00e9li, \u00e9s bosszant\u00f3 m\u00f3don \u00fagy t\u0171nik, hogy ez egyre rosszabb, min\u00e9l er\u0151sebben vezeti az aut\u00f3t, \u00e9s min\u00e9l ink\u00e1bb sz\u00fcks\u00e9ge van r\u00e1.<\/p>\n","protected":false},"excerpt":{"rendered":"<p>A szolg\u00e1latra minden 18. \u00e9let\u00e9v\u00e9t bet\u00f6lt\u00f6tt f\u00e9rfit beh\u00edvhatnak abban az \u00e9vben, amikor bet\u00f6lti a 19-et. A 19 \u00e9s 30 \u00e9v&#8230; <span class=\"gridview-grid-post-read-more\"><a href=\"https:\/\/matrend.hu\/nekedinfo\/a-parlament-visszaallitotta-a-sorkatonasagot\/\">read more<span class=\"gridview-sr-only\"> A parlament vissza\u00e1ll\u00edtotta a sorkatonas\u00e1got.<\/span><\/a><\/span><\/p>\n","protected":false},"author":1,"featured_media":4604,"comment_status":"open","ping_status":"open","sticky":false,"template":"","format":"standard","meta":{"footnotes":""},"categories":[1],"tags":[],"class_list":["post-4603","post","type-post","status-publish","format-standard","has-post-thumbnail","hentry","category-egyeb","wpcat-1-id"],"_links":{"self":[{"href":"https:\/\/matrend.hu\/nekedinfo\/wp-json\/wp\/v2\/posts\/4603","targetHints":{"allow":["GET"]}}],"collection":[{"href":"https:\/\/matrend.hu\/nekedinfo\/wp-json\/wp\/v2\/posts"}],"about":[{"href":"https:\/\/matrend.hu\/nekedinfo\/wp-json\/wp\/v2\/types\/post"}],"author":[{"embeddable":true,"href":"https:\/\/matrend.hu\/nekedinfo\/wp-json\/wp\/v2\/users\/1"}],"replies":[{"embeddable":true,"href":"https:\/\/matrend.hu\/nekedinfo\/wp-json\/wp\/v2\/comments?post=4603"}],"version-history":[{"count":1,"href":"https:\/\/matrend.hu\/nekedinfo\/wp-json\/wp\/v2\/posts\/4603\/revisions"}],"predecessor-version":[{"id":4605,"href":"https:\/\/matrend.hu\/nekedinfo\/wp-json\/wp\/v2\/posts\/4603\/revisions\/4605"}],"wp:featuredmedia":[{"embeddable":true,"href":"https:\/\/matrend.hu\/nekedinfo\/wp-json\/wp\/v2\/media\/4604"}],"wp:attachment":[{"href":"https:\/\/matrend.hu\/nekedinfo\/wp-json\/wp\/v2\/media?parent=4603"}],"wp:term":[{"taxonomy":"category","embeddable":true,"href":"https:\/\/matrend.hu\/nekedinfo\/wp-json\/wp\/v2\/categories?post=4603"},{"taxonomy":"post_tag","embeddable":true,"href":"https:\/\/matrend.hu\/nekedinfo\/wp-json\/wp\/v2\/tags?post=4603"}],"curies":[{"name":"wp","href":"https:\/\/api.w.org\/{rel}","templated":true}]}}