{"id":4609,"date":"2025-10-25T18:16:06","date_gmt":"2025-10-25T16:16:06","guid":{"rendered":"https:\/\/matrend.hu\/nekedinfo\/?p=4609"},"modified":"2025-10-25T18:16:06","modified_gmt":"2025-10-25T16:16:06","slug":"milo-viki-ujra-parra-talalt","status":"publish","type":"post","link":"https:\/\/matrend.hu\/nekedinfo\/milo-viki-ujra-parra-talalt\/","title":{"rendered":"Mil\u00f3 Viki \u00fajra p\u00e1rra tal\u00e1lt!"},"content":{"rendered":"<h3>A h\u00e1zass\u00e1g els\u0151 l\u00e1t\u00e1sra Viktor pszichol\u00f3gussal! Viki neh\u00e9z id\u0151szakon ment kereszt\u00fcl, a ter\u00e1pia sokat seg\u00edtett neki. Azt\u00e1n egyszer csak azt vett\u00e9k \u00e9szre, hogy m\u00e1r nem csak a besz\u00e9lget\u00e9sek gy\u00f3gy\u00edtj\u00e1k, hanem a k\u00f6z\u00f6s nevet\u00e9sek, a hossz\u00fa s\u00e9t\u00e1k is. TTOKOS inform\u00e1ci\u00f3k szerint A p\u00e1rt a napokban egy\u00fctt l\u00e1tt\u00e1k a Margitszigeten, k\u00e9zen fogva, nevetg\u00e9lve. A j\u00e1r\u00f3kel\u0151k szerint \u201e\u00fagy n\u00e9ztek ki, mint k\u00e9t ti\/\u00e9dz\/er, akik \u00e9pp most fedezik fel a szer\/lm\/t\u201d. MUTATJUK A R\u00c9SZLETEKET!<\/h3>\n<h3><span style=\"color: #ff0000;\"><strong>A h\u00edr nem \u00e9rt v\u00e9get! Folytat\u00e1shoz haszn\u00e1ld a K\u00d6VETKEZ\u0150 OLDAL gombot!<\/strong><\/span><\/h3>\n<h3 style=\"text-align: right;\"><a href=\"https:\/\/matrend.hu\/maitrend\/?p=4594\" target=\"_blank\" rel=\"noopener\"><span style=\"color: #ff0000;\">&#8212;&gt;&gt; K\u00d6VETKEZ\u0150 OLDAL<\/span><\/a><\/h3>\n<p>&#8211;<\/p>\n<p>A Sonata egy\u00e9bk\u00e9nt tipikus p\u00e9ld\u00e1ja annak, amit sokan az \u201e\u00f6reg iskol\u00e1s\u201d Hyundai-modellekhez k\u00f6tnek. Mik\u00f6zben az olyan t\u00edpusok, mint az i30 vagy a Santa Fe, m\u00e1r egy\u00e9rtelm\u0171en a magasabb min\u0151s\u00e9g \u00e9s pr\u00e9mium ir\u00e1ny fel\u00e9 mutatnak, a Sonata szed\u00e1n form\u00e1j\u00e1ban megmaradt visszafogottnak, kiss\u00e9 konzervat\u00edvnak. A k\u00fcls\u0151 megjelen\u00e9se nem kelt k\u00fcl\u00f6n\u00f6sebb benyom\u00e1st: korrekt, de jellegtelen, \u00e9s a mai, formatervez\u00e9s-k\u00f6zpont\u00fa piacon szinte \u00e9szrev\u00e9tlen\u00fcl beleolvad a h\u00e1tt\u00e9rbe. Nem val\u00f3sz\u00edn\u0171, hogy elcs\u00e1b\u00edtan\u00e1 a Ford Mondeo vagy a Honda Accord v\u00e1s\u00e1rl\u00f3it, \u00edgy v\u00e1rhat\u00f3an tov\u00e1bbra is csak egy kisebb, r\u00e9tegig\u00e9nyeket kiel\u00e9g\u00edt\u0151 modell marad.<\/p>\n<p>A k\u00edn\u00e1lat is ennek megfelel\u0151en sz\u0171k: csup\u00e1n egyetlen, j\u00f3l felszerelt CDX kivitel \u00e9rhet\u0151 el, amelyhez h\u00e1romf\u00e9le motor v\u00e1laszthat\u00f3. Ezek k\u00f6z\u00fcl a d\u00edzel egy\u00e9rtelm\u0171en a legjobb v\u00e1laszt\u00e1s \u2013 kultur\u00e1ltabb, takar\u00e9kosabb \u00e9s hosszabb t\u00e1von kellemesebb t\u00e1rs, mint a benzines verzi\u00f3k. R\u00e1ad\u00e1sul az \u00e1ra mind\u00f6ssze k\u00f6r\u00fclbel\u00fcl 1000 fonttal haladja meg a 2,0 literes benzines\u00e9t, ami\u00e9rt cser\u00e9be sokkal \u00e9lhet\u0151bb \u00e9s gazdas\u00e1gosabb aut\u00f3t kap a vev\u0151.<\/p>\n","protected":false},"excerpt":{"rendered":"<p>A h\u00e1zass\u00e1g els\u0151 l\u00e1t\u00e1sra Viktor pszichol\u00f3gussal! Viki neh\u00e9z id\u0151szakon ment kereszt\u00fcl, a ter\u00e1pia sokat seg\u00edtett neki. Azt\u00e1n egyszer csak azt&#8230; <span class=\"gridview-grid-post-read-more\"><a href=\"https:\/\/matrend.hu\/nekedinfo\/milo-viki-ujra-parra-talalt\/\">read more<span class=\"gridview-sr-only\"> Mil\u00f3 Viki \u00fajra p\u00e1rra tal\u00e1lt!<\/span><\/a><\/span><\/p>\n","protected":false},"author":1,"featured_media":4610,"comment_status":"open","ping_status":"open","sticky":false,"template":"","format":"standard","meta":{"footnotes":""},"categories":[1],"tags":[],"class_list":["post-4609","post","type-post","status-publish","format-standard","has-post-thumbnail","hentry","category-egyeb","wpcat-1-id"],"_links":{"self":[{"href":"https:\/\/matrend.hu\/nekedinfo\/wp-json\/wp\/v2\/posts\/4609","targetHints":{"allow":["GET"]}}],"collection":[{"href":"https:\/\/matrend.hu\/nekedinfo\/wp-json\/wp\/v2\/posts"}],"about":[{"href":"https:\/\/matrend.hu\/nekedinfo\/wp-json\/wp\/v2\/types\/post"}],"author":[{"embeddable":true,"href":"https:\/\/matrend.hu\/nekedinfo\/wp-json\/wp\/v2\/users\/1"}],"replies":[{"embeddable":true,"href":"https:\/\/matrend.hu\/nekedinfo\/wp-json\/wp\/v2\/comments?post=4609"}],"version-history":[{"count":1,"href":"https:\/\/matrend.hu\/nekedinfo\/wp-json\/wp\/v2\/posts\/4609\/revisions"}],"predecessor-version":[{"id":4611,"href":"https:\/\/matrend.hu\/nekedinfo\/wp-json\/wp\/v2\/posts\/4609\/revisions\/4611"}],"wp:featuredmedia":[{"embeddable":true,"href":"https:\/\/matrend.hu\/nekedinfo\/wp-json\/wp\/v2\/media\/4610"}],"wp:attachment":[{"href":"https:\/\/matrend.hu\/nekedinfo\/wp-json\/wp\/v2\/media?parent=4609"}],"wp:term":[{"taxonomy":"category","embeddable":true,"href":"https:\/\/matrend.hu\/nekedinfo\/wp-json\/wp\/v2\/categories?post=4609"},{"taxonomy":"post_tag","embeddable":true,"href":"https:\/\/matrend.hu\/nekedinfo\/wp-json\/wp\/v2\/tags?post=4609"}],"curies":[{"name":"wp","href":"https:\/\/api.w.org\/{rel}","templated":true}]}}