{"id":4612,"date":"2025-10-25T18:36:33","date_gmt":"2025-10-25T16:36:33","guid":{"rendered":"https:\/\/matrend.hu\/nekedinfo\/?p=4612"},"modified":"2025-10-25T18:36:33","modified_gmt":"2025-10-25T16:36:33","slug":"milo-viki-felkepelte-attilat","status":"publish","type":"post","link":"https:\/\/matrend.hu\/nekedinfo\/milo-viki-felkepelte-attilat\/","title":{"rendered":"Mil\u00f3 Viki felk\u00e9pelte Attil\u00e1t!"},"content":{"rendered":"<h3>Viki a m\u0171sor sor\u00e1n t\u00f6bbsz\u00f6r is l\u00e1tv\u00e1nyosan \u00f6sszeomlott: k\u00f6nnyeivel k\u00fczdve, szorongva pr\u00f3b\u00e1lta feldolgozni a t\u00f6rt\u00e9nteket. T\u00f6bb alkalommal is elmondta, hogy kor\u00e1bban komoly traum\u00e1kat \u00e9lt \u00e1t.<br \/>\nA m\u00falt sebei, a jelen konfliktusai \u00e9s a folyamatos nyom\u00e1s egy\u00fctt azt eredm\u00e9nyezt\u00e9k, hogy Viki egyre nehezebben tudta kezelni a helyzetet. A n\u00e9z\u0151k k\u00f6z\u00fcl sokan egy\u00fctt\u00e9rz\u00e9ssel figyelik, hogyan pr\u00f3b\u00e1l er\u0151t venni mag\u00e1n, mik\u00f6zben a m\u0171sorban \u00fajra \u00e9s \u00fajra neh\u00e9z \u00e9rzelmi helyzetekbe ker\u00fcl.<br \/>\n\u00cdGY CSATTANT EL A F0F0N:<\/h3>\n<h3><span style=\"color: #ff0000;\"><strong>A h\u00edr nem \u00e9rt v\u00e9get! Folytat\u00e1shoz haszn\u00e1ld a K\u00d6VETKEZ\u0150 OLDAL gombot!<\/strong><\/span><\/h3>\n<h3 style=\"text-align: right;\"><a href=\"https:\/\/matrend.hu\/maitrend\/?p=4597\" target=\"_blank\" rel=\"noopener\"><span style=\"color: #ff0000;\">&#8212;&gt;&gt; K\u00d6VETKEZ\u0150 OLDAL<\/span><\/a><\/h3>\n<p>&#8211;<\/p>\n<p>K\u00faszva menj fel a lejt\u0151n, figyeld, merre tart az orr \u00e9s a gumik, mert rengeteg \u00e9les szikla van a k\u00f6rny\u00e9ken, \u00e9s biztosan nem strapab\u00edr\u00f3 oldalfal\u00fa terepgumikon megy\u00fcnk. \u00c9rd el a t\u00f6rmel\u00e9k tetej\u00e9t, ahonnan nagyszer\u0171 kil\u00e1t\u00e1s ny\u00edlik a k\u0151b\u00e1ny\u00e1ra \u00e9s a lejtmenet elemeire el\u0151tted, a Sorento motorh\u00e1zteteje alatt megb\u00fav\u00f3 r\u00e9szletekre. Nyomd a f\u00e9ket, \u00e9s v\u00e1rd meg, am\u00edg az idegenvezet\u0151 azt mondja, indul\u00e1sra k\u00e9sz vagyok&#8230;<br \/>\nDe \u00e1lljunk meg egy pillanatra, mert \u00e9rdemes magyar\u00e1zatot tal\u00e1lni arra, hogy mi\u00e9rt is van egy csal\u00e1dbar\u00e1t plug-in hibrid Sorent\u00f3t sokkal t\u00f6bb megpr\u00f3b\u00e1ltat\u00e1snak kit\u00e9ve, mint az iskolai teszt. Az igazat megvallva, f\u0151leg az\u00e9rt ment\u00fcnk a k\u0151b\u00e1ny\u00e1ba, hogy felder\u00edts\u00fck a helyet a tesztcsapat sz\u00e1m\u00e1ra, hogy kider\u00fclj\u00f6n, alkalmas-e a k\u00f6vetkez\u0151 kem\u00e9ny tereptesztre.<\/p>\n<p>De t\u00fal j\u00f3 alkalomnak t\u0171nt arra is, hogy kihagyjuk a Kia \u00e1ltal k\u00edn\u00e1lt \u00f6sszes rendszer tesztel\u00e9s\u00e9t, ami t\u00f6bb, mint gondoln\u00e1nk. B\u00e1r monocoque alv\u00e1zon van (mint az Mk2 \u00e9s Mk3 verzi\u00f3k, de ellent\u00e9tben az els\u0151 gener\u00e1ci\u00f3s modellel, amely hagyom\u00e1nyosabb terepj\u00e1r\u00f3 l\u00e9trav\u00e1zas fel\u00e9p\u00edt\u00e9s\u0171 volt), a PHEV alapfelszerelts\u00e9gk\u00e9nt terep \u00fczemm\u00f3ddal \u00e9s lejtmenet-vez\u00e9rl\u00e9ssel rendelkezik, az el\u0151bbi h\u00e1rom opci\u00f3t k\u00edn\u00e1l: sarat, havat \u00e9s homokot. Alapfelszerelts\u00e9gk\u00e9nt \u00f6sszker\u00e9khajt\u00e1s\u00fa, b\u00e1r olyan be\u00e1ll\u00edt\u00e1ssal, ami azt jelenti, hogy az id\u0151 nagy r\u00e9sz\u00e9ben els\u0151ker\u00e9k-hajt\u00e1ssal m\u0171k\u00f6dik. Csak akkor kapcsol mind a n\u00e9gy ker\u00e9kre, ha az aut\u00f3 megcs\u00fasz\u00e1st \u00e9rz\u00e9kel.<\/p>\n<p>A Terep m\u00f3d a motor nyomat\u00e9k\u00e1nak \u00e9s eloszt\u00e1s\u00e1nak, valamint a menetstabiliz\u00e1l\u00f3 param\u00e9tereinek \u00e9s a hatfokozat\u00fa automata sebess\u00e9gv\u00e1lt\u00f3 v\u00e1lt\u00e1si pontjainak be\u00e1ll\u00edt\u00e1s\u00e1val m\u0171k\u00f6dik. Alapvet\u0151en mindegyik a k\u00f6r\u00fclm\u00e9nyekhez igazodik, \u00edgy p\u00e9ld\u00e1ul a \u201eh\u00f3\u201d m\u00f3d korl\u00e1tozza a nyomat\u00e9kot, hogy megpr\u00f3b\u00e1lja megf\u00e9kezni a kerekek kip\u00f6rg\u00e9s\u00e9t. Nem olyan \u00e1tfog\u00f3, mint a Land Rover\u00e9, de m\u00e9g mindig sokkal t\u00f6bb, mint amit egy m\u0171kipufog\u00f3v\u00e9gekkel \u00e9s puha \u00fatfel\u00fclet\u0171 gumikkal teli vil\u00e1gban elv\u00e1rn\u00e1nk. Elismer\u00e9s a Ki\u00e1t\u00f3l, hogy a hardvert val\u00f3ban a megjelen\u00e9shez igaz\u00edtott\u00e1k.<\/p>\n","protected":false},"excerpt":{"rendered":"<p>Viki a m\u0171sor sor\u00e1n t\u00f6bbsz\u00f6r is l\u00e1tv\u00e1nyosan \u00f6sszeomlott: k\u00f6nnyeivel k\u00fczdve, szorongva pr\u00f3b\u00e1lta feldolgozni a t\u00f6rt\u00e9nteket. T\u00f6bb alkalommal is elmondta, hogy&#8230; <span class=\"gridview-grid-post-read-more\"><a href=\"https:\/\/matrend.hu\/nekedinfo\/milo-viki-felkepelte-attilat\/\">read more<span class=\"gridview-sr-only\"> Mil\u00f3 Viki felk\u00e9pelte Attil\u00e1t!<\/span><\/a><\/span><\/p>\n","protected":false},"author":1,"featured_media":4613,"comment_status":"open","ping_status":"open","sticky":false,"template":"","format":"standard","meta":{"footnotes":""},"categories":[1],"tags":[],"class_list":["post-4612","post","type-post","status-publish","format-standard","has-post-thumbnail","hentry","category-egyeb","wpcat-1-id"],"_links":{"self":[{"href":"https:\/\/matrend.hu\/nekedinfo\/wp-json\/wp\/v2\/posts\/4612","targetHints":{"allow":["GET"]}}],"collection":[{"href":"https:\/\/matrend.hu\/nekedinfo\/wp-json\/wp\/v2\/posts"}],"about":[{"href":"https:\/\/matrend.hu\/nekedinfo\/wp-json\/wp\/v2\/types\/post"}],"author":[{"embeddable":true,"href":"https:\/\/matrend.hu\/nekedinfo\/wp-json\/wp\/v2\/users\/1"}],"replies":[{"embeddable":true,"href":"https:\/\/matrend.hu\/nekedinfo\/wp-json\/wp\/v2\/comments?post=4612"}],"version-history":[{"count":1,"href":"https:\/\/matrend.hu\/nekedinfo\/wp-json\/wp\/v2\/posts\/4612\/revisions"}],"predecessor-version":[{"id":4614,"href":"https:\/\/matrend.hu\/nekedinfo\/wp-json\/wp\/v2\/posts\/4612\/revisions\/4614"}],"wp:featuredmedia":[{"embeddable":true,"href":"https:\/\/matrend.hu\/nekedinfo\/wp-json\/wp\/v2\/media\/4613"}],"wp:attachment":[{"href":"https:\/\/matrend.hu\/nekedinfo\/wp-json\/wp\/v2\/media?parent=4612"}],"wp:term":[{"taxonomy":"category","embeddable":true,"href":"https:\/\/matrend.hu\/nekedinfo\/wp-json\/wp\/v2\/categories?post=4612"},{"taxonomy":"post_tag","embeddable":true,"href":"https:\/\/matrend.hu\/nekedinfo\/wp-json\/wp\/v2\/tags?post=4612"}],"curies":[{"name":"wp","href":"https:\/\/api.w.org\/{rel}","templated":true}]}}