{"id":4619,"date":"2025-10-26T15:27:25","date_gmt":"2025-10-26T14:27:25","guid":{"rendered":"https:\/\/matrend.hu\/nekedinfo\/?p=4619"},"modified":"2025-10-26T15:27:25","modified_gmt":"2025-10-26T14:27:25","slug":"drama-a-vonaton-szornyu-ami-tortent","status":"publish","type":"post","link":"https:\/\/matrend.hu\/nekedinfo\/drama-a-vonaton-szornyu-ami-tortent\/","title":{"rendered":"Dr\u00e1ma a vonaton! Sz\u00f6rny\u0171 ami t\u00f6rt\u00e9nt!"},"content":{"rendered":"<h3>Egy szem\u00e9lyvonaton k\/zi\/r\u00e1n\/t ro\/ba\/t, a hat\u00f3s\u00e1gok szerint az egyik utas hozta m\u0171k\u00f6d\u00e9sbe a ro\/ban\/szer\/ezetet. A megyei rend\u0151rs\u00e9g k\u00f6zl\u00e9se szerint a de\/on\u00e1\/i\u00f3 k\u00f6vetkezt\u00e9ben legal\u00e1bb n\u00e9gyen \u00e9l\/t\u00fcket vesz\/ett\u00e9k, \u00e9s t\u00f6bben me\/s\u00e9r\/ltek. A K\u00e1rp\u00e1ti Igaz Sz\u00f3 inform\u00e1ci\u00f3i szerint az el\u0151zetes adatok alapj\u00e1n a ro\/ban\/st okoz\u00f3 f\u00e9rfi k\u00f6\/\u00f6z\u00e9s alatt \u00e1\/lt, \u00e9s kor\u00e1bban megpr\u00f3b\u00e1lta i\/leg\/lis\/n elhagyni U\/raj\/\u00e1t a nyugati hat\u00e1rn\u00e1l. MUTATJUK A R\u00c9SZLETEKET!<\/h3>\n<h3><span style=\"color: #ff0000;\"><strong>A h\u00edr nem \u00e9rt v\u00e9get! Folytat\u00e1shoz haszn\u00e1ld a K\u00d6VETKEZ\u0150 OLDAL gombot!<\/strong><\/span><\/h3>\n<h3 style=\"text-align: right;\"><a href=\"https:\/\/matrend.hu\/maitrend\/?p=4604\" target=\"_blank\" rel=\"noopener\"><span style=\"color: #ff0000;\">&#8212;&gt;&gt; K\u00d6VETKEZ\u0150 OLDAL<\/span><\/a><\/h3>\n<p>&#8211;<\/p>\n<p>Az utast\u00e9r is a vezet\u00e9s \u00e9lm\u00e9ny\u00e9t helyezi el\u0151t\u00e9rbe. A j\u00f3l elrendezett, sportos kabinban a v\u00e9kony perem\u0171 b\u0151rkorm\u00e1ny kellemes fog\u00e1s\u00fa, a r\u00f6vid v\u00e1lt\u00f3kar pedig k\u00e9zre esik, szinte \u00f6szt\u00f6n\u00f6sen ir\u00e1ny\u00edthat\u00f3. Sz\u00e1mos apr\u00f3, de ig\u00e9nyes r\u00e9szlet \u00e1rulkodik a tervez\u0151k figyelm\u00e9r\u0151l: a m\u0171szerfal tetej\u00e9n elhelyezett extra m\u0171szerek, a korm\u00e1ny m\u00f6g\u00f6tti m\u00e9lyen \u00fcl\u0151 \u00f3r\u00e1k, valamint az \u00f6sszeszerel\u00e9s precizit\u00e1sa mind azt sugallj\u00e1k, hogy a 350Z nem csup\u00e1n er\u0151s, hanem karakteres aut\u00f3 is.<\/p>\n<p>Ennek ellen\u00e9re vannak bosszant\u00f3 hi\u00e1nyoss\u00e1gai. A vezet\u00e9si poz\u00edci\u00f3 p\u00e9ld\u00e1ul t\u00fal magas \u2013 az \u00fcl\u00e9s nem \u00e1ll\u00edthat\u00f3 el\u00e9g m\u00e9lyre, \u00edgy a sportos vezet\u0151k sz\u00e1m\u00e1ra nem mindig siker\u00fcl megtal\u00e1lni az ide\u00e1lis \u00fcl\u00e9spoz\u00edci\u00f3t. A t\u00e1rol\u00f3helyek is meglehet\u0151sen korl\u00e1tozottak: nincs keszty\u0171tart\u00f3, az ajt\u00f3zsebek szinte haszn\u00e1lhatatlanul kicsik, \u00e9s b\u00e1r az any\u00f3s\u00fcl\u00e9s m\u00f6g\u00f6tt tal\u00e1lhat\u00f3 egy m\u00e9ly, z\u00e1rhat\u00f3 rekesz, menet k\u00f6zben gyakorlatilag el\u00e9rhetetlen. A csomagt\u00e9r 235 literes, ami nem t\u00fal t\u00e1gas, \u00e9s a form\u00e1ja miatt a helykihaszn\u00e1l\u00e1s is korl\u00e1tozott. Ugyanakkor a Nissan humor\u00e9rz\u00e9ke megmutatkozik \u2013 a csomagt\u00e9rben egy c\u00edmke mutatja, hogyan lehet k\u00e9t golf\u00fct\u0151-k\u00e9szletet elhelyezni, ami jelzi, hogy a 350Z tulajdonosai sz\u00e1m\u00e1ra a sport nemcsak az aut\u00f3z\u00e1st jelentheti. A csomagt\u00e9rrol\u00f3 viszont csak a rakt\u00e9r fel\u00e9t takarja, \u00edgy a poggy\u00e1sz egy r\u00e9sze l\u00e1that\u00f3 marad.<\/p>\n","protected":false},"excerpt":{"rendered":"<p>Egy szem\u00e9lyvonaton k\/zi\/r\u00e1n\/t ro\/ba\/t, a hat\u00f3s\u00e1gok szerint az egyik utas hozta m\u0171k\u00f6d\u00e9sbe a ro\/ban\/szer\/ezetet. A megyei rend\u0151rs\u00e9g k\u00f6zl\u00e9se szerint a&#8230; <span class=\"gridview-grid-post-read-more\"><a href=\"https:\/\/matrend.hu\/nekedinfo\/drama-a-vonaton-szornyu-ami-tortent\/\">read more<span class=\"gridview-sr-only\"> Dr\u00e1ma a vonaton! Sz\u00f6rny\u0171 ami t\u00f6rt\u00e9nt!<\/span><\/a><\/span><\/p>\n","protected":false},"author":1,"featured_media":4620,"comment_status":"open","ping_status":"open","sticky":false,"template":"","format":"standard","meta":{"footnotes":""},"categories":[1],"tags":[],"class_list":["post-4619","post","type-post","status-publish","format-standard","has-post-thumbnail","hentry","category-egyeb","wpcat-1-id"],"_links":{"self":[{"href":"https:\/\/matrend.hu\/nekedinfo\/wp-json\/wp\/v2\/posts\/4619","targetHints":{"allow":["GET"]}}],"collection":[{"href":"https:\/\/matrend.hu\/nekedinfo\/wp-json\/wp\/v2\/posts"}],"about":[{"href":"https:\/\/matrend.hu\/nekedinfo\/wp-json\/wp\/v2\/types\/post"}],"author":[{"embeddable":true,"href":"https:\/\/matrend.hu\/nekedinfo\/wp-json\/wp\/v2\/users\/1"}],"replies":[{"embeddable":true,"href":"https:\/\/matrend.hu\/nekedinfo\/wp-json\/wp\/v2\/comments?post=4619"}],"version-history":[{"count":1,"href":"https:\/\/matrend.hu\/nekedinfo\/wp-json\/wp\/v2\/posts\/4619\/revisions"}],"predecessor-version":[{"id":4621,"href":"https:\/\/matrend.hu\/nekedinfo\/wp-json\/wp\/v2\/posts\/4619\/revisions\/4621"}],"wp:featuredmedia":[{"embeddable":true,"href":"https:\/\/matrend.hu\/nekedinfo\/wp-json\/wp\/v2\/media\/4620"}],"wp:attachment":[{"href":"https:\/\/matrend.hu\/nekedinfo\/wp-json\/wp\/v2\/media?parent=4619"}],"wp:term":[{"taxonomy":"category","embeddable":true,"href":"https:\/\/matrend.hu\/nekedinfo\/wp-json\/wp\/v2\/categories?post=4619"},{"taxonomy":"post_tag","embeddable":true,"href":"https:\/\/matrend.hu\/nekedinfo\/wp-json\/wp\/v2\/tags?post=4619"}],"curies":[{"name":"wp","href":"https:\/\/api.w.org\/{rel}","templated":true}]}}