{"id":4622,"date":"2025-10-26T15:39:42","date_gmt":"2025-10-26T14:39:42","guid":{"rendered":"https:\/\/matrend.hu\/nekedinfo\/?p=4622"},"modified":"2025-10-26T15:39:42","modified_gmt":"2025-10-26T14:39:42","slug":"dobbenetes-fejlemenyek-kerultek-elo-vv-fanni-ugyeben","status":"publish","type":"post","link":"https:\/\/matrend.hu\/nekedinfo\/dobbenetes-fejlemenyek-kerultek-elo-vv-fanni-ugyeben\/","title":{"rendered":"D\u00f6bbenetes fejlem\u00e9nyek ker\u00fcltek el\u0151 VV Fanni \u00fcgy\u00e9ben!"},"content":{"rendered":"<h3>A sz\u00e1lak most \u00fajra megmozdultak: \u00e9rtes\u00edtett\u00e9k Fanni csal\u00e1dj\u00e1t, hogy v\u00e9gre \u00e1tvehetik l\u00e1nyuk megmaradt holmijait. Azokat a szem\u00e9lyes t\u00e1rgyakat, amelyeket a nyomoz\u00f3k \u00e9veken \u00e1t bizony\u00edt\u00e9kk\u00e9nt \u0151riztek \u2013 t\u00e1sk\u00e1t, telefont, sminkeszk\u00f6z\u00f6ket, pap\u00edrokat. A csal\u00e1d sz\u00e1m\u00e1ra ez t\u00f6bb volt, mint egy adminisztrat\u00edv l\u00e9p\u00e9s: egy pillanat, amikor \u00fajra k\u00e9zbe vehett\u00e9k azt, ami valaha Fannihoz tartozott. Az \u00e9vek \u00f3ta tart\u00f3 gy\u00e1sz ut\u00e1n most el\u0151sz\u00f6r \u00e9rezhett\u00e9k, hogy valami \u2013 b\u00e1rmilyen apr\u00f3s\u00e1g is \u2013 visszat\u00e9rhet az \u00e9let\u00fckbe.<br \/>\nA legmegd\u00f6bbent\u0151bb fejlem\u00e9ny azonban nem ez volt.<\/h3>\n<h3><span style=\"color: #ff0000;\"><strong>A h\u00edr nem \u00e9rt v\u00e9get! Folytat\u00e1shoz haszn\u00e1ld a K\u00d6VETKEZ\u0150 OLDAL gombot!<\/strong><\/span><\/h3>\n<h3 style=\"text-align: right;\"><a href=\"https:\/\/matrend.hu\/maitrend\/?p=4607\" target=\"_blank\" rel=\"noopener\"><span style=\"color: #ff0000;\">&#8212;&gt;&gt; K\u00d6VETKEZ\u0150 OLDAL<\/span><\/a><\/h3>\n<p>&#8211;<\/p>\n<p>Ha viszont egy leny\u0171g\u00f6z\u0151 bels\u0151 min\u0151s\u00e9ggel rendelkez\u0151 aut\u00f3t szeretne, akkor k\u00f6r\u00fcltekint\u0151en kell elj\u00e1rnia a specifik\u00e1ci\u00f3val: a luxus tesztaut\u00f3nkkal ellent\u00e9tben az alacsonyabb Pr\u00e9mium felszerelts\u00e9gi szint m\u0171b\u0151r \u00fcl\u00e9seket \u00e9s zongoralakk d\u00edsz\u00edt\u00e9st kap.<br \/>\nA k\u00f6z\u00e9pkonzolban rengeteg t\u00e1rol\u00f3hely tal\u00e1lhat\u00f3, sz\u00e1mos t\u00f6lt\u0151porttal (ezek mindegyike USB-A, nem pedig vegyes, hogy minden eszk\u00f6z t\u00f6lthet\u0151 legyen), a vezet\u00e9k n\u00e9lk\u00fcli eszk\u00f6zt\u00f6lt\u0151 \u00e9s a h\u00e1romt\u0171s 12 V-os t\u00e1pcsatlakoz\u00f3 pedig opcion\u00e1lis extr\u00e1kk\u00e9nt \u00e9rhet\u0151 el.<\/p>\n<p>A h\u00e1ts\u00f3 \u00fcl\u00e9spad 60\/40 ar\u00e1nyban osztottan el\u0151recs\u00fasztathat\u00f3 \u00e9s d\u00f6nthet\u0151, a l\u00e1bt\u00e9r pedig b\u0151s\u00e9ges, b\u00e1r az els\u0151 \u00fcl\u00e9sek alatti nagyobb hely lehet\u0151v\u00e9 tenn\u00e9 a magasabb feln\u0151ttek sz\u00e1m\u00e1ra, hogy jobban ny\u00fajt\u00f3zkodjanak. Egy harmadik \u00fcl\u00e9ssor opcion\u00e1lis. \u00d6tszem\u00e9lyes tesztaut\u00f3nk nagyobb helyet k\u00edn\u00e1l a csomagtart\u00f3 padl\u00f3ja alatt, mint a h\u00e9tszem\u00e9lyes. A csomagtart\u00f3ban nincsenek k\u00fcl\u00f6n\u00f6sebben \u00f6tletes funkci\u00f3k, lesz\u00e1m\u00edtva azokat a gombokat, amelyekkel t\u00e1volr\u00f3l le lehet d\u00f6nteni a h\u00e1ts\u00f3 \u00fcl\u00e9seket, amelyek nem egyedi tulajdons\u00e1gok.<br \/>\nA Genesis a Hyundai rendszer\u00e9nek egy olyan v\u00e1ltozat\u00e1t haszn\u00e1lja , amely m\u00e1r most is az egyik legjobb a piacon, de egy forg\u00f3vez\u00e9rl\u0151vel is rendelkezik, amely \u00e9rint\u0151padk\u00e9nt is funkcion\u00e1l a c\u00edmek be\u00edr\u00e1s\u00e1hoz, \u00edgy m\u00e9g jobb. A kijelz\u0151 egy 14,5 h\u00fcvelykes \u00e9rint\u0151k\u00e9perny\u0151s, \u00e9s nagyon gyorsan \u00e9s logikusan m\u0171k\u00f6dik, ha az ember megszokja. Meglehet\u0151sen magasan \u00e9s messze van elhelyezve, \u00edgy el kell \u00e9rni a haszn\u00e1lat\u00e1t. Ez ak\u00e1r sz\u00e1nd\u00e9kos is lehet, hogy arra \u00f6szt\u00f6n\u00f6zz\u00e9k a kev\u00e9sb\u00e9 zavar\u00f3 forg\u00f3vez\u00e9rl\u0151 haszn\u00e1lat\u00e1t vezet\u00e9s k\u00f6zben.<\/p>\n<p>Az Apple CarPlay \u00e9s az Android Auto alapfelszerelts\u00e9gk\u00e9nt \u00e9s nagyon j\u00f3l integr\u00e1lva tal\u00e1lhat\u00f3k, a M\u00e9dia \u00e9s T\u00e9rk\u00e9p gyorsgombokkal pedig b\u00e1rmelyik haszn\u00e1lt rendszerhez eljuthatunk, ahelyett, hogy a CarPlay vagy a be\u00e9p\u00edtett fel\u00fclet lenne alap\u00e9rtelmezett. Az egyetlen igazi probl\u00e9ma, hogy az okostelefon-t\u00fckr\u00f6z\u00e9s nem vezet\u00e9k n\u00e9lk\u00fcli, \u00e9s hogy az \u00f6sszes USB-port USB-A, nem pedig A \u00e9s C kever\u00e9ke.<\/p>\n","protected":false},"excerpt":{"rendered":"<p>A sz\u00e1lak most \u00fajra megmozdultak: \u00e9rtes\u00edtett\u00e9k Fanni csal\u00e1dj\u00e1t, hogy v\u00e9gre \u00e1tvehetik l\u00e1nyuk megmaradt holmijait. Azokat a szem\u00e9lyes t\u00e1rgyakat, amelyeket a&#8230; <span class=\"gridview-grid-post-read-more\"><a href=\"https:\/\/matrend.hu\/nekedinfo\/dobbenetes-fejlemenyek-kerultek-elo-vv-fanni-ugyeben\/\">read more<span class=\"gridview-sr-only\"> D\u00f6bbenetes fejlem\u00e9nyek ker\u00fcltek el\u0151 VV Fanni \u00fcgy\u00e9ben!<\/span><\/a><\/span><\/p>\n","protected":false},"author":1,"featured_media":4623,"comment_status":"open","ping_status":"open","sticky":false,"template":"","format":"standard","meta":{"footnotes":""},"categories":[1],"tags":[],"class_list":["post-4622","post","type-post","status-publish","format-standard","has-post-thumbnail","hentry","category-egyeb","wpcat-1-id"],"_links":{"self":[{"href":"https:\/\/matrend.hu\/nekedinfo\/wp-json\/wp\/v2\/posts\/4622","targetHints":{"allow":["GET"]}}],"collection":[{"href":"https:\/\/matrend.hu\/nekedinfo\/wp-json\/wp\/v2\/posts"}],"about":[{"href":"https:\/\/matrend.hu\/nekedinfo\/wp-json\/wp\/v2\/types\/post"}],"author":[{"embeddable":true,"href":"https:\/\/matrend.hu\/nekedinfo\/wp-json\/wp\/v2\/users\/1"}],"replies":[{"embeddable":true,"href":"https:\/\/matrend.hu\/nekedinfo\/wp-json\/wp\/v2\/comments?post=4622"}],"version-history":[{"count":1,"href":"https:\/\/matrend.hu\/nekedinfo\/wp-json\/wp\/v2\/posts\/4622\/revisions"}],"predecessor-version":[{"id":4624,"href":"https:\/\/matrend.hu\/nekedinfo\/wp-json\/wp\/v2\/posts\/4622\/revisions\/4624"}],"wp:featuredmedia":[{"embeddable":true,"href":"https:\/\/matrend.hu\/nekedinfo\/wp-json\/wp\/v2\/media\/4623"}],"wp:attachment":[{"href":"https:\/\/matrend.hu\/nekedinfo\/wp-json\/wp\/v2\/media?parent=4622"}],"wp:term":[{"taxonomy":"category","embeddable":true,"href":"https:\/\/matrend.hu\/nekedinfo\/wp-json\/wp\/v2\/categories?post=4622"},{"taxonomy":"post_tag","embeddable":true,"href":"https:\/\/matrend.hu\/nekedinfo\/wp-json\/wp\/v2\/tags?post=4622"}],"curies":[{"name":"wp","href":"https:\/\/api.w.org\/{rel}","templated":true}]}}