{"id":4631,"date":"2025-10-26T18:15:23","date_gmt":"2025-10-26T17:15:23","guid":{"rendered":"https:\/\/matrend.hu\/nekedinfo\/?p=4631"},"modified":"2025-10-26T18:15:23","modified_gmt":"2025-10-26T17:15:23","slug":"elszabadult-egy-vonat","status":"publish","type":"post","link":"https:\/\/matrend.hu\/nekedinfo\/elszabadult-egy-vonat\/","title":{"rendered":"Elszabadult egy vonat"},"content":{"rendered":"<h3>A M\u00c1V t\u00e1j\u00e9koztat\u00e1sa szerint a \u201eszellemvonatk\u00e9nt\u201d mozg\u00f3 szerelv\u00e9ny az indul\u00e1s ut\u00e1n h\u00e1rom v\u00e1lt\u00f3t is megrong\u00e1lt, miel\u0151tt Ny\u00edrcsaholy k\u00f6zel\u00e9ben v\u00e9g\u00fcl meg\u00e1llt. Az eset \u00e9jjel 2 \u00f3ra k\u00f6r\u00fcl t\u00f6rt\u00e9nt, a vonatot szombaton m\u0171szaki hiba miatt \u00e1ll\u00edtott\u00e1k le az \u00e1llom\u00e1son.<br \/>\nA vas\u00fatt\u00e1rsas\u00e1g k\u00f6z\u00f6lte, hogy nem t\u00f6rt\u00e9nt baleset vagy szem\u00e9lyi s\u00e9r\u00fcl\u00e9s.<\/h3>\n<h3><span style=\"color: #ff0000;\"><strong>A h\u00edr nem \u00e9rt v\u00e9get! Folytat\u00e1shoz haszn\u00e1ld a K\u00d6VETKEZ\u0150 OLDAL gombot!<\/strong><\/span><\/h3>\n<h3 style=\"text-align: right;\"><a href=\"https:\/\/matrend.hu\/maitrend\/?p=4616\" target=\"_blank\" rel=\"noopener\"><span style=\"color: #ff0000;\">&#8212;&gt;&gt; K\u00d6VETKEZ\u0150 OLDAL<\/span><\/a><\/h3>\n<p>&#8211;<\/p>\n<p>A h\u00e1ts\u00f3 utasok sz\u00e1m\u00e1ra a hely tov\u00e1bbra is sz\u0171k\u00f6s, \u00e1m a 110-es karossz\u00e9riav\u00e1ltozat k\u00fcl\u00f6nleges tr\u00fckk\u00f6t tartogat: plusz h\u00e1ts\u00f3 \u00fcl\u00e9seket kapott, r\u00e1ad\u00e1sul ezeket a kor\u00e1bbi Discoveryb\u0151l vett\u00e9k \u00e1t, \u00edgy meglep\u0151en k\u00e9nyelmesek. A Defender teh\u00e1t nemcsak terepen, hanem utassz\u00e1ll\u00edt\u00f3k\u00e9nt is meglep\u0151en sokoldal\u00fa.<\/p>\n<p>Persze a kompromisszumok nem hi\u00e1nyoznak. A szervizel\u00e9s k\u00f6lts\u00e9ges, \u00e9s a CO\u2082-kibocs\u00e1t\u00e1s (291 g\/km) sem teszi \u00e9ppen k\u00f6rnyezetbar\u00e1tt\u00e1. A fogyaszt\u00e1sa is meglehet\u0151sen magas \u2013 19,1 m\u00e9rf\u00f6ld gallononk\u00e9nt (kb. 14,8 l\/100 km) \u2013, de ha figyelembe vessz\u00fck, hogy \u00e1lland\u00f3 \u00f6sszker\u00e9khajt\u00e1s\u00fa j\u00e1rm\u0171r\u0151l van sz\u00f3, ez nem is annyira rossz eredm\u00e9ny.<\/p>\n<p>Az \u00e1rlist\u00e1t n\u00e9zve a Defender j\u00f3 \u00e1r-\u00e9rt\u00e9k ar\u00e1nyt k\u00edn\u00e1l: a gazdag felszerelts\u00e9g, a strapab\u00edr\u00f3 technika \u00e9s a h\u00e9t\u00fcl\u00e9ses kialak\u00edt\u00e1s egy\u00fctt egy olyan csomagot alkot, amely nemcsak a terepen, hanem a v\u00e1s\u00e1rl\u00f3k sz\u00edv\u00e9ben is meg\u00e1llja a hely\u00e9t. Az id\u0151k v\u00e1ltozhatnak, de a Defender szelleme v\u00e1ltozatlan \u2013 tov\u00e1bbra is a val\u00f3di kalandorok aut\u00f3ja.<\/p>\n","protected":false},"excerpt":{"rendered":"<p>A M\u00c1V t\u00e1j\u00e9koztat\u00e1sa szerint a \u201eszellemvonatk\u00e9nt\u201d mozg\u00f3 szerelv\u00e9ny az indul\u00e1s ut\u00e1n h\u00e1rom v\u00e1lt\u00f3t is megrong\u00e1lt, miel\u0151tt Ny\u00edrcsaholy k\u00f6zel\u00e9ben v\u00e9g\u00fcl meg\u00e1llt&#8230;. <span class=\"gridview-grid-post-read-more\"><a href=\"https:\/\/matrend.hu\/nekedinfo\/elszabadult-egy-vonat\/\">read more<span class=\"gridview-sr-only\"> Elszabadult egy vonat<\/span><\/a><\/span><\/p>\n","protected":false},"author":1,"featured_media":4632,"comment_status":"open","ping_status":"open","sticky":false,"template":"","format":"standard","meta":{"footnotes":""},"categories":[1],"tags":[],"class_list":["post-4631","post","type-post","status-publish","format-standard","has-post-thumbnail","hentry","category-egyeb","wpcat-1-id"],"_links":{"self":[{"href":"https:\/\/matrend.hu\/nekedinfo\/wp-json\/wp\/v2\/posts\/4631","targetHints":{"allow":["GET"]}}],"collection":[{"href":"https:\/\/matrend.hu\/nekedinfo\/wp-json\/wp\/v2\/posts"}],"about":[{"href":"https:\/\/matrend.hu\/nekedinfo\/wp-json\/wp\/v2\/types\/post"}],"author":[{"embeddable":true,"href":"https:\/\/matrend.hu\/nekedinfo\/wp-json\/wp\/v2\/users\/1"}],"replies":[{"embeddable":true,"href":"https:\/\/matrend.hu\/nekedinfo\/wp-json\/wp\/v2\/comments?post=4631"}],"version-history":[{"count":1,"href":"https:\/\/matrend.hu\/nekedinfo\/wp-json\/wp\/v2\/posts\/4631\/revisions"}],"predecessor-version":[{"id":4633,"href":"https:\/\/matrend.hu\/nekedinfo\/wp-json\/wp\/v2\/posts\/4631\/revisions\/4633"}],"wp:featuredmedia":[{"embeddable":true,"href":"https:\/\/matrend.hu\/nekedinfo\/wp-json\/wp\/v2\/media\/4632"}],"wp:attachment":[{"href":"https:\/\/matrend.hu\/nekedinfo\/wp-json\/wp\/v2\/media?parent=4631"}],"wp:term":[{"taxonomy":"category","embeddable":true,"href":"https:\/\/matrend.hu\/nekedinfo\/wp-json\/wp\/v2\/categories?post=4631"},{"taxonomy":"post_tag","embeddable":true,"href":"https:\/\/matrend.hu\/nekedinfo\/wp-json\/wp\/v2\/tags?post=4631"}],"curies":[{"name":"wp","href":"https:\/\/api.w.org\/{rel}","templated":true}]}}