{"id":4637,"date":"2025-10-27T16:03:06","date_gmt":"2025-10-27T15:03:06","guid":{"rendered":"https:\/\/matrend.hu\/nekedinfo\/?p=4637"},"modified":"2025-10-27T16:05:55","modified_gmt":"2025-10-27T15:05:55","slug":"megint-szornyuseg-tortent-a-pilisben","status":"publish","type":"post","link":"https:\/\/matrend.hu\/nekedinfo\/megint-szornyuseg-tortent-a-pilisben\/","title":{"rendered":"Megint borzaszt\u00f3 dolog t\u00f6rt\u00e9nt a Pilisben!"},"content":{"rendered":"<h3>A bejegyz\u00e9s\u00fck szerint a kora esti \u00f3r\u00e1kban kaptak egy riaszt\u00e1st, miszerint valaki nagy bajba ker\u00fclt Pilisszentl\u00e1szl\u00f3 felett, az erd\u0151ben. K\u00e9t egys\u00e9g is \u00fatnak indult a keres\u00e9s\u00e9re. A seg\u00e9lyki\u00e1lt\u00e1sok val\u00f3sak voltak, a bajbajutott szem\u00e9ly feltehet\u0151en tud\/tm\u00f3d0s\/t\u00f3 szerek hat\u00e1sa alatt \u00e1llt, \u00e9s az erd\u0151ben tapasztalt, v\u00e9lt vagy val\u00f3s f\u00e9lelmei miatt k\u00e9rt seg\u00edts\u00e9get \u2013 \u00edrt\u00e1k a k\u00f6z\u00f6ss\u00e9gi oldalukon.<br \/>\nEZ T\u00d6RT\u00c9NT PONTOSAN:<\/h3>\n<h3><span style=\"color: #ff0000;\"><strong>A h\u00edr nem \u00e9rt v\u00e9get! Folytat\u00e1shoz haszn\u00e1ld a K\u00d6VETKEZ\u0150 OLDAL gombot!<\/strong><\/span><\/h3>\n<h3 style=\"text-align: right;\"><a href=\"https:\/\/matrend.hu\/maitrend\/?p=4622\" target=\"_blank\" rel=\"noopener\"><span style=\"color: #ff0000;\">&#8212;&gt;&gt; K\u00d6VETKEZ\u0150 OLDAL<\/span><\/a><\/h3>\n<p>&#8211;<\/p>\n<p>Az elektromos motorok ak\u00e1r 110 l\u00f3er\u0151t is leadhatnak, ami nagyj\u00e1b\u00f3l megegyezik a Hybrid R teljes\u00edtm\u00e9ny\u00e9vel, de az 508 PSE bels\u0151 \u00e9g\u00e9s\u0171 motorja mind\u00f6ssze 197 l\u00f3er\u0151t produk\u00e1l, szemben a 308 Hybrid R 266 l\u00f3erej\u00e9vel.<br \/>\nEz a v\u00e1ltoztat\u00e1s n\u00e9mi mozg\u00e1steret biztos\u00edthat a motornak, hogy \u00e1ramfejleszt\u0151k\u00e9nt m\u0171k\u00f6dj\u00f6n an\u00e9lk\u00fcl, hogy befoly\u00e1soln\u00e1 az els\u0151 kerekekhez juttathat\u00f3 teljes\u00edtm\u00e9ny mennyis\u00e9g\u00e9t, de ugyanilyen val\u00f3sz\u00edn\u0171, hogy arr\u00f3l is sz\u00f3l, hogy megakad\u00e1lyozza a t\u00fal sok h\u0151 termel\u0151d\u00e9s\u00e9t, ami h\u00e1tr\u00e1nyosan befoly\u00e1soln\u00e1 az aut\u00f3 hajt\u00e1srendszer\u00e9nek elektromos fel\u00e9t.<\/p>\n<p>Az 508 PSE cs\u00facsteljes\u00edtm\u00e9nye 355 l\u00f3er\u0151, szemben a most \u00f6sszesz\u00e1molt 400 k\u00f6r\u00fcli \u00e9rt\u00e9kkel, a maxim\u00e1lis nyomat\u00e9k pedig egy\u00fcttesen 400 Nm, m\u00e1r 500-as fordulatsz\u00e1mt\u00f3l leadva.<br \/>\nAz el\u0151bbi oka az, hogy az aut\u00f3 l\u00edtium-ion akkumul\u00e1tora (11,5 kWh, amely k\u00e9pes egy WLTP laborat\u00f3riumi teszt szerint 42 kilom\u00e9teres elektromos hat\u00f3t\u00e1vols\u00e1got lehet\u0151v\u00e9 tenni) csak annyi \u00e1ramot tud leadni, hogy a motorok egyszerre legfeljebb 158 l\u00f3er\u0151t tudjanak felvenni \u2013 \u00e9s ez csak Sport m\u00f3dban m\u0171k\u00f6dik. Ez n\u00e9mi javul\u00e1s a 308 Hybrid R robusztusabb teljes\u00edtm\u00e9ny\u00e9hez k\u00e9pest \u2013 amelynek hajt\u00f3akkumul\u00e1tora mind\u00f6ssze 3 kWh kapacit\u00e1s\u00fa volt, nagyon gyorsan lemer\u00fclt, \u00e9s egy olyan aut\u00f3 r\u00e9sze volt, amelynek egy\u00e9rtelm\u0171 h\u0151kezel\u00e9si probl\u00e9m\u00e1i voltak \u2013, de a teljes\u00edtm\u00e9ny-t\u00f6meg ar\u00e1ny tekintet\u00e9ben ez az aut\u00f3 csak nagyj\u00e1b\u00f3l versenyk\u00e9pes helyen marad a legk\u00f6zelebbi riv\u00e1lisaival szemben, nem pedig abban a kiemelked\u0151ben, amit egyesek elv\u00e1rn\u00e1nak t\u0151le.<br \/>\nA Peugeot Sport elv\u00e9gezte a r\u00e1 jellemz\u0151 alapos munk\u00e1t a Peugeot 508 felf\u00fcggeszt\u00e9s\u00e9n: kisz\u00e9les\u00edtette mindk\u00e9t nyomt\u00e1vot, \u00fajra\u00e9rt\u00e9kelte a rug\u00f3kat, a leng\u00e9scsillap\u00edt\u00f3kat \u00e9s a kanyarstabiliz\u00e1torokat minden sark\u00e1n\u00e1l, \u00faj adapt\u00edv leng\u00e9scsillap\u00edt\u00f3kat \u00e9s \u00faj Alcon els\u0151 f\u00e9keket szerelt be, \u00fajrakalibr\u00e1lta az elektromechanikus szervokorm\u00e1nyt, valamint 20 colos k\u00f6nny\u0171f\u00e9m ker\u00e9kt\u00e1rcs\u00e1kat \u00e9s Michelin Pilot Sport 4S sportgumikt szerelt fel.<\/p>\n","protected":false},"excerpt":{"rendered":"<p>A bejegyz\u00e9s\u00fck szerint a kora esti \u00f3r\u00e1kban kaptak egy riaszt\u00e1st, miszerint valaki nagy bajba ker\u00fclt Pilisszentl\u00e1szl\u00f3 felett, az erd\u0151ben. K\u00e9t&#8230; <span class=\"gridview-grid-post-read-more\"><a href=\"https:\/\/matrend.hu\/nekedinfo\/megint-szornyuseg-tortent-a-pilisben\/\">read more<span class=\"gridview-sr-only\"> Megint borzaszt\u00f3 dolog t\u00f6rt\u00e9nt a Pilisben!<\/span><\/a><\/span><\/p>\n","protected":false},"author":1,"featured_media":4638,"comment_status":"open","ping_status":"open","sticky":false,"template":"","format":"standard","meta":{"footnotes":""},"categories":[1],"tags":[],"class_list":["post-4637","post","type-post","status-publish","format-standard","has-post-thumbnail","hentry","category-egyeb","wpcat-1-id"],"_links":{"self":[{"href":"https:\/\/matrend.hu\/nekedinfo\/wp-json\/wp\/v2\/posts\/4637","targetHints":{"allow":["GET"]}}],"collection":[{"href":"https:\/\/matrend.hu\/nekedinfo\/wp-json\/wp\/v2\/posts"}],"about":[{"href":"https:\/\/matrend.hu\/nekedinfo\/wp-json\/wp\/v2\/types\/post"}],"author":[{"embeddable":true,"href":"https:\/\/matrend.hu\/nekedinfo\/wp-json\/wp\/v2\/users\/1"}],"replies":[{"embeddable":true,"href":"https:\/\/matrend.hu\/nekedinfo\/wp-json\/wp\/v2\/comments?post=4637"}],"version-history":[{"count":2,"href":"https:\/\/matrend.hu\/nekedinfo\/wp-json\/wp\/v2\/posts\/4637\/revisions"}],"predecessor-version":[{"id":4640,"href":"https:\/\/matrend.hu\/nekedinfo\/wp-json\/wp\/v2\/posts\/4637\/revisions\/4640"}],"wp:featuredmedia":[{"embeddable":true,"href":"https:\/\/matrend.hu\/nekedinfo\/wp-json\/wp\/v2\/media\/4638"}],"wp:attachment":[{"href":"https:\/\/matrend.hu\/nekedinfo\/wp-json\/wp\/v2\/media?parent=4637"}],"wp:term":[{"taxonomy":"category","embeddable":true,"href":"https:\/\/matrend.hu\/nekedinfo\/wp-json\/wp\/v2\/categories?post=4637"},{"taxonomy":"post_tag","embeddable":true,"href":"https:\/\/matrend.hu\/nekedinfo\/wp-json\/wp\/v2\/tags?post=4637"}],"curies":[{"name":"wp","href":"https:\/\/api.w.org\/{rel}","templated":true}]}}