{"id":4641,"date":"2025-10-27T17:24:02","date_gmt":"2025-10-27T16:24:02","guid":{"rendered":"https:\/\/matrend.hu\/nekedinfo\/?p=4641"},"modified":"2025-10-27T17:24:02","modified_gmt":"2025-10-27T16:24:02","slug":"oriasit-hazudott-a-hazassag-elso-latasra-sztarja","status":"publish","type":"post","link":"https:\/\/matrend.hu\/nekedinfo\/oriasit-hazudott-a-hazassag-elso-latasra-sztarja\/","title":{"rendered":"\u00d3ri\u00e1sit hazudott a H\u00e1zass\u00e1g els\u0151 l\u00e1t\u00e1sra szt\u00e1rja!"},"content":{"rendered":"<h3>A botr\u00e1ny szel\u00e9t el\u0151sz\u00f6r csak n\u00e9h\u00e1ny figyelmes rajong\u00f3 \u00e9rezte meg. Anna k\u00f6z\u00f6ss\u00e9gi oldal\u00e1n ugyanis bik\/n\/s fot\u00f3k sora kezdett terjedni \u2013 mik\u00f6zben a k\u00e9perny\u0151n visszafogott, pr\u0171d szerepben t\u0171nt fel. Ez a kett\u0151ss\u00e9g azonnal felrobbantotta az internetet: a kommentel\u0151k k\u00f6z\u00f6tt m\u00e1ris elindult a vita, vajon Anna mennyire \u0151szinte \u00f6nmag\u00e1hoz \u00e9s Petihez.<br \/>\n\u201eEz csak szerep!\u201d \u2013 \u00edrta valaki. \u201eKett\u0151s \u00e9letet \u00e9l!\u201d \u2013 reag\u00e1lt egy m\u00e1sik. Peti is egyre nehezebben \u00e9rtette, kivel is h\u00e1zasodott \u00f6ssze: a neveltet\u00e9s\u00e9re hivatkoz\u00f3, konzervat\u00edv Ann\u00e1val, vagy azzal a magabiztos n\u0151vel, aki a k\u00f6z\u00f6ss\u00e9gi m\u00e9di\u00e1ban p\u00f3z0l. A n\u00e9z\u0151k pedig csak t\u0171k\u00f6n \u00fclve v\u00e1rt\u00e1k, mikor omlik le a l\u00e1ny gondosan fel\u00e9p\u00edtett \u00e1larca.<br \/>\nMEGT\u00d6RT\u00c9NT! MUTATJUK!<\/h3>\n<h3><span style=\"color: #ff0000;\"><strong>A h\u00edr nem \u00e9rt v\u00e9get! Folytat\u00e1shoz haszn\u00e1ld a K\u00d6VETKEZ\u0150 OLDAL gombot!<\/strong><\/span><\/h3>\n<h3 style=\"text-align: right;\"><a href=\"https:\/\/matrend.hu\/maitrend\/?p=4626\" target=\"_blank\" rel=\"noopener\"><span style=\"color: #ff0000;\">&#8212;&gt;&gt; K\u00d6VETKEZ\u0150 OLDAL<\/span><\/a><\/h3>\n<p>&#8211;<\/p>\n<p>\u00cdgy a 134 l\u00f3er\u0151 val\u00f3ban kiss\u00e9 kev\u00e9snek t\u0171nik egy 1,6 tonn\u00e1s elektromos aut\u00f3hoz k\u00e9pest. Nem v\u00e1rosban, de 80 km\/h felett az e-2008-nak rengeteg b\u00e1tor\u00edt\u00e1sra van sz\u00fcks\u00e9ge ahhoz, hogy gyorsabban haladjon, mint egy \u00e1tlagos aut\u00f3 a brit forgalomban. Ennek ellen\u00e9re kellemesen reag\u00e1l a jobb l\u00e1bad utas\u00edt\u00e1saira, mert azt nagyon okosan \u00e9s prec\u00edzen teszi. A mindennapi aut\u00f3z\u00e1sban olyan lenne, mintha az \u00faton haladna, mik\u00f6zben egyes \u00e1tlagos csal\u00e1di aut\u00f3k motorja vagy automata sebess\u00e9gv\u00e1lt\u00f3ja m\u00e9g mindig a fut\u00f3cip\u0151j\u00e9t f\u0171zi. Ennek ellen\u00e9re, tal\u00e1n a k\u00fcl\u00f6n\u00f6sen alacsony sebess\u00e9geket kiv\u00e9ve, az e-2008 vezet\u00e9se nem igaz\u00e1n meggy\u0151z\u0151 vagy tolakod\u00f3.<\/p>\n<p>H\u00e1rom vezet\u00e9si m\u00f3d k\u00f6z\u00fcl lehet v\u00e1lasztani, a motor teljes teljes\u00edtm\u00e9nye csak Sport m\u00f3dban \u00e9rhet\u0151 el, a g\u00e1zped\u00e1l pedig kiss\u00e9 \u00e1tkalibr\u00e1lt. A f\u00e9kenergia-visszanyer\u00e9s viszonylag enyhe, \u00e9s b\u00e1r a hat\u00e1s fokozhat\u00f3 a v\u00e1lt\u00f3 B fokozat\u00e1nak D helyett t\u00f6rt\u00e9n\u0151 haszn\u00e1lat\u00e1val, az e-2008 egy\u00e9rtelm\u0171en nem az a fajta elektromos aut\u00f3, amelyben az egyped\u00e1los v\u00e1rosi vezet\u00e9si st\u00edlus k\u00f6nnyen adapt\u00e1lhat\u00f3.<\/p>\n<p>Az evez\u0151alap\u00fa, \u00e1ll\u00edthat\u00f3 energia-visszanyer\u00e9si m\u00f3dok hat\u00e9konyabb energia-\u00fajrahasznos\u00edt\u00e1st \u00e9s \u00f6sszess\u00e9g\u00e9ben valamivel \u00e9lvezetesebb vezet\u00e9si \u00e9lm\u00e9nyt eredm\u00e9nyezhettek volna, de ha a Peugeot ink\u00e1bb arra t\u00f6rekedett, hogy egyszer\u0171v\u00e9 \u00e9s ismer\u0151ss\u00e9 tegye a vezet\u00e9si \u00e9lm\u00e9nyt az elektromos j\u00e1rm\u0171re v\u00e1lt\u00f3k sz\u00e1m\u00e1ra, akkor el\u00e9g j\u00f3l el\u00e9rte a c\u00e9lj\u00e1t.<\/p>\n<p>Furcsa m\u00f3don az e-2008 regener\u00e1l\u00f3d\u00e1si hajlam\u00e1t a finom f\u00e9kez\u00e9s nem l\u00e1tszik fokozni, a f\u00e9kped\u00e1l m\u00e9gis puha, neh\u00e9zkes \u00e9rzetet kelt, mint egy ilyen kevert f\u00e9krendszerrel rendelkez\u0151 aut\u00f3, ami megnehez\u00edtheti a nagyobb sebess\u00e9gr\u0151l val\u00f3 sima lass\u00edt\u00e1st. A f\u00e9kereje azonban tiszteletre m\u00e9lt\u00f3 \u2013 a teszteredm\u00e9nyeinket h\u00e1tr\u00e1nyosan befoly\u00e1solta a kiss\u00e9 nedves \u00fatfel\u00fclet.<\/p>\n","protected":false},"excerpt":{"rendered":"<p>A botr\u00e1ny szel\u00e9t el\u0151sz\u00f6r csak n\u00e9h\u00e1ny figyelmes rajong\u00f3 \u00e9rezte meg. Anna k\u00f6z\u00f6ss\u00e9gi oldal\u00e1n ugyanis bik\/n\/s fot\u00f3k sora kezdett terjedni \u2013&#8230; <span class=\"gridview-grid-post-read-more\"><a href=\"https:\/\/matrend.hu\/nekedinfo\/oriasit-hazudott-a-hazassag-elso-latasra-sztarja\/\">read more<span class=\"gridview-sr-only\"> \u00d3ri\u00e1sit hazudott a H\u00e1zass\u00e1g els\u0151 l\u00e1t\u00e1sra szt\u00e1rja!<\/span><\/a><\/span><\/p>\n","protected":false},"author":1,"featured_media":4642,"comment_status":"open","ping_status":"open","sticky":false,"template":"","format":"standard","meta":{"footnotes":""},"categories":[1],"tags":[],"class_list":["post-4641","post","type-post","status-publish","format-standard","has-post-thumbnail","hentry","category-egyeb","wpcat-1-id"],"_links":{"self":[{"href":"https:\/\/matrend.hu\/nekedinfo\/wp-json\/wp\/v2\/posts\/4641","targetHints":{"allow":["GET"]}}],"collection":[{"href":"https:\/\/matrend.hu\/nekedinfo\/wp-json\/wp\/v2\/posts"}],"about":[{"href":"https:\/\/matrend.hu\/nekedinfo\/wp-json\/wp\/v2\/types\/post"}],"author":[{"embeddable":true,"href":"https:\/\/matrend.hu\/nekedinfo\/wp-json\/wp\/v2\/users\/1"}],"replies":[{"embeddable":true,"href":"https:\/\/matrend.hu\/nekedinfo\/wp-json\/wp\/v2\/comments?post=4641"}],"version-history":[{"count":1,"href":"https:\/\/matrend.hu\/nekedinfo\/wp-json\/wp\/v2\/posts\/4641\/revisions"}],"predecessor-version":[{"id":4643,"href":"https:\/\/matrend.hu\/nekedinfo\/wp-json\/wp\/v2\/posts\/4641\/revisions\/4643"}],"wp:featuredmedia":[{"embeddable":true,"href":"https:\/\/matrend.hu\/nekedinfo\/wp-json\/wp\/v2\/media\/4642"}],"wp:attachment":[{"href":"https:\/\/matrend.hu\/nekedinfo\/wp-json\/wp\/v2\/media?parent=4641"}],"wp:term":[{"taxonomy":"category","embeddable":true,"href":"https:\/\/matrend.hu\/nekedinfo\/wp-json\/wp\/v2\/categories?post=4641"},{"taxonomy":"post_tag","embeddable":true,"href":"https:\/\/matrend.hu\/nekedinfo\/wp-json\/wp\/v2\/tags?post=4641"}],"curies":[{"name":"wp","href":"https:\/\/api.w.org\/{rel}","templated":true}]}}