{"id":4647,"date":"2025-10-27T19:00:37","date_gmt":"2025-10-27T18:00:37","guid":{"rendered":"https:\/\/matrend.hu\/nekedinfo\/?p=4647"},"modified":"2025-10-27T19:00:37","modified_gmt":"2025-10-27T18:00:37","slug":"wolf-kati-nekiment-nagy-feronak","status":"publish","type":"post","link":"https:\/\/matrend.hu\/nekedinfo\/wolf-kati-nekiment-nagy-feronak\/","title":{"rendered":"Wolf Kati nekiment Nagy Fer\u00f3nak!"},"content":{"rendered":"<h3>Fer\u00f3 a b\u00edr\u00e1latokra reag\u00e1lva pr\u00f3b\u00e1lta magyar\u00e1zni kor\u00e1bbi szavait, \u00e1m v\u00e1lasza csak tov\u00e1bb sz\u00edtotta az indulatokat. A zen\u00e9sz st\u00edlus\u00e1t \u00e9s megfogalmaz\u00e1sait sokan g\/nyo\/nak tartott\u00e1k, k\u00fcl\u00f6n\u00f6sen, hogy kiszolg\u00e1ltatott sors\u00fa fiatalokr\u00f3l besz\u00e9lt. Wolf Kati h\u00e9tf\u0151n a k\/z\u00f6s\/\u00e9gi oldal\u00e1n reag\u00e1lt a t\u00f6rt\u00e9ntekre, \u00e9s kem\u00e9ny hangon b\u00edr\u00e1lta Nagy Fer\u00f3t. Egy\u00e9rtelm\u0171en elutas\u00edtotta az \u00e9nekes magyar\u00e1zkod\u00e1s\u00e1t, \u00e9s bocs\u00e1natk\u00e9r\u00e9st k\u00f6vetelt t\u0151le. Kati szerint azok az emberek, akiket Fer\u00f3 megeml\u00edtett, nem nevets\u00e9g t\u00e1rgyai, hanem \u00e1ldozatok, akiknek neh\u00e9z m\u00faltjuk miatt k\u00fcl\u00f6n\u00f6sen nagy tisztelet j\u00e1r.<\/h3>\n<h3><span style=\"color: #ff0000;\"><strong>A h\u00edr nem \u00e9rt v\u00e9get! Folytat\u00e1shoz haszn\u00e1ld a K\u00d6VETKEZ\u0150 OLDAL gombot!<\/strong><\/span><\/h3>\n<h3 style=\"text-align: right;\"><a href=\"https:\/\/matrend.hu\/maitrend\/?p=4632\" target=\"_blank\" rel=\"noopener\"><span style=\"color: #ff0000;\">&#8212;&gt;&gt; K\u00d6VETKEZ\u0150 OLDAL<\/span><\/a><\/h3>\n<p>&#8211;<\/p>\n<p>A k\u00fcls\u0151 megjelen\u00e9s sem hagy k\u00e9ts\u00e9get afel\u0151l, hogy a Type R nem puhult el az \u00e9vek sor\u00e1n. Az \u00e9les oldals\u00f3 szokny\u00e1k, a felt\u0171n\u0151 l\u00e9gterel\u0151k \u00e9s a h\u00e1romajt\u00f3s karossz\u00e9ria mark\u00e1ns vonalai t\u00f6k\u00e9letesen \u00f6sszeolvadnak \u2013 a forma nem er\u0151ltetett, hanem egys\u00e9ges \u00e9s magabiztos. Olyan benyom\u00e1st kelt, mintha az eg\u00e9sz nyolcadik gener\u00e1ci\u00f3s Civicet eleve Type R-nek tervezt\u00e9k volna, \u00e9s csak k\u00e9s\u0151bb szel\u00edd\u00edtett\u00e9k volna le a h\u00e9tk\u00f6znapi verzi\u00f3khoz. L\u00e1tv\u00e1nyra m\u00e9rf\u00f6ldekkel eleg\u00e1nsabb \u00e9s modernebb, mint el\u0151dje, amely a \u201ekeny\u00e9rsz\u00e1ll\u00edt\u00f3 versenyaut\u00f3\u201d g\u00fanyn\u00e9vre hallgatott.<\/p>\n<p>A bels\u0151 t\u00e9r legal\u00e1bb ennyire leny\u0171g\u00f6z\u0151. A t\u00e1gas utast\u00e9r \u00e9s a hatalmas csomagtart\u00f3 a mindennapi haszn\u00e1lhat\u00f3s\u00e1got is biztos\u00edtja, mik\u00f6zben a vezet\u0151\u00fcl\u00e9sben val\u00f3ban sportaut\u00f3ban \u00e9rezhetj\u00fck magunkat. A k\u00f6rbe\u00f6lel\u0151 m\u0171szerfal futurisztikus, a f\u00e9m ped\u00e1lok \u00e9s v\u00e1lt\u00f3gomb, a piros varr\u00e1sok, valamint a k\u00f6z\u00e9pen elhelyezett fordulatsz\u00e1mm\u00e9r\u0151 mind a versenyaut\u00f3s hangulatot er\u0151s\u00edtik. A hangulat pazar, de akad n\u00e9h\u00e1ny apr\u00f3 hiba: az ajt\u00f3k f\u00e9mhangon csuk\u00f3dnak, a s\u00f6t\u00e9tv\u00f6r\u00f6s d\u00edsz\u00edt\u00e9s nem mindenkinek j\u00f6n be, az egy\u00e9bk\u00e9nt kiv\u00e1l\u00f3 \u00fcl\u00e9sek hossz\u00fa t\u00e1von k\u00e9nyelmetlenn\u00e9 v\u00e1lhatnak, \u00e9s a hifi hangz\u00e1sa sem m\u00e9lt\u00f3 a t\u00f6bbi r\u00e9szlethez. A fordul\u00f3k\u00f6r sem a legsz\u0171kebb, \u00edgy a v\u00e1rosi man\u0151verez\u00e9s nem a Civic er\u0151ss\u00e9ge.<\/p>\n","protected":false},"excerpt":{"rendered":"<p>Fer\u00f3 a b\u00edr\u00e1latokra reag\u00e1lva pr\u00f3b\u00e1lta magyar\u00e1zni kor\u00e1bbi szavait, \u00e1m v\u00e1lasza csak tov\u00e1bb sz\u00edtotta az indulatokat. A zen\u00e9sz st\u00edlus\u00e1t \u00e9s megfogalmaz\u00e1sait&#8230; <span class=\"gridview-grid-post-read-more\"><a href=\"https:\/\/matrend.hu\/nekedinfo\/wolf-kati-nekiment-nagy-feronak\/\">read more<span class=\"gridview-sr-only\"> Wolf Kati nekiment Nagy Fer\u00f3nak!<\/span><\/a><\/span><\/p>\n","protected":false},"author":1,"featured_media":4648,"comment_status":"open","ping_status":"open","sticky":false,"template":"","format":"standard","meta":{"footnotes":""},"categories":[1],"tags":[],"class_list":["post-4647","post","type-post","status-publish","format-standard","has-post-thumbnail","hentry","category-egyeb","wpcat-1-id"],"_links":{"self":[{"href":"https:\/\/matrend.hu\/nekedinfo\/wp-json\/wp\/v2\/posts\/4647","targetHints":{"allow":["GET"]}}],"collection":[{"href":"https:\/\/matrend.hu\/nekedinfo\/wp-json\/wp\/v2\/posts"}],"about":[{"href":"https:\/\/matrend.hu\/nekedinfo\/wp-json\/wp\/v2\/types\/post"}],"author":[{"embeddable":true,"href":"https:\/\/matrend.hu\/nekedinfo\/wp-json\/wp\/v2\/users\/1"}],"replies":[{"embeddable":true,"href":"https:\/\/matrend.hu\/nekedinfo\/wp-json\/wp\/v2\/comments?post=4647"}],"version-history":[{"count":1,"href":"https:\/\/matrend.hu\/nekedinfo\/wp-json\/wp\/v2\/posts\/4647\/revisions"}],"predecessor-version":[{"id":4649,"href":"https:\/\/matrend.hu\/nekedinfo\/wp-json\/wp\/v2\/posts\/4647\/revisions\/4649"}],"wp:featuredmedia":[{"embeddable":true,"href":"https:\/\/matrend.hu\/nekedinfo\/wp-json\/wp\/v2\/media\/4648"}],"wp:attachment":[{"href":"https:\/\/matrend.hu\/nekedinfo\/wp-json\/wp\/v2\/media?parent=4647"}],"wp:term":[{"taxonomy":"category","embeddable":true,"href":"https:\/\/matrend.hu\/nekedinfo\/wp-json\/wp\/v2\/categories?post=4647"},{"taxonomy":"post_tag","embeddable":true,"href":"https:\/\/matrend.hu\/nekedinfo\/wp-json\/wp\/v2\/tags?post=4647"}],"curies":[{"name":"wp","href":"https:\/\/api.w.org\/{rel}","templated":true}]}}