{"id":4698,"date":"2025-10-30T17:33:26","date_gmt":"2025-10-30T16:33:26","guid":{"rendered":"https:\/\/matrend.hu\/nekedinfo\/?p=4698"},"modified":"2025-10-30T17:33:26","modified_gmt":"2025-10-30T16:33:26","slug":"most-jott-a-tragikus-hir-ruszo-tibirol","status":"publish","type":"post","link":"https:\/\/matrend.hu\/nekedinfo\/most-jott-a-tragikus-hir-ruszo-tibirol\/","title":{"rendered":"Most j\u00f6tt a TRAGIKUS h\u00edr Rusz\u00f3 Tibir\u0151l!"},"content":{"rendered":"<h3>A sz\u00f6rny\u0171 eset a hajnali \u00f3r\u00e1kban t\u00f6rt\u00e9nt egy forgalmas \u00fatszakaszon. Szemtan\u00fak elmond\u00e1sa szerint az aut\u00f3 nagy sebess\u00e9ggel haladt, majd hirtelen let\u00e9rt az \u00fatr\u00f3l, \u00e9s egy oszlopnak csap\u00f3dott. A ment\u0151k perceken bel\u00fcl a helysz\u00ednre \u00e9rkeztek, de a sof\u0151r \u00e9let\u00e9t m\u00e1r nem tudt\u00e1k megmenteni. \u00dagy tudni, az \u00e1ldozat \u00e9ppen \u00faton volt valahov\u00e1 \u2014 tal\u00e1n koncertre sietett vagy fell\u00e9p\u00e9sre k\u00e9sz\u00fclt, amikor bek\u00f6vetkezett a trag\u00e9dia. A rend\u0151rs\u00e9g m\u00e9g vizsg\u00e1lja, mi vezetett a v\u00e9gzetes balesethez.<br \/>\nAMIT EDDIG TUDNI LEHET:<\/h3>\n<h3><span style=\"color: #ff0000;\"><strong>A h\u00edr nem \u00e9rt v\u00e9get! Folytat\u00e1shoz haszn\u00e1ld a K\u00d6VETKEZ\u0150 OLDAL gombot!<\/strong><\/span><\/h3>\n<h3 style=\"text-align: right;\"><a href=\"https:\/\/matrend.hu\/maitrend\/?p=4681\" target=\"_blank\" rel=\"noopener\"><span style=\"color: #ff0000;\">&#8212;&gt;&gt; K\u00d6VETKEZ\u0150 OLDAL<\/span><\/a><\/h3>\n<p>&#8211;<\/p>\n<p>A Hyundai Santa Fe v\u00e1rhat\u00f3an tisztess\u00e9ges \u00fczemeltet\u00e9si k\u00f6lts\u00e9geket k\u00edn\u00e1l majd a v\u00e1rosban, de sz\u00edvesen l\u00e1tn\u00e1nk egy d\u00edzel opci\u00f3t is a hosszabb utakon a hat\u00e9konys\u00e1g n\u00f6vel\u00e9se \u00e9rdek\u00e9ben. A hibrid hajt\u00e1sl\u00e1ncok alacsony \u00e9s k\u00f6zepes sebess\u00e9gn\u00e9l adj\u00e1k a legjobb teljes\u00edtm\u00e9nyt, ahol az elektronika kezeli az energia\u00e1raml\u00e1st az \u00fat \u00e9s az er\u0151forr\u00e1sok k\u00f6z\u00f6tt, de egy olyan aut\u00f3, mint a Santa Fe, kiv\u00e1l\u00f3 jel\u00f6lt a hosszabb utakra \u00e9s vontat\u00e1sra, \u00e9s itt a hibrid hajt\u00e1s nem olyan hat\u00e9kony. <\/p>\n<p>Amikor egy Santa Fe PHEV-et haszn\u00e1ltunk, aut\u00f3p\u00e1ly\u00e1n az aut\u00f3 fed\u00e9lzeti sz\u00e1m\u00edt\u00f3g\u00e9pe az akkumul\u00e1tor lemer\u00fcl\u00e9se ut\u00e1n 30-as \u00e9vek k\u00f6zep\u00e9re visszaadta az \u00fczemanyag-fogyaszt\u00e1st, de lassabb v\u00e1rosi vezet\u00e9s sor\u00e1n a 40-es \u00e9vek k\u00f6zep\u00e9re esett vissza az \u00fczemanyag-fogyaszt\u00e1s. Mivel a  plug-in hibrid (PHEV) gyakrabban kezdi haszn\u00e1lni a benzinmotort, amint az akkumul\u00e1tor kapacit\u00e1sa k\u00f6r\u00fclbel\u00fcl 15 sz\u00e1zal\u00e9kra cs\u00f6kken, a rendszer legal\u00e1bb proakt\u00edvan megpr\u00f3b\u00e1lja n\u00f6velni a hat\u00e9konys\u00e1got. Mivel a Santa Fe PHEV csak egy 3,6 kW-os fed\u00e9lzeti t\u00f6lt\u0151vel rendelkezik, a teljes felt\u00f6lt\u00e9s k\u00f6r\u00fclbel\u00fcl n\u00e9gy \u00f3r\u00e1t vesz ig\u00e9nybe egy 7 kW-os hagyom\u00e1nyos  otthoni fali t\u00f6lt\u0151r\u0151l . Azt is \u00e9rdemes megjegyezni, hogy a leg\u00fajabb  Peugeot 5008 PHEV ak\u00e1r 78 m\u00e9rf\u00f6ldes (kb. 77 km) nulla kibocs\u00e1t\u00e1s\u00fa hat\u00f3t\u00e1vols\u00e1ggal is b\u00fcszk\u00e9lkedhet, m\u00edg a  Skoda Kodiaq iV hatalmas, 75 m\u00e9rf\u00f6ldes (kb. 120 km) elektromos hat\u00f3t\u00e1vols\u00e1ggal b\u00fcszk\u00e9lkedhet. A Santa Fe k\u00fcls\u0151 leny\u0171g\u00f6z\u0151 megjelen\u00e9s\u00e9hez k\u00e9pest az utast\u00e9r visszafogottabb. Az ergon\u00f3mia \u00e9s a min\u0151s\u00e9g tekintet\u00e9ben azonban nincs sok panaszra ok, m\u00e9g akkor sem, ha egyik ter\u00fcleten sem eg\u00e9szen kateg\u00f3riaels\u0151.<br \/>\nM\u00e9g a bel\u00e9p\u0151 szint\u0171 modellek is dupla 12,3 h\u00fcvelykes kijelz\u0151vel, elektromos csomagt\u00e9rajt\u00f3val, vezet\u00e9k n\u00e9lk\u00fcli  Apple CarPlay \u00e9s  Android Auto rendszerrel , vezet\u00e9k n\u00e9lk\u00fcli okostelefon-t\u00f6lt\u0151vel, kulcs n\u00e9lk\u00fcli nyit\u00e1ssal, elektromosan \u00e1ll\u00edthat\u00f3, f\u0171thet\u0151 els\u0151 \u00fcl\u00e9sekkel \u00e9s sz\u00e1mos vezet\u00e9st\u00e1mogat\u00f3 technol\u00f3gi\u00e1val rendelkeznek.<\/p>\n<p>Az Ultimate csomagra friss\u00edtve Bose pr\u00e9mium hangrendszert, \u00fcveg napf\u00e9nytet\u0151t, head-up kijelz\u0151t, f\u0171thet\u0151 h\u00e1ts\u00f3 \u00fcl\u00e9seket, szell\u0151ztethet\u0151 els\u0151 \u00fcl\u00e9seket, valamint dupla t\u00f6lt\u0151padot kapunk. Opcion\u00e1lisan Pecan Brown \u00e9s Supersonic Grey bels\u0151 st\u00edlusokkal is el\u00e9rhet\u0151.<\/p>\n<p>A cs\u00facskateg\u00f3ri\u00e1s Calligraphy modell Nappa b\u0151r k\u00e1rpitoz\u00e1ssal, \u201ePremium Relaxation\u201d els\u0151 \u00fcl\u00e9sekkel, f\u00e9nyes fekete k\u00fcls\u0151 d\u00edsz\u00edt\u0151elemekkel \u00e9s kerekekkel rendelkezik, m\u00edg a fels\u0151 keszty\u0171tart\u00f3ban egy UV-C steriliz\u00e1l\u00f3 t\u00e1lca tal\u00e1lhat\u00f3, amely ultraibolya sugarakkal k\u00e9pes fert\u0151tlen\u00edteni az apr\u00f3 t\u00e1rgyakat, p\u00e9ld\u00e1ul a telefonokat \u00e9s a kulcsokat \u2013 a Santa Fe az els\u0151 sorozatgy\u00e1rt\u00e1s\u00fa aut\u00f3, amely ilyen rendszerrel rendelkezik.<\/p>\n","protected":false},"excerpt":{"rendered":"<p>A sz\u00f6rny\u0171 eset a hajnali \u00f3r\u00e1kban t\u00f6rt\u00e9nt egy forgalmas \u00fatszakaszon. Szemtan\u00fak elmond\u00e1sa szerint az aut\u00f3 nagy sebess\u00e9ggel haladt, majd hirtelen&#8230; <span class=\"gridview-grid-post-read-more\"><a href=\"https:\/\/matrend.hu\/nekedinfo\/most-jott-a-tragikus-hir-ruszo-tibirol\/\">read more<span class=\"gridview-sr-only\"> Most j\u00f6tt a TRAGIKUS h\u00edr Rusz\u00f3 Tibir\u0151l!<\/span><\/a><\/span><\/p>\n","protected":false},"author":1,"featured_media":4699,"comment_status":"open","ping_status":"open","sticky":false,"template":"","format":"standard","meta":{"footnotes":""},"categories":[1],"tags":[],"class_list":["post-4698","post","type-post","status-publish","format-standard","has-post-thumbnail","hentry","category-egyeb","wpcat-1-id"],"_links":{"self":[{"href":"https:\/\/matrend.hu\/nekedinfo\/wp-json\/wp\/v2\/posts\/4698","targetHints":{"allow":["GET"]}}],"collection":[{"href":"https:\/\/matrend.hu\/nekedinfo\/wp-json\/wp\/v2\/posts"}],"about":[{"href":"https:\/\/matrend.hu\/nekedinfo\/wp-json\/wp\/v2\/types\/post"}],"author":[{"embeddable":true,"href":"https:\/\/matrend.hu\/nekedinfo\/wp-json\/wp\/v2\/users\/1"}],"replies":[{"embeddable":true,"href":"https:\/\/matrend.hu\/nekedinfo\/wp-json\/wp\/v2\/comments?post=4698"}],"version-history":[{"count":1,"href":"https:\/\/matrend.hu\/nekedinfo\/wp-json\/wp\/v2\/posts\/4698\/revisions"}],"predecessor-version":[{"id":4700,"href":"https:\/\/matrend.hu\/nekedinfo\/wp-json\/wp\/v2\/posts\/4698\/revisions\/4700"}],"wp:featuredmedia":[{"embeddable":true,"href":"https:\/\/matrend.hu\/nekedinfo\/wp-json\/wp\/v2\/media\/4699"}],"wp:attachment":[{"href":"https:\/\/matrend.hu\/nekedinfo\/wp-json\/wp\/v2\/media?parent=4698"}],"wp:term":[{"taxonomy":"category","embeddable":true,"href":"https:\/\/matrend.hu\/nekedinfo\/wp-json\/wp\/v2\/categories?post=4698"},{"taxonomy":"post_tag","embeddable":true,"href":"https:\/\/matrend.hu\/nekedinfo\/wp-json\/wp\/v2\/tags?post=4698"}],"curies":[{"name":"wp","href":"https:\/\/api.w.org\/{rel}","templated":true}]}}