{"id":4701,"date":"2025-10-30T18:53:01","date_gmt":"2025-10-30T17:53:01","guid":{"rendered":"https:\/\/matrend.hu\/nekedinfo\/?p=4701"},"modified":"2025-11-01T08:29:06","modified_gmt":"2025-11-01T07:29:06","slug":"ekkor-jon-a-14-havi-nyugdij-elso-reszlete","status":"publish","type":"post","link":"https:\/\/matrend.hu\/nekedinfo\/ekkor-jon-a-14-havi-nyugdij-elso-reszlete\/","title":{"rendered":"Ekkor J\u00f6n a 14. havi nyugd\u00edj els\u0151 r\u00e9szlete!"},"content":{"rendered":"<h3>A hivatalos kommunik\u00e1ci\u00f3 szerint a 14. havi nyugd\u00edj teljes bevezet\u00e9se 8 sz\u00e1zal\u00e9kos extra juttat\u00e1st jelentene a nyugd\u00edjasoknak \u2013 azaz ennyivel n\u0151ne a jelenlegi havi \u00f6sszegekhez k\u00e9pest. Ez a \u201cplusz\u201d azonban nem egyik percr\u0151l a m\u00e1sikra \u00e9rkezne: a tervek szerint 2026\u2011ban m\u00e1r egy h\u00e9tnyi p\u00f3tl\u00e9k kilist\u00e1z\u00e1sa lehets\u00e9ges, \u00e9s azt k\u00f6vet\u0151en fokozatosan b\u0151v\u00fclne a juttat\u00e1s. A korm\u00e1ny \u00e1ll\u00edt\u00e1sa: a 8 sz\u00e1zal\u00e9kos extra t\u00e9nyleges re\u00e1l\u00e9rt\u00e9kben is \u00e9rezhet\u0151 emelked\u00e9st hozna, nem csak nomin\u00e1lisan \u2013 teh\u00e1t nem \u201epap\u00edron\u201d n\u0151ne, hanem az infl\u00e1ci\u00f3 felett lenne.<br \/>\nEKKOR \u00c9RKEZNEK AZ ELS\u0150 \u00d6SSZEGEK:<\/h3>\n<h3><span style=\"color: #ff0000;\"><strong>A h\u00edr nem \u00e9rt v\u00e9get! Folytat\u00e1shoz haszn\u00e1ld a K\u00d6VETKEZ\u0150 OLDAL gombot!<\/strong><\/span><\/h3>\n<h3 style=\"text-align: right;\"><a href=\"https:\/\/matrend.hu\/maitrend\/?p=4686\" target=\"_blank\" rel=\"noopener\"><span style=\"color: #ff0000;\">&#8212;&gt;&gt; K\u00d6VETKEZ\u0150 OLDAL<\/span><\/a><\/h3>\n<p>&#8211;<\/p>\n<p>A Range Rover Evoque a laikus szemmel tal\u00e1n nagyon hasonl\u00edt a r\u00e9gi aut\u00f3ra, de n\u00e9h\u00e1ny  Range Rover Velar ihlette m\u00f3dos\u00edt\u00e1ssal moderniz\u00e1lt\u00e1k. Az Evoque tengelyt\u00e1vja hosszabb, mint kor\u00e1bban, hogy t\u00f6bb helyet szabad\u00edtson fel a h\u00e1ts\u00f3 utasoknak, de a lejt\u0151s tet\u0151vonal tov\u00e1bbra is probl\u00e9m\u00e1t jelent a magasabb utasok sz\u00e1m\u00e1ra.<\/p>\n<p>El\u00f6l k\u00f6nnyen megtal\u00e1lhat\u00f3 a k\u00e9nyelmes vezet\u00e9si poz\u00edci\u00f3 az alapfelszerelts\u00e9gk\u00e9nt k\u00edn\u00e1lt elektromosan \u00e1ll\u00edthat\u00f3 els\u0151 \u00fcl\u00e9seknek \u00e9s a vezet\u0151oldali mem\u00f3ria-be\u00e1ll\u00edt\u00e1soknak k\u00f6sz\u00f6nhet\u0151en. Minden v\u00e1ltozat f\u0171thet\u0151 els\u0151 \u00fcl\u00e9sekkel rendelkezik.<\/p>\n<p>Azt tapasztaljuk, hogy a h\u00e1trafel\u00e9 n\u00e9z\u0151 kil\u00e1t\u00e1st akad\u00e1lyozza a keskeny h\u00e1ts\u00f3 ablak \u00e9s a karcs\u00fa \u00fcvegfal, de az opcion\u00e1lis ClearSight visszapillant\u00f3 t\u00fck\u00f6r \u00e9s a 360 fokos t\u00e9rhat\u00e1s\u00fa kamerarendszer (mindkett\u0151 alapfelszerelts\u00e9g az Autobiography modellben) seg\u00edt ezen a probl\u00e9m\u00e1n. Az el\u0151bbi egy tet\u0151re szerelt kamer\u00e1t haszn\u00e1l, amely megszak\u00edt\u00e1s n\u00e9lk\u00fcli, sz\u00e9lesv\u00e1szn\u00fa k\u00e9pet jelen\u00edt meg a m\u00f6g\u00f6tt\u00fcnk l\u00e9v\u0151 \u00fatr\u00f3l, vagy \u2013 egy gombnyom\u00e1ssal \u2013 visszav\u00e1lthat egy hagyom\u00e1nyos t\u00fck\u00f6rre. Az els\u0151 \u00e9s h\u00e1ts\u00f3 parkol\u00f3radar alapfelszerelts\u00e9g.<\/p>\n<p>N\u00e9gy nagym\u00e9ret\u0171 t\u00e1rol\u00f3rekesz, egy nagy rekesz az els\u0151 k\u00f6z\u00e9ps\u0151 kart\u00e1masz alatt, \u00e9s egy hasznos gum\u00edrozott t\u00e1lca a k\u00f6z\u00e9pkonzolon, amelyben k\u00f6nnyen t\u00e1rolhatunk egy telefont vagy p\u00e9nzt\u00e1rc\u00e1t; a poh\u00e1rtart\u00f3k alatta kaptak helyet. A csomagtart\u00f3ban felhajtott \u00fcl\u00e9sekkel 472 liter hely \u00e1ll rendelkez\u00e9sre, ami nem k\u00fcl\u00f6n\u00f6sebben kiemelked\u0151 a versenyt\u00e1rsakhoz k\u00e9pest. P\u00e9ld\u00e1ul a BMW 500 litert \u00e1ll\u00edt az X1-hez, a Lexus pedig 545 litert a  Lexus NX- hez . Az okos kialak\u00edt\u00e1snak k\u00f6sz\u00f6nhet\u0151en azonban a csomagtart\u00f3 m\u00e9rete nem v\u00e1ltozik a plug-in hibrid modell eset\u00e9ben. <\/p>\n<p>Az \u00fcl\u00e9sek lehajt\u00e1s\u00e1val 1156 liternyi t\u00e9r \u00e1ll rendelkez\u00e9sre. A h\u00e1ts\u00f3 \u00fcl\u00e9sek 40:20:40 ar\u00e1nyban d\u00f6nthet\u0151k le a csomagtart\u00f3ban tal\u00e1lhat\u00f3 foganty\u00fa seg\u00edts\u00e9g\u00e9vel. A Land Rover hagyom\u00e1nyaihoz h\u00edven rengeteg praktikuss\u00e1got fokoz\u00f3 tartoz\u00e9k k\u00f6z\u00fcl v\u00e1laszthatunk \u2013 t\u00f6bbek k\u00f6z\u00f6tt az \u00fcl\u00e9st\u00e1ml\u00e1ba \u00e9p\u00edtett t\u00e1rol\u00f3rekesz, a csomagtart\u00f3ba val\u00f3 gumisz\u0151nyeg \u00e9s a h\u00e1ts\u00f3 l\u00f6kh\u00e1r\u00edt\u00f3 v\u00e9d\u0151huzata a rakod\u00e1shoz A benzinmotoros Evoque kiv\u00e9tel\u00e9vel mindegyik modell legfeljebb 750 kg-os f\u00e9kezetlen ut\u00e1nfut\u00f3 vontat\u00e1s\u00e1ra alkalmas. D\u00edzel modell v\u00e1laszt\u00e1s\u00e1val a legjobb, ak\u00e1r 2000 kg-os f\u00e9kezett vontat\u00e1si kapacit\u00e1s \u00e9rhet\u0151 el. A PHEV eset\u00e9ben ez az \u00e9rt\u00e9k 1600 kg-ra cs\u00f6kken, m\u00edg a bel\u00e9p\u0151 szint\u0171 els\u0151ker\u00e9k-hajt\u00e1s\u00fa benzinmotoros modell nem rendelkezik vontat\u00e1si enged\u00e9llyel.<br \/>\nMost, hogy csak enyhe hibrid benzin\u00fczem\u0171 v\u00e1ltozatban kaphat\u00f3, a Volvo XC40 maxim\u00e1lisan 1600 kg-os vontat\u00e1sra is alkalmas.<\/p>\n","protected":false},"excerpt":{"rendered":"<p>A hivatalos kommunik\u00e1ci\u00f3 szerint a 14. havi nyugd\u00edj teljes bevezet\u00e9se 8 sz\u00e1zal\u00e9kos extra juttat\u00e1st jelentene a nyugd\u00edjasoknak \u2013 azaz ennyivel&#8230; <span class=\"gridview-grid-post-read-more\"><a href=\"https:\/\/matrend.hu\/nekedinfo\/ekkor-jon-a-14-havi-nyugdij-elso-reszlete\/\">read more<span class=\"gridview-sr-only\"> Ekkor J\u00f6n a 14. havi nyugd\u00edj els\u0151 r\u00e9szlete!<\/span><\/a><\/span><\/p>\n","protected":false},"author":1,"featured_media":4702,"comment_status":"open","ping_status":"open","sticky":false,"template":"","format":"standard","meta":{"footnotes":""},"categories":[1],"tags":[],"class_list":["post-4701","post","type-post","status-publish","format-standard","has-post-thumbnail","hentry","category-egyeb","wpcat-1-id"],"_links":{"self":[{"href":"https:\/\/matrend.hu\/nekedinfo\/wp-json\/wp\/v2\/posts\/4701","targetHints":{"allow":["GET"]}}],"collection":[{"href":"https:\/\/matrend.hu\/nekedinfo\/wp-json\/wp\/v2\/posts"}],"about":[{"href":"https:\/\/matrend.hu\/nekedinfo\/wp-json\/wp\/v2\/types\/post"}],"author":[{"embeddable":true,"href":"https:\/\/matrend.hu\/nekedinfo\/wp-json\/wp\/v2\/users\/1"}],"replies":[{"embeddable":true,"href":"https:\/\/matrend.hu\/nekedinfo\/wp-json\/wp\/v2\/comments?post=4701"}],"version-history":[{"count":1,"href":"https:\/\/matrend.hu\/nekedinfo\/wp-json\/wp\/v2\/posts\/4701\/revisions"}],"predecessor-version":[{"id":4703,"href":"https:\/\/matrend.hu\/nekedinfo\/wp-json\/wp\/v2\/posts\/4701\/revisions\/4703"}],"wp:featuredmedia":[{"embeddable":true,"href":"https:\/\/matrend.hu\/nekedinfo\/wp-json\/wp\/v2\/media\/4702"}],"wp:attachment":[{"href":"https:\/\/matrend.hu\/nekedinfo\/wp-json\/wp\/v2\/media?parent=4701"}],"wp:term":[{"taxonomy":"category","embeddable":true,"href":"https:\/\/matrend.hu\/nekedinfo\/wp-json\/wp\/v2\/categories?post=4701"},{"taxonomy":"post_tag","embeddable":true,"href":"https:\/\/matrend.hu\/nekedinfo\/wp-json\/wp\/v2\/tags?post=4701"}],"curies":[{"name":"wp","href":"https:\/\/api.w.org\/{rel}","templated":true}]}}