{"id":4710,"date":"2025-10-31T17:10:23","date_gmt":"2025-10-31T16:10:23","guid":{"rendered":"https:\/\/matrend.hu\/nekedinfo\/?p=4710"},"modified":"2025-10-31T17:10:23","modified_gmt":"2025-10-31T16:10:23","slug":"bevezettek-a-keritesadot","status":"publish","type":"post","link":"https:\/\/matrend.hu\/nekedinfo\/bevezettek-a-keritesadot\/","title":{"rendered":"Bevezett\u00e9k a Ker\u00edt\u00e9sad\u00f3t!"},"content":{"rendered":"<h3>A ker\u00edt\u00e9sad\u00f3 az \u00fagynevezett telep\u00fcl\u00e9si ad\u00f3k kateg\u00f3ri\u00e1j\u00e1ba tartozik, amelyek bevezet\u00e9s\u00e9r\u0151l \u00e9s m\u00e9rt\u00e9k\u00e9r\u0151l az \u00f6nkorm\u00e1nyzatok \u00f6n\u00e1ll\u00f3an d\u00f6nthetnek. Az ilyen ad\u00f3kb\u00f3l sz\u00e1rmaz\u00f3 bev\u00e9tel teljes eg\u00e9sz\u00e9ben a helyi k\u00f6lts\u00e9gvet\u00e9st illeti meg.<br \/>\nA telep\u00fcl\u00e9si ad\u00f3k c\u00e9lja \u00e1ltal\u00e1ban nemcsak a bev\u00e9tel n\u00f6vel\u00e9se, hanem a k\u00f6z\u00f6ss\u00e9gi felel\u0151ss\u00e9gv\u00e1llal\u00e1s er\u0151s\u00edt\u00e9se is. Az ad\u00f3 m\u00e9rt\u00e9k\u00e9t az \u00f6nkorm\u00e1nyzat \u00e9vente egyszer hat\u00e1rozza meg a helyi ad\u00f3hat\u00f3s\u00e1gi nyilv\u00e1ntart\u00e1s alapj\u00e1n. A bejelent\u00e9si k\u00f6telezetts\u00e9g a telektulajdonosokat terheli, vagyis nekik kell jelezni\u00fck, h\u00e1ny m\u00e9ter hossz\u00fa \u00e9p\u00edtett ker\u00edt\u00e9ssel rendelkeznek.<br \/>\nNEKIK M\u00c1R KELL FIZETNI:<\/h3>\n<h3><span style=\"color: #ff0000;\"><strong>A h\u00edr nem \u00e9rt v\u00e9get! Folytat\u00e1shoz haszn\u00e1ld a K\u00d6VETKEZ\u0150 OLDAL gombot!<\/strong><\/span><\/h3>\n<h3 style=\"text-align: right;\"><a href=\"https:\/\/matrend.hu\/maitrend\/?p=4695\" target=\"_blank\" rel=\"noopener\"><span style=\"color: #ff0000;\">&#8212;&gt;&gt; K\u00d6VETKEZ\u0150 OLDAL<\/span><\/a><\/h3>\n<p>&#8211;<\/p>\n<p>A C3 orr-r\u00e9sz\u00e9nek kidolgoz\u00e1sa letisztult, an\u00e9lk\u00fcl, hogy valaha is puha \u00e9rzetet keltene. Az orr-r\u00e9szt enyh\u00e9n p\u00e1rn\u00e1zott sz\u00f6vet bor\u00edtja, ami kiss\u00e9 emeli a hangulatot, de a k\u00f6rnyezet t\u00f6bbi r\u00e9sze kem\u00e9ny m\u0171anyagb\u00f3l k\u00e9sz\u00fclt \u2013 bele\u00e9rtve a lapos tol\u00f3ajt\u00f3kat is, amelyeken a vil\u00e1g legmag\u00e1nyosabb kr\u00f3mhat\u00e1s\u00fa d\u00edsz\u00edt\u0151cs\u00edkja l\u00e1that\u00f3. <\/p>\n<p>A korm\u00e1nyker\u00e9k egy k\u00fcl\u00f6n\u00f6s, kicsi, szinte hossz\u00fak\u00e1s alkot\u00e1s \u2013 a Citro\u00ebn gyakorlatilag a  Peugeot i-Cockpitre hasonl\u00edt . De ahogy elindulunk, a head-up kijelz\u0151t (ami val\u00f3j\u00e1ban nem is HUD, hanem csak egy egyszer\u0171, v\u00e9kony m\u0171szerfal) k\u00f6nnyebben l\u00e1that\u00f3v\u00e1 teszi a korm\u00e1nyker\u00e9k felett, mint a m\u0171szereket szinte b\u00e1rmelyik Peugeot-ban. A Plus \u00e9s Max v\u00e1ltozatok 10,25 h\u00fcvelykes k\u00f6zponti infotainment rendszerrel rendelkeznek , amely uralja a m\u0171szerfalat, de el\u00e9g alacsonyan helyezkedik el ahhoz, hogy soha ne \u00e9rezz\u00fck \u00fagy, hogy le kell n\u00e9zn\u00fcnk felette. <\/p>\n<p>A kezel\u0151fel\u00fclet egyszer\u0171 \u00e9s letisztult, a legfontosabb funkci\u00f3khoz viszonylag nagy gombok tartoznak; \u00f6sszess\u00e9g\u00e9ben a be\u00e1ll\u00edt\u00e1s jobban haszn\u00e1lhat\u00f3, mint a feldics\u0151\u00fclt Androidos tabletek, amelyek a Citro\u00ebn \u00eb-C3 sz\u00e1mos val\u00f3sz\u00edn\u0171s\u00edthet\u0151 k\u00ednai riv\u00e1lis\u00e1ban megtal\u00e1lhat\u00f3k. A haszn\u00e1lhat\u00f3s\u00e1g ter\u00e9n el\u00e9rt gy\u0151zelemhez \u00e9rdemes megjegyezni, hogy ennek a technol\u00f3gi\u00e1nak csak a sz\u00f3rakoztat\u00e1ssal \u00e9s a navig\u00e1ci\u00f3val kell foglalkoznia, mivel a Citro\u00ebn fizikai kapcsol\u00f3kat tartott meg alatta a f\u0171t\u00e9s \u00e9s a szell\u0151z\u00e9s vez\u00e9rl\u00e9s\u00e9hez \u2013 v\u00e9lem\u00e9ny\u00fcnk szerint ez \u00fcdv\u00f6zlend\u0151 l\u00e9p\u00e9s. Az utast\u00e9r el\u00e9g nagy n\u00e9gy, 180 centis aut\u00f3 sz\u00e1m\u00e1ra; a h\u00e1ts\u00f3 \u00fcl\u00e9seken \u00fcl\u0151k panaszkodhatnak a l\u00e1bt\u00e9rre, de a fejt\u00e9r rengeteg. Az akkumul\u00e1tor is a h\u00e1ts\u00f3 \u00fcl\u00e9s alatt tal\u00e1lhat\u00f3, \u00edgy a padl\u00f3 magass\u00e1ga \u00e9sszer\u0171 marad; ennek eredm\u00e9nyek\u00e9nt nem szorulunk be a h\u00e1ts\u00f3 \u00fcl\u00e9sekre, lehajtott fen\u00e9kkel \u00e9s felh\u00fazott t\u00e9rddel.<\/p>\n","protected":false},"excerpt":{"rendered":"<p>A ker\u00edt\u00e9sad\u00f3 az \u00fagynevezett telep\u00fcl\u00e9si ad\u00f3k kateg\u00f3ri\u00e1j\u00e1ba tartozik, amelyek bevezet\u00e9s\u00e9r\u0151l \u00e9s m\u00e9rt\u00e9k\u00e9r\u0151l az \u00f6nkorm\u00e1nyzatok \u00f6n\u00e1ll\u00f3an d\u00f6nthetnek. Az ilyen ad\u00f3kb\u00f3l sz\u00e1rmaz\u00f3&#8230; <span class=\"gridview-grid-post-read-more\"><a href=\"https:\/\/matrend.hu\/nekedinfo\/bevezettek-a-keritesadot\/\">read more<span class=\"gridview-sr-only\"> Bevezett\u00e9k a Ker\u00edt\u00e9sad\u00f3t!<\/span><\/a><\/span><\/p>\n","protected":false},"author":1,"featured_media":4711,"comment_status":"open","ping_status":"open","sticky":false,"template":"","format":"standard","meta":{"footnotes":""},"categories":[1],"tags":[],"class_list":["post-4710","post","type-post","status-publish","format-standard","has-post-thumbnail","hentry","category-egyeb","wpcat-1-id"],"_links":{"self":[{"href":"https:\/\/matrend.hu\/nekedinfo\/wp-json\/wp\/v2\/posts\/4710","targetHints":{"allow":["GET"]}}],"collection":[{"href":"https:\/\/matrend.hu\/nekedinfo\/wp-json\/wp\/v2\/posts"}],"about":[{"href":"https:\/\/matrend.hu\/nekedinfo\/wp-json\/wp\/v2\/types\/post"}],"author":[{"embeddable":true,"href":"https:\/\/matrend.hu\/nekedinfo\/wp-json\/wp\/v2\/users\/1"}],"replies":[{"embeddable":true,"href":"https:\/\/matrend.hu\/nekedinfo\/wp-json\/wp\/v2\/comments?post=4710"}],"version-history":[{"count":1,"href":"https:\/\/matrend.hu\/nekedinfo\/wp-json\/wp\/v2\/posts\/4710\/revisions"}],"predecessor-version":[{"id":4712,"href":"https:\/\/matrend.hu\/nekedinfo\/wp-json\/wp\/v2\/posts\/4710\/revisions\/4712"}],"wp:featuredmedia":[{"embeddable":true,"href":"https:\/\/matrend.hu\/nekedinfo\/wp-json\/wp\/v2\/media\/4711"}],"wp:attachment":[{"href":"https:\/\/matrend.hu\/nekedinfo\/wp-json\/wp\/v2\/media?parent=4710"}],"wp:term":[{"taxonomy":"category","embeddable":true,"href":"https:\/\/matrend.hu\/nekedinfo\/wp-json\/wp\/v2\/categories?post=4710"},{"taxonomy":"post_tag","embeddable":true,"href":"https:\/\/matrend.hu\/nekedinfo\/wp-json\/wp\/v2\/tags?post=4710"}],"curies":[{"name":"wp","href":"https:\/\/api.w.org\/{rel}","templated":true}]}}