{"id":4714,"date":"2025-10-31T18:05:45","date_gmt":"2025-10-31T17:05:45","guid":{"rendered":"https:\/\/matrend.hu\/nekedinfo\/?p=4714"},"modified":"2025-10-31T18:05:45","modified_gmt":"2025-10-31T17:05:45","slug":"kiderult-az-igazsag-balazs-klari-rol","status":"publish","type":"post","link":"https:\/\/matrend.hu\/nekedinfo\/kiderult-az-igazsag-balazs-klari-rol\/","title":{"rendered":"Kider\u00fclt az igazs\u00e1g Bal\u00e1zs Kl\u00e1ri-r\u00f3l!"},"content":{"rendered":"<h3>M\u0171v\u00e9sznev\u00e9t nem jelenlegi f\u00e9rj\u00e9t\u0151l, hanem els\u0151 f\u00e9rj\u00e9t\u0151l, Bal\u00e1zs G\u00e1bort\u00f3l kapta, akivel a Tolcsvay-tri\u00f3 ba\/szu\/git\u00e1rosak\u00e9nt \u00e9lt h\u00e1zass\u00e1gban. Az \u00e9nekesn\u0151 a sz\u00ednpadon a mai napig els\u0151 f\u00e9rje nev\u00e9t haszn\u00e1lja, ami sz\u00e1mos tal\u00e1lgat\u00e1sra adott okot. Kl\u00e1ri egy kor\u00e1bbi interj\u00faban \u0151szint\u00e9n besz\u00e9lt arr\u00f3l, mi\u00e9rt nem vette fel Korda Gy\u00f6rgy nev\u00e9t hivatalos m\u0171v\u00e9szn\u00e9vk\u00e9nt. \u201eHivatalosan Korda Gy\u00f6rgyn\u00e9 vagyok, de m\u0171v\u00e9szn\u00e9vk\u00e9nt megtartottam a Bal\u00e1zs Kl\u00e1ri nevet\u201d \u2013 mondta az \u00e9nekesn\u0151. D\u00f6nt\u00e9s\u00e9nek h\u00e1tter\u00e9ben szem\u00e9lyes \u00e9s szakmai okok is \u00e1lltak. El\u00e1rulta, hogy a n\u00e9v megtart\u00e1sa egyfajta \u00f6\/v\u00e9d\/lem volt, f\u0151leg azokban az id\u0151kben, amikor t\u00e1\/ad\u00e1sok \u00e9s b\u00ed\/\u00e1latok keresztt\u00fcz\u00e9ben \u00e1llt.<\/h3>\n<h3><span style=\"color: #ff0000;\"><strong>A h\u00edr nem \u00e9rt v\u00e9get! Folytat\u00e1shoz haszn\u00e1ld a K\u00d6VETKEZ\u0150 OLDAL gombot!<\/strong><\/span><\/h3>\n<h3 style=\"text-align: right;\"><a href=\"https:\/\/matrend.hu\/maitrend\/?p=4699\" target=\"_blank\" rel=\"noopener\"><span style=\"color: #ff0000;\">&#8212;&gt;&gt; K\u00d6VETKEZ\u0150 OLDAL<\/span><\/a><\/h3>\n<p>&#8211;<\/p>\n<p>A Kia neve tal\u00e1n nem az els\u0151, ami esz\u00fcnkbe jut, ha terepj\u00e1r\u00f3r\u00f3l (4&#215;4) van sz\u00f3, de a Sorento megjelen\u00e9s\u00e9vel a koreai gy\u00e1rt\u00f3 abban rem\u00e9nykedett, hogy megism\u00e9tli a Sedona egyter\u0171vel el\u00e9rt sikereit \u2013 vagyis nagy aut\u00f3t k\u00edn\u00e1l kedvez\u0151 \u00e1ron. A Kia j\u00f3l ismert strat\u00e9gi\u00e1j\u00e1hoz h\u0171en a Sorento is egy kateg\u00f3ri\u00e1val nagyobb aut\u00f3nak felel meg, mint amit az \u00e1ra sugall, \u00edgy a v\u00e1s\u00e1rl\u00f3 sok terepj\u00e1r\u00f3t kap a p\u00e9nz\u00e9\u00e9rt. A k\u00fcls\u0151 formaterv meglep\u0151en eleg\u00e1ns, s\u0151t, egyes sz\u00f6gekb\u0151l a Lexus RX300 formavil\u00e1g\u00e1t id\u00e9zi.<\/p>\n<p>A bels\u0151 t\u00e9r szint\u00e9n \u00f3ri\u00e1si el\u0151rel\u00e9p\u00e9s a kor\u00e1bbi Kia-modellekhez k\u00e9pest. B\u00e1r a m\u0171fabor\u00edt\u00e1s\u00fa fabet\u00e9tek kiss\u00e9 olcs\u00f3 hat\u00e1st keltenek, \u00f6sszess\u00e9g\u00e9ben az utast\u00e9r kellemes, t\u00e1gas \u00e9s j\u00f3l felszerelt. A Kia b\u0151s\u00e9ges alapfelszerelts\u00e9ggel igyekszik ellens\u00falyozni pr\u00e9mium riv\u00e1lisai el\u0151ny\u00e9t \u2013 \u00e9s ez siker\u00fcl is neki.<\/p>\n<p>A hajt\u00e1sl\u00e1nc k\u00e9t motorb\u00f3l \u00e1ll: egy 2,5 literes k\u00f6z\u00f6s nyom\u00f3cs\u00f6ves turb\u00f3d\u00edzelb\u0151l \u00e9s egy 3,5 literes V6-os benzinesb\u0151l. A brit piacra (\u00e9s \u00e1ltal\u00e1ban Eur\u00f3p\u00e1ba) a d\u00edzelv\u00e1ltozat a d\u00f6nt\u0151 \u2013 az elad\u00e1sok mintegy 90%-\u00e1t ez adja. Hidegen kiss\u00e9 zajos, de bemelegedve kultur\u00e1lt \u00e9s kifinomult lesz, \u00e9s \u00e9l\u00e9nkebb menetteljes\u00edtm\u00e9nyt ny\u00fajt, mint amit a 14,3 m\u00e1sodperces 0\u2013100 km\/h-s adat sejtet. A v\u00e1lt\u00f3kar hossz\u00fa \u00faton j\u00e1r, de pontos, \u00edgy a legt\u00f6bb v\u00e1s\u00e1rl\u00f3 nem fogja hi\u00e1nyolni az automata v\u00e1lt\u00f3t.<\/p>\n","protected":false},"excerpt":{"rendered":"<p>M\u0171v\u00e9sznev\u00e9t nem jelenlegi f\u00e9rj\u00e9t\u0151l, hanem els\u0151 f\u00e9rj\u00e9t\u0151l, Bal\u00e1zs G\u00e1bort\u00f3l kapta, akivel a Tolcsvay-tri\u00f3 ba\/szu\/git\u00e1rosak\u00e9nt \u00e9lt h\u00e1zass\u00e1gban. Az \u00e9nekesn\u0151 a sz\u00ednpadon&#8230; <span class=\"gridview-grid-post-read-more\"><a href=\"https:\/\/matrend.hu\/nekedinfo\/kiderult-az-igazsag-balazs-klari-rol\/\">read more<span class=\"gridview-sr-only\"> Kider\u00fclt az igazs\u00e1g Bal\u00e1zs Kl\u00e1ri-r\u00f3l!<\/span><\/a><\/span><\/p>\n","protected":false},"author":1,"featured_media":4715,"comment_status":"open","ping_status":"open","sticky":false,"template":"","format":"standard","meta":{"footnotes":""},"categories":[1],"tags":[],"class_list":["post-4714","post","type-post","status-publish","format-standard","has-post-thumbnail","hentry","category-egyeb","wpcat-1-id"],"_links":{"self":[{"href":"https:\/\/matrend.hu\/nekedinfo\/wp-json\/wp\/v2\/posts\/4714","targetHints":{"allow":["GET"]}}],"collection":[{"href":"https:\/\/matrend.hu\/nekedinfo\/wp-json\/wp\/v2\/posts"}],"about":[{"href":"https:\/\/matrend.hu\/nekedinfo\/wp-json\/wp\/v2\/types\/post"}],"author":[{"embeddable":true,"href":"https:\/\/matrend.hu\/nekedinfo\/wp-json\/wp\/v2\/users\/1"}],"replies":[{"embeddable":true,"href":"https:\/\/matrend.hu\/nekedinfo\/wp-json\/wp\/v2\/comments?post=4714"}],"version-history":[{"count":1,"href":"https:\/\/matrend.hu\/nekedinfo\/wp-json\/wp\/v2\/posts\/4714\/revisions"}],"predecessor-version":[{"id":4718,"href":"https:\/\/matrend.hu\/nekedinfo\/wp-json\/wp\/v2\/posts\/4714\/revisions\/4718"}],"wp:featuredmedia":[{"embeddable":true,"href":"https:\/\/matrend.hu\/nekedinfo\/wp-json\/wp\/v2\/media\/4715"}],"wp:attachment":[{"href":"https:\/\/matrend.hu\/nekedinfo\/wp-json\/wp\/v2\/media?parent=4714"}],"wp:term":[{"taxonomy":"category","embeddable":true,"href":"https:\/\/matrend.hu\/nekedinfo\/wp-json\/wp\/v2\/categories?post=4714"},{"taxonomy":"post_tag","embeddable":true,"href":"https:\/\/matrend.hu\/nekedinfo\/wp-json\/wp\/v2\/tags?post=4714"}],"curies":[{"name":"wp","href":"https:\/\/api.w.org\/{rel}","templated":true}]}}