{"id":5263,"date":"2025-12-04T18:23:56","date_gmt":"2025-12-04T17:23:56","guid":{"rendered":"https:\/\/matrend.hu\/nekedinfo\/?p=5263"},"modified":"2025-12-04T18:23:56","modified_gmt":"2025-12-04T17:23:56","slug":"falusi-mariann-mindenkit-elveszitett-majd-o-is-meghalt","status":"publish","type":"post","link":"https:\/\/matrend.hu\/nekedinfo\/falusi-mariann-mindenkit-elveszitett-majd-o-is-meghalt\/","title":{"rendered":"Falusi Mariann mindenkit elvesz\u00edtett, majd \u0150 is meghalt"},"content":{"rendered":"<h3>\u00c9s mintha ez csak a kezdet lett volna. A bar\u00e1tok, szerelmek, t\u00e1rsak sorban hullottak mell\u0151le \u2013 \u00f6ngy\/lk0ss\u00e1gok, felfoghatatlan d\u00f6nt\u00e9sek, amelyek olyan m\u00e9ly sebeket t\u00e9ptek benne, amelyek soha nem gy\u00f3gyultak be. N\u00e9gy szeretett ember ugyanazt a tragikus utat v\u00e1lasztotta\u2026 \u00e9s Mariann ott maradt egyed\u00fcl a k\u00e9rd\u00e9seivel, b\u0171ntudat\u00e1val \u00e9s a kimondatlan \u201emi\u00e9rt\u201d-ekkel.<br \/>\nAhogy halmoz\u00f3dtak az \u00e9vek \u00e9s a traum\u00e1k, Mariann egyre t\u00f6bbsz\u00f6r \u00e9rezte \u00fagy, hogy a sors figyelmezteti valamire. Egyik pillanatr\u00f3l a m\u00e1sikra meg\u00e1llt a teste \u2013 a menopauza \u00fagy csapott le r\u00e1, mint egy l\u00e1thatatlan jelz\u00e9s: \u00e1llj meg, n\u00e9zz szembe mindennel, amit eddig nem akart\u00e1l \u00e9rteni.<br \/>\nEZ PEDIG V\u00c9GLEG \u00d6SSZET\u00d6RTE:<\/h3>\n<h3><span style=\"color: #ff0000;\"><strong>A h\u00edr nem \u00e9rt v\u00e9get! Folytat\u00e1shoz haszn\u00e1ld a K\u00d6VETKEZ\u0150 OLDAL gombot!<\/strong><\/span><\/h3>\n<h3 style=\"text-align: right;\"><a href=\"https:\/\/matrend.hu\/maitrend\/?p=5254\" target=\"_blank\" rel=\"noopener\"><span style=\"color: #ff0000;\">&#8212;&gt;&gt; K\u00d6VETKEZ\u0150 OLDAL<\/span><\/a><\/h3>\n<p>&#8211;<\/p>\n<p>Ak\u00e1rcsak el\u0151dei, a Trophy-R is szigor\u00faan k\u00e9tszem\u00e9lyes ; a h\u00e1ts\u00f3 \u00fcl\u00e9sen \u00fcl\u0151 utasoknak sz\u00e1nt helyet k\u00fcl\u00f6n t\u00e1rol\u00f3helly\u00e9 alak\u00edtott\u00e1k \u00e1t az opcion\u00e1lis karbon kerekeknek. Ezeket egy Sabelt biztons\u00e1gi h\u00e1l\u00f3 tartja a hely\u00fck\u00f6n, amelyet racsnis hevederek r\u00f6gz\u00edtenek, a hevederek pedig egy \u00e9l\u00e9nkpiros merev\u00edt\u0151h\u00f6z vannak r\u00f6gz\u00edtve, amely a h\u00e1l\u00f3val egy\u00fctt elv\u00e1laszt\u00f3k\u00e9nt szolg\u00e1l az utast\u00e9r \u00e9s a csomagtart\u00f3 k\u00f6z\u00f6tt. El\u00f6lr\u0151l ink\u00e1bb a szok\u00e1sos m\u00f3don zajlik. A Trophy-R utaster\u00e9nek els\u0151 fel\u00e9nek \u00e1ltal\u00e1nos fel\u00e9p\u00edt\u00e9se pontosan megegyezik a standard M\u00e9gane RS- \u00e9vel , ami azt jelenti, hogy az aut\u00f3 bels\u0151 fel\u00fcleteinek t\u00falnyom\u00f3 r\u00e9sz\u00e9t meglehet\u0151sen unalmas kin\u00e9zet\u0171, kem\u00e9ny \u00e9s puha tapint\u00e1s\u00fa m\u0171anyagok bor\u00edtj\u00e1k. A kontrasztos piros varr\u00e1s, az ez\u00fcst d\u00edsz\u00edt\u0151elemek \u00e9s a hasonlatos karbon r\u00e9szletek egy csipetnyi sz\u00ednt \u00e9s teljes\u00edtm\u00e9nybeli st\u00edlust visznek a Trophy-R utaster\u00e9be, de ez nem eg\u00e9szen hozza vissza a felturb\u00f3zott eszt\u00e9tik\u00e1t ugyan\u00fagy, mint egy Honda Civic Type R bels\u0151 tere .<\/p>\n<p>A Renault Sport apr\u00f3l\u00e9kos s\u00falycs\u00f6kkent\u00e9si strat\u00e9gi\u00e1ja az infotainment rendszerre is kiterjed. A Renault z\u00e1szl\u00f3shaj\u00f3j\u00e1nak sz\u00e1m\u00edt\u00f3, 8,7 h\u00fcvelykes, \u00e1ll\u00f3 t\u00e1jol\u00e1s\u00fa R-Link \u00e9rint\u0151k\u00e9perny\u0151je helyett a Trophy-R be\u00e9ri a kisebb, 7 h\u00fcvelykes egys\u00e9ggel, mivel \u2013 hihetetlen vagy sem \u2013 tov\u00e1bbi 250 grammal cs\u00f6kkenti a hot hatch saj\u00e1t t\u00f6meg\u00e9t.<\/p>\n<p>Maga a k\u00e9perny\u0151 k\u00f6nnyen olvashat\u00f3, \u00e9s az oper\u00e1ci\u00f3s rendszer t\u00f6k\u00e9letesen intuit\u00edv, de a szoftver kifinomults\u00e1ga \u00e9s a grafika min\u0151s\u00e9ge hagy n\u00e9mi k\u00edv\u00e1nnival\u00f3t maga ut\u00e1n. A t\u00e9rk\u00e9pes inform\u00e1ci\u00f3k hat\u00e1rozottan alapvet\u0151ek, \u00e9s id\u0151nk\u00e9nt \u00e9szrevehet\u0151 akadoz\u00e1s tapasztalhat\u00f3 a bevitel \u00e9s a k\u00e9sleltet\u00e9s k\u00f6z\u00f6tt.<\/p>\n","protected":false},"excerpt":{"rendered":"<p>\u00c9s mintha ez csak a kezdet lett volna. A bar\u00e1tok, szerelmek, t\u00e1rsak sorban hullottak mell\u0151le \u2013 \u00f6ngy\/lk0ss\u00e1gok, felfoghatatlan d\u00f6nt\u00e9sek, amelyek&#8230; <span class=\"gridview-grid-post-read-more\"><a href=\"https:\/\/matrend.hu\/nekedinfo\/falusi-mariann-mindenkit-elveszitett-majd-o-is-meghalt\/\">read more<span class=\"gridview-sr-only\"> Falusi Mariann mindenkit elvesz\u00edtett, majd \u0150 is meghalt<\/span><\/a><\/span><\/p>\n","protected":false},"author":1,"featured_media":5264,"comment_status":"open","ping_status":"open","sticky":false,"template":"","format":"standard","meta":{"footnotes":""},"categories":[1],"tags":[],"class_list":["post-5263","post","type-post","status-publish","format-standard","has-post-thumbnail","hentry","category-egyeb","wpcat-1-id"],"_links":{"self":[{"href":"https:\/\/matrend.hu\/nekedinfo\/wp-json\/wp\/v2\/posts\/5263","targetHints":{"allow":["GET"]}}],"collection":[{"href":"https:\/\/matrend.hu\/nekedinfo\/wp-json\/wp\/v2\/posts"}],"about":[{"href":"https:\/\/matrend.hu\/nekedinfo\/wp-json\/wp\/v2\/types\/post"}],"author":[{"embeddable":true,"href":"https:\/\/matrend.hu\/nekedinfo\/wp-json\/wp\/v2\/users\/1"}],"replies":[{"embeddable":true,"href":"https:\/\/matrend.hu\/nekedinfo\/wp-json\/wp\/v2\/comments?post=5263"}],"version-history":[{"count":1,"href":"https:\/\/matrend.hu\/nekedinfo\/wp-json\/wp\/v2\/posts\/5263\/revisions"}],"predecessor-version":[{"id":5265,"href":"https:\/\/matrend.hu\/nekedinfo\/wp-json\/wp\/v2\/posts\/5263\/revisions\/5265"}],"wp:featuredmedia":[{"embeddable":true,"href":"https:\/\/matrend.hu\/nekedinfo\/wp-json\/wp\/v2\/media\/5264"}],"wp:attachment":[{"href":"https:\/\/matrend.hu\/nekedinfo\/wp-json\/wp\/v2\/media?parent=5263"}],"wp:term":[{"taxonomy":"category","embeddable":true,"href":"https:\/\/matrend.hu\/nekedinfo\/wp-json\/wp\/v2\/categories?post=5263"},{"taxonomy":"post_tag","embeddable":true,"href":"https:\/\/matrend.hu\/nekedinfo\/wp-json\/wp\/v2\/tags?post=5263"}],"curies":[{"name":"wp","href":"https:\/\/api.w.org\/{rel}","templated":true}]}}