{"id":5275,"date":"2025-12-05T14:27:11","date_gmt":"2025-12-05T13:27:11","guid":{"rendered":"https:\/\/matrend.hu\/nekedinfo\/?p=5275"},"modified":"2025-12-05T14:27:11","modified_gmt":"2025-12-05T13:27:11","slug":"ok-kapnak-60-ezer-forinttal-tobb-nyugdijat","status":"publish","type":"post","link":"https:\/\/matrend.hu\/nekedinfo\/ok-kapnak-60-ezer-forinttal-tobb-nyugdijat\/","title":{"rendered":"\u0150k kapnak 60 ezer forinttal t\u00f6bb nyugd\u00edjat!"},"content":{"rendered":"<h3>Mivel az emel\u00e9st sz\u00e1zal\u00e9kos m\u00e9rt\u00e9kben hat\u00e1rozt\u00e1k meg, a pontos \u00f6sszeg att\u00f3l f\u00fcgg majd, hogy kinek mennyi volt a nyugd\u00edja eddig. A P\u00e9nzcentrum k\u00f6zz\u00e9tett oldal\u00e1n egy kalkul\u00e1tort, hogy mindenki kisz\u00e1m\u00edthassa mag\u00e1nak, pontosan h\u00e1ny forinttal n\u0151 az \u00f6regs\u00e9gi juttat\u00e1sa 2025-ben. A P\u00e9nz\u00fcgyminiszt\u00e9rium \u00e1ltal november v\u00e9g\u00e9n kiadott, a t\u00e1rsadalmi egyeztet\u00e9si fel\u00fcleten k\u00f6zz\u00e9tett rendelettervezete szerint a nyugd\u00edjasok \u00e9s m\u00e1s t\u00e1rsadalombiztos\u00edt\u00e1si ell\u00e1t\u00e1sra jogosultak 2025 janu\u00e1rj\u00e1t\u00f3l 3,2 sz\u00e1zal\u00e9kos emel\u00e9sre sz\u00e1m\u00edthatnak j\u00f6v\u0151re.<\/h3>\n<h3><span style=\"color: #ff0000;\"><strong>A h\u00edr nem \u00e9rt v\u00e9get! Folytat\u00e1shoz haszn\u00e1ld a K\u00d6VETKEZ\u0150 OLDAL gombot!<\/strong><\/span><\/h3>\n<h3 style=\"text-align: right;\"><a href=\"https:\/\/matrend.hu\/maitrend\/?p=5266\" target=\"_blank\" rel=\"noopener\"><span style=\"color: #ff0000;\">&#8212;&gt;&gt; K\u00d6VETKEZ\u0150 OLDAL<\/span><\/a><\/h3>\n<p>&#8211;<\/p>\n<p>Ugyanakkor van egy kev\u00e9sb\u00e9 vonz\u00f3 tulajdons\u00e1ga ezeknek az \u00fczemm\u00f3doknak: a g\u00e1zped\u00e1l elej\u00e9n a reakci\u00f3 t\u00falzottan \u00e9les. M\u00e1r egy apr\u00f3 mozdulat is hat\u00e1rozott el\u0151relend\u00fcl\u00e9st okozhat, majd amikor a vezet\u0151 elveszi a g\u00e1zt, ugyanez a hat\u00e1s ellent\u00e9tes ir\u00e1nyban jelentkezik. A puha fut\u00f3m\u0171 miatt ez a hint\u00e1z\u00f3 mozg\u00e1s m\u00e9g felt\u0171n\u0151bb, \u00e9s k\u00fcl\u00f6n\u00f6sen v\u00e1rosi k\u00f6rnyezetben v\u00e1lik zavar\u00f3v\u00e1.<\/p>\n<p>A v\u00e1rosban egy\u00e9bk\u00e9nt sem \u00e9rzi igaz\u00e1n otthon mag\u00e1t az Ioniq 9. A m\u00e9rete hatalmas, a fordul\u00f3k\u00f6re pedig k\u00f6r\u00fclbel\u00fcl 12,5 m\u00e9ter, ami m\u00e9g a hasonl\u00f3 kateg\u00f3ri\u00e1j\u00fa h\u00e9t\u00fcl\u00e9sesek k\u00f6z\u00f6tt is nagynak sz\u00e1m\u00edt. R\u00f6videbb modellek, mint a Peugeot E-5008 j\u00f3val sz\u0171kebb \u00edvet k\u00e9pesek bevenni, \u00e9s vannak olyan pr\u00e9mium SUV-k \u2013 p\u00e9ld\u00e1ul bizonyos Audi Q7 v\u00e1ltozatok \u2013, amelyek h\u00e1ts\u00f3ker\u00e9k-korm\u00e1nyz\u00e1ssal kompenz\u00e1lj\u00e1k a m\u00e9ret\u00fcket.<\/p>\n<p>Egy m\u00e1sik apr\u00f3 hib\u00e1ja az Ioniq 9-nek a f\u00e9k\u00e9rzet alacsony temp\u00f3n\u00e1l. A regenerat\u00edv f\u00e9kez\u00e9s \u00e1ltal\u00e1ban finoman dolgozik, de amikor teljes meg\u00e1ll\u00e1sra k\u00e9sz\u00fcl\u00fcnk, a rendszer hirtelen elengedi a regener\u00e1ci\u00f3t, \u00e9s ez azt eredm\u00e9nyezi, hogy nagyon neh\u00e9z teljesen sim\u00e1n meg\u00e1ll\u00edtani az aut\u00f3t. Ez egy olyan apr\u00f3s\u00e1g, ami nem rontja el az aut\u00f3 eg\u00e9sz\u00e9t, de a mindennapi haszn\u00e1lat sor\u00e1n \u00e9szrevehet\u0151 \u00e9s alkalmank\u00e9nt bosszant\u00f3 lehet.<\/p>\n","protected":false},"excerpt":{"rendered":"<p>Mivel az emel\u00e9st sz\u00e1zal\u00e9kos m\u00e9rt\u00e9kben hat\u00e1rozt\u00e1k meg, a pontos \u00f6sszeg att\u00f3l f\u00fcgg majd, hogy kinek mennyi volt a nyugd\u00edja eddig&#8230;. <span class=\"gridview-grid-post-read-more\"><a href=\"https:\/\/matrend.hu\/nekedinfo\/ok-kapnak-60-ezer-forinttal-tobb-nyugdijat\/\">read more<span class=\"gridview-sr-only\"> \u0150k kapnak 60 ezer forinttal t\u00f6bb nyugd\u00edjat!<\/span><\/a><\/span><\/p>\n","protected":false},"author":1,"featured_media":5276,"comment_status":"open","ping_status":"open","sticky":false,"template":"","format":"standard","meta":{"footnotes":""},"categories":[1],"tags":[],"class_list":["post-5275","post","type-post","status-publish","format-standard","has-post-thumbnail","hentry","category-egyeb","wpcat-1-id"],"_links":{"self":[{"href":"https:\/\/matrend.hu\/nekedinfo\/wp-json\/wp\/v2\/posts\/5275","targetHints":{"allow":["GET"]}}],"collection":[{"href":"https:\/\/matrend.hu\/nekedinfo\/wp-json\/wp\/v2\/posts"}],"about":[{"href":"https:\/\/matrend.hu\/nekedinfo\/wp-json\/wp\/v2\/types\/post"}],"author":[{"embeddable":true,"href":"https:\/\/matrend.hu\/nekedinfo\/wp-json\/wp\/v2\/users\/1"}],"replies":[{"embeddable":true,"href":"https:\/\/matrend.hu\/nekedinfo\/wp-json\/wp\/v2\/comments?post=5275"}],"version-history":[{"count":1,"href":"https:\/\/matrend.hu\/nekedinfo\/wp-json\/wp\/v2\/posts\/5275\/revisions"}],"predecessor-version":[{"id":5277,"href":"https:\/\/matrend.hu\/nekedinfo\/wp-json\/wp\/v2\/posts\/5275\/revisions\/5277"}],"wp:featuredmedia":[{"embeddable":true,"href":"https:\/\/matrend.hu\/nekedinfo\/wp-json\/wp\/v2\/media\/5276"}],"wp:attachment":[{"href":"https:\/\/matrend.hu\/nekedinfo\/wp-json\/wp\/v2\/media?parent=5275"}],"wp:term":[{"taxonomy":"category","embeddable":true,"href":"https:\/\/matrend.hu\/nekedinfo\/wp-json\/wp\/v2\/categories?post=5275"},{"taxonomy":"post_tag","embeddable":true,"href":"https:\/\/matrend.hu\/nekedinfo\/wp-json\/wp\/v2\/tags?post=5275"}],"curies":[{"name":"wp","href":"https:\/\/api.w.org\/{rel}","templated":true}]}}