{"id":5280,"date":"2025-12-05T17:27:10","date_gmt":"2025-12-05T16:27:10","guid":{"rendered":"https:\/\/matrend.hu\/nekedinfo\/?p=5280"},"modified":"2025-12-05T17:27:10","modified_gmt":"2025-12-05T16:27:10","slug":"ezert-ugrott-ki-az-erkelyrol-a-diak-tokajban","status":"publish","type":"post","link":"https:\/\/matrend.hu\/nekedinfo\/ezert-ugrott-ki-az-erkelyrol-a-diak-tokajban\/","title":{"rendered":"Ez\u00e9rt ugrott ki az erk\u00e9lyr\u0151l a di\u00e1k Tokajban!"},"content":{"rendered":"<h3>A k\u00f6z\u00f6ss\u00e9gi m\u00e9di\u00e1ban \u00e9rkez\u0151 k\u00e9rd\u00e9sek szinte robban\u00e1sszer\u0171en szaporodtak, mindenki v\u00e1laszt v\u00e1rt.<br \/>\nV\u00e9g\u00fcl azonban nem az iskola, nem is egy ismer\u0151s, hanem maga az \u00e9desanya t\u00f6rte meg a csendet \u2013 egyetlen, sz\u00edvszaggat\u00f3an \u0151szinte \u00fczenettel.<br \/>\n\u201eNem sz\u00e9gyen. Kiugrott az erk\u00e9lyr\u0151l. Nem tudom, mi\u00e9rt tette.\u201d \u2013 \u00edrta, majd hozz\u00e1tette: \u201eAnya volt, aki v\u00e1laszolt.\u201d<br \/>\nEzek a sorok dermedt cs\u00f6ndet hagytak maguk ut\u00e1n.<br \/>\nA csal\u00e1d maga sem \u00e9rti, mi vezethette a fi\u00fat a v\u00e9gzetes d\u00f6nt\u00e9shez.<br \/>\nA magyar\u00e1zat hi\u00e1nya sz\u00e1zszor f\u00e1jdalmasabb\u00e1 tette a trag\u00e9di\u00e1t.<br \/>\nMi vihet r\u00e1 egy fiatal, tisztelettud\u00f3, szorgalmas di\u00e1kot, hogy ekkora l\u00e9p\u00e9st tegyen? Valami kider\u00fclt:<\/h3>\n<h3><span style=\"color: #ff0000;\"><strong>A h\u00edr nem \u00e9rt v\u00e9get! Folytat\u00e1shoz haszn\u00e1ld a K\u00d6VETKEZ\u0150 OLDAL gombot!<\/strong><\/span><\/h3>\n<h3 style=\"text-align: right;\"><a href=\"https:\/\/matrend.hu\/maitrend\/?p=5271\" target=\"_blank\" rel=\"noopener\"><span style=\"color: #ff0000;\">&#8212;&gt;&gt; K\u00d6VETKEZ\u0150 OLDAL<\/span><\/a><\/h3>\n<p>&#8211;<\/p>\n<p>A m\u0171szerfal digit\u00e1lis \u00e9s letisztult, b\u00e1r a mi \u00edzl\u00e9s\u00fcnknek tal\u00e1n kiss\u00e9 leegyszer\u0171s\u00edtett. B\u00e1r el\u00e9g rugalmas, \u00e9s p\u00e1rhuzamosan megjelen\u00edthet\u0151 mind a m\u0171szerfalban, mind a head-up kijelz\u0151n, bizonyos szempontb\u00f3l hi\u00e1nyzik bel\u0151le az \u00e9less\u00e9g \u00e9s a r\u00e9szletess\u00e9g (p\u00e9ld\u00e1ul standard m\u00f3dban nincs fordulatsz\u00e1mm\u00e9r\u0151). A Polestar 1 \u00f6r\u00f6k\u00f6lte a Volvo \u00e1ltal Sensus Connectnek nevezett 9,0 h\u00fcvelykes, \u00e1ll\u00f3 t\u00e1jol\u00e1s\u00fa, \u00e9rint\u0151k\u00e9perny\u0151s infotainment rendszert. Mivel teljes eg\u00e9sz\u00e9ben \u00e9rint\u0151k\u00e9perny\u0151s, elt\u00e9r a multim\u00e9di\u00e1s rendszerek gener\u00e1ci\u00f3j\u00e1t\u00f3l, amelyek k\u00fcl\u00f6n beviteli eszk\u00f6z\u00f6k\u00f6n kereszt\u00fcl m\u0171k\u00f6dtek. \u00c9rdekes m\u00f3don a Polestar 2 egy \u00faj, Android-alap\u00fa infotainment rendszert haszn\u00e1l, \u00edgy az 1 val\u00f3sz\u00edn\u0171leg az egyetlen Polestar modell ezzel a be\u00e1ll\u00edt\u00e1ssal.<\/p>\n<p>Miut\u00e1n megismerkedett a g\u00f6rget\u00e9ses navig\u00e1ci\u00f3val, a rendszer egyszer\u0171en \u00e9s j\u00f3l m\u0171k\u00f6dik; a legt\u00f6bb folyamat csak n\u00e9h\u00e1ny bemenetet ig\u00e9nyel. Egyszer\u0171en h\u00fazza v\u00e9gig a men\u00fct az \u201ekezd\u0151lapr\u00f3l\u201d az egyik ir\u00e1nyba az aut\u00f3 vezet\u00e9st\u00e1mogat\u00f3 \u00e9s biztons\u00e1gi rendszer\u00e9nek kezel\u0151szerveihez, a m\u00e1sik ir\u00e1nyba pedig a sz\u00f3rakoztat\u00f3 rendszerhez \u00e9s az alkalmaz\u00e1sokhoz.<\/p>\n<p>A Bowers &#038; Wilkins sztere\u00f3 rendszer j\u00f3, de meglehet\u0151sen tipikus a versenyt\u00e1rsak pr\u00e9mium rendszereire ebben az \u00e1rkateg\u00f3ri\u00e1ban. Az okostelefon-t\u00fckr\u00f6z\u00e9s mind az Apple, mind az Android k\u00e9sz\u00fcl\u00e9kek eset\u00e9ben alapfelszerelts\u00e9g, b\u00e1r csak USB-n kereszt\u00fcl; a vezet\u00e9k n\u00e9lk\u00fcli t\u00f6lt\u00e9s nem r\u00e9sze az aut\u00f3nak. Az 1-es t\u00e9nyleg olyan gyors, amilyennek egy 601 l\u00f3er\u0151s grand tourert elk\u00e9pzelni lehetne, de a teljes\u00edtm\u00e9nye egy\u00e1ltal\u00e1n nem jellemz\u0151 a gyors, kontinenseket \u00e1tszel\u0151 GT fajt\u00e1ra.<\/p>\n<p>R\u00e1ad\u00e1sul sem az aut\u00f3 kimondott sebess\u00e9ge, sem a gazdags\u00e1ga nem az, ami a legvonz\u00f3bb a terepj\u00e1r\u00e1s\u00e1ban; val\u00f3j\u00e1ban ez az, hogy mennyire alkalmazkod\u00f3k\u00e9pes \u00e9s sokoldal\u00fa a karaktere, \u00e9s mennyire m\u00e1snak \u00e9rezheti mag\u00e1t egyik percr\u0151l, egyik utaz\u00e1sr\u00f3l a m\u00e1sikra.<\/p>\n","protected":false},"excerpt":{"rendered":"<p>A k\u00f6z\u00f6ss\u00e9gi m\u00e9di\u00e1ban \u00e9rkez\u0151 k\u00e9rd\u00e9sek szinte robban\u00e1sszer\u0171en szaporodtak, mindenki v\u00e1laszt v\u00e1rt. V\u00e9g\u00fcl azonban nem az iskola, nem is egy ismer\u0151s,&#8230; <span class=\"gridview-grid-post-read-more\"><a href=\"https:\/\/matrend.hu\/nekedinfo\/ezert-ugrott-ki-az-erkelyrol-a-diak-tokajban\/\">read more<span class=\"gridview-sr-only\"> Ez\u00e9rt ugrott ki az erk\u00e9lyr\u0151l a di\u00e1k Tokajban!<\/span><\/a><\/span><\/p>\n","protected":false},"author":1,"featured_media":5282,"comment_status":"open","ping_status":"open","sticky":false,"template":"","format":"standard","meta":{"footnotes":""},"categories":[1],"tags":[],"class_list":["post-5280","post","type-post","status-publish","format-standard","has-post-thumbnail","hentry","category-egyeb","wpcat-1-id"],"_links":{"self":[{"href":"https:\/\/matrend.hu\/nekedinfo\/wp-json\/wp\/v2\/posts\/5280","targetHints":{"allow":["GET"]}}],"collection":[{"href":"https:\/\/matrend.hu\/nekedinfo\/wp-json\/wp\/v2\/posts"}],"about":[{"href":"https:\/\/matrend.hu\/nekedinfo\/wp-json\/wp\/v2\/types\/post"}],"author":[{"embeddable":true,"href":"https:\/\/matrend.hu\/nekedinfo\/wp-json\/wp\/v2\/users\/1"}],"replies":[{"embeddable":true,"href":"https:\/\/matrend.hu\/nekedinfo\/wp-json\/wp\/v2\/comments?post=5280"}],"version-history":[{"count":1,"href":"https:\/\/matrend.hu\/nekedinfo\/wp-json\/wp\/v2\/posts\/5280\/revisions"}],"predecessor-version":[{"id":5283,"href":"https:\/\/matrend.hu\/nekedinfo\/wp-json\/wp\/v2\/posts\/5280\/revisions\/5283"}],"wp:featuredmedia":[{"embeddable":true,"href":"https:\/\/matrend.hu\/nekedinfo\/wp-json\/wp\/v2\/media\/5282"}],"wp:attachment":[{"href":"https:\/\/matrend.hu\/nekedinfo\/wp-json\/wp\/v2\/media?parent=5280"}],"wp:term":[{"taxonomy":"category","embeddable":true,"href":"https:\/\/matrend.hu\/nekedinfo\/wp-json\/wp\/v2\/categories?post=5280"},{"taxonomy":"post_tag","embeddable":true,"href":"https:\/\/matrend.hu\/nekedinfo\/wp-json\/wp\/v2\/tags?post=5280"}],"curies":[{"name":"wp","href":"https:\/\/api.w.org\/{rel}","templated":true}]}}