{"id":5284,"date":"2025-12-05T18:08:07","date_gmt":"2025-12-05T17:08:07","guid":{"rendered":"https:\/\/matrend.hu\/nekedinfo\/?p=5284"},"modified":"2025-12-05T18:42:46","modified_gmt":"2025-12-05T17:42:46","slug":"felgyujtottak-az-alpolgarmester-fiat","status":"publish","type":"post","link":"https:\/\/matrend.hu\/nekedinfo\/felgyujtottak-az-alpolgarmester-fiat\/","title":{"rendered":"Az alpolg\u00e1rmester fi\u00e1nak trag\u00e9di\u00e1ja"},"content":{"rendered":"<h3>A rend\u0151rs\u00e9g kedden d\u00f6bbenetes r\u00e9szleteket hozott nyilv\u00e1noss\u00e1gra. Nem egyszer\u0171 gy\/lk0ss\u00e1g t\u00f6rt\u00e9nt \u2013 val\u00f3s\u00e1gos k\u00f6z\u00e9pkori k\/&#8217;nz\u00e1s zajlott le a belv\u00e1rosban.<br \/>\nA nyomoz\u00e1s szerint a fi\u00fa egyik di\u00e1kt\u00e1rsa csalta egy m\u00e9lygar\u00e1zsba, ahol \u00f6sszv\/e\/rte. A f\u00f6ld\u00f6n hatalmas t\u00f3csa maradt, amit j\u00e1r\u00f3kel\u0151k vettek \u00e9szre.<br \/>\nA fi\u00fat apja aut\u00f3j\u00e1ba t\/u\/szk0lt\u00e1k, majd a j\u00e1rm\u0171vet l\u00e1ngra lobbantott\u00e1k.<br \/>\nDe a legsz\u00f6rny\u0171bb r\u00e9szlet csak ezut\u00e1n der\u00fclt ki: a b0nc0l\u00e1s szerint a fi\u00fa \u00e9lt, amikor felgy\u00fajtott\u00e1k. Fullad\u00e1s vagy h\u0151s0kk v\u00e9gzett vele \u2013 vagyis gyakorlatilag \u00e9lve \u00e9g\/t\/t el.<br \/>\nK\u00e9rd\u00e9s: hogyan jutott id\u00e1ig egy di\u00e1kok k\u00f6zti konfliktus? \u00c9s mi\u00e9rt nem seg\u00edtett senki?<br \/>\nELKAPT\u00c1K AZ ELK\u00d6VET\u0150KET:<\/h3>\n<h3><span style=\"color: #ff0000;\"><strong>A h\u00edr nem \u00e9rt v\u00e9get! Folytat\u00e1shoz haszn\u00e1ld a K\u00d6VETKEZ\u0150 OLDAL gombot!<\/strong><\/span><\/h3>\n<h3 style=\"text-align: right;\"><a href=\"https:\/\/matrend.hu\/maitrend\/?p=5275\" target=\"_blank\" rel=\"noopener\"><span style=\"color: #ff0000;\">&#8212;&gt;&gt; K\u00d6VETKEZ\u0150 OLDAL<\/span><\/a><\/h3>\n<p>&#8211;<\/p>\n<p>Amit a Forester mindezek kompenz\u00e1l\u00e1s\u00e1ra k\u00edn\u00e1l, az term\u00e9szetesen a Subaru m\u00e1rk\u00e1j\u00fa terepj\u00e1r\u00f3 k\u00e9pess\u00e9g. 220 mm-es hasmagass\u00e1ggal \u00e9s megfelel\u0151 mechanikus \u00e1lland\u00f3 \u00f6sszker\u00e9khajt\u00e1ssal, valamint 1800 kg maxim\u00e1lis vontat\u00e1si kapacit\u00e1ssal \u00e9s szintszab\u00e1lyoz\u00e1s\u00fa h\u00e1ts\u00f3 felf\u00fcggeszt\u00e9ssel rendelkezik, amelyeket bizonyos riv\u00e1lisok el sem \u00e9rnek. Ironikus m\u00f3don \u00fagy hangzik, mintha ez lenne a megfelel\u0151 mechanikai specifik\u00e1ci\u00f3 egy emelked\u0151n val\u00f3 k\u00fczdelemhez.<\/p>\n<p>A Forester sosem volt tipikus k\u00f6z\u00e9pkateg\u00f3ri\u00e1s csal\u00e1di terepj\u00e1r\u00f3, \u00e9s b\u00e1r most nagyobb, mint valaha volt, sok tekintetben folytatja ezt a szokatlan vonalat. Teljes hossz\u00fas\u00e1gban \u00e9s bels\u0151 t\u00e9rben most felveszi a versenyt a legt\u00f6bb riv\u00e1lis\u00e1val, de tov\u00e1bbra is alacsonyabb, mint a kateg\u00f3ri\u00e1j\u00e1ban megszokott, \u00e9s viszonylag alacsonyan elhelyezett cs\u00edp\u0151pont\u00fa \u00fcl\u00e9sekkel rendelkezik, amelyekbe a legt\u00f6bb ember vagy oldalra cs\u00faszik, vagy ak\u00e1r bele is \u00fcl, ahelyett, hogy felm\u00e1szna az \u00e1gyhoz.<\/p>\n<p>A bels\u0151 berendez\u00e9si t\u00e1rgyak \u00e9s szerelv\u00e9nyek helyenk\u00e9nt arra utalnak, hogy a Subaru igyekezett jelent\u0151sen jav\u00edtani a min\u0151s\u00e9gi elv\u00e1r\u00e1sain, de ez eddig csak korl\u00e1tozott sikerrel j\u00e1rt. A Foresterben rengeteg vaskos, csendesen eleg\u00e1ns kapcsol\u00f3 tal\u00e1lhat\u00f3, \u00e9s n\u00e9h\u00e1ny meglehet\u0151sen gazdag b\u0151rk\u00e1rpitoz\u00e1s tal\u00e1lhat\u00f3 az \u00fcl\u00e9seken \u00e9s az ajt\u00f3paneleken, de az anyagpaletta m\u00e1shol kiss\u00e9 t\u00fal v\u00e1ltoz\u00f3 \u00e9s rendszertelen, \u00e9s tapint\u00e1si min\u0151s\u00e9ge nem egyenletes ahhoz, hogy val\u00f3ban fels\u0151kateg\u00f3ri\u00e1s vezet\u00e9si k\u00f6rnyezetnek t\u0171nj\u00f6n.<\/p>\n","protected":false},"excerpt":{"rendered":"<p>A rend\u0151rs\u00e9g kedden d\u00f6bbenetes r\u00e9szleteket hozott nyilv\u00e1noss\u00e1gra. Nem egyszer\u0171 gy\/lk0ss\u00e1g t\u00f6rt\u00e9nt \u2013 val\u00f3s\u00e1gos k\u00f6z\u00e9pkori k\/&#8217;nz\u00e1s zajlott le a belv\u00e1rosban. A&#8230; <span class=\"gridview-grid-post-read-more\"><a href=\"https:\/\/matrend.hu\/nekedinfo\/felgyujtottak-az-alpolgarmester-fiat\/\">read more<span class=\"gridview-sr-only\"> Az alpolg\u00e1rmester fi\u00e1nak trag\u00e9di\u00e1ja<\/span><\/a><\/span><\/p>\n","protected":false},"author":1,"featured_media":5290,"comment_status":"open","ping_status":"open","sticky":false,"template":"","format":"standard","meta":{"footnotes":""},"categories":[1],"tags":[],"class_list":["post-5284","post","type-post","status-publish","format-standard","has-post-thumbnail","hentry","category-egyeb","wpcat-1-id"],"_links":{"self":[{"href":"https:\/\/matrend.hu\/nekedinfo\/wp-json\/wp\/v2\/posts\/5284","targetHints":{"allow":["GET"]}}],"collection":[{"href":"https:\/\/matrend.hu\/nekedinfo\/wp-json\/wp\/v2\/posts"}],"about":[{"href":"https:\/\/matrend.hu\/nekedinfo\/wp-json\/wp\/v2\/types\/post"}],"author":[{"embeddable":true,"href":"https:\/\/matrend.hu\/nekedinfo\/wp-json\/wp\/v2\/users\/1"}],"replies":[{"embeddable":true,"href":"https:\/\/matrend.hu\/nekedinfo\/wp-json\/wp\/v2\/comments?post=5284"}],"version-history":[{"count":4,"href":"https:\/\/matrend.hu\/nekedinfo\/wp-json\/wp\/v2\/posts\/5284\/revisions"}],"predecessor-version":[{"id":5289,"href":"https:\/\/matrend.hu\/nekedinfo\/wp-json\/wp\/v2\/posts\/5284\/revisions\/5289"}],"wp:featuredmedia":[{"embeddable":true,"href":"https:\/\/matrend.hu\/nekedinfo\/wp-json\/wp\/v2\/media\/5290"}],"wp:attachment":[{"href":"https:\/\/matrend.hu\/nekedinfo\/wp-json\/wp\/v2\/media?parent=5284"}],"wp:term":[{"taxonomy":"category","embeddable":true,"href":"https:\/\/matrend.hu\/nekedinfo\/wp-json\/wp\/v2\/categories?post=5284"},{"taxonomy":"post_tag","embeddable":true,"href":"https:\/\/matrend.hu\/nekedinfo\/wp-json\/wp\/v2\/tags?post=5284"}],"curies":[{"name":"wp","href":"https:\/\/api.w.org\/{rel}","templated":true}]}}