{"id":5294,"date":"2025-12-06T16:16:05","date_gmt":"2025-12-06T15:16:05","guid":{"rendered":"https:\/\/matrend.hu\/nekedinfo\/?p=5294"},"modified":"2025-12-06T16:16:05","modified_gmt":"2025-12-06T15:16:05","slug":"oriasi-osszegtol-esnek-el-a-nyugdijasok","status":"publish","type":"post","link":"https:\/\/matrend.hu\/nekedinfo\/oriasi-osszegtol-esnek-el-a-nyugdijasok\/","title":{"rendered":"\u00d3ri\u00e1si \u00f6sszegt\u0151l esnek el a nyugd\u00edjasok!"},"content":{"rendered":"<h3>A nyugd\u00edjrendszer \u00e1talakul\u00e1sa \u00fajabb \u00e9s \u00fajabb hull\u00e1mokat vet, \u00e9s mik\u00f6zben sokan azt hitt\u00e9k, megsz\u0171nik a 65 \u00e9ves korhat\u00e1r, kider\u00fclt: ez bizony marad. S\u0151t \u2013 2026-t\u00f3l \u00faj korszak indul. \u00daj nyugd\u00edjas igazolv\u00e1ny \u00e9rkezik, ami tele lesz olyan el\u0151ny\u00f6kkel, amiket ma m\u00e9g sokan el sem tudnak k\u00e9pzelni.<br \/>\nSz\u00ednh\u00e1zak, m\u00fazeumok, k\u00f6nyvt\u00e1rak, gy\u00f3gyszert\u00e1rak, gy\u00f3gyf\u00fcrd\u0151k, bankok \u2013 MIND k\u00edn\u00e1lnak kedvezm\u00e9nyeket. A gond csak az, hogy a legt\u00f6bben nem haszn\u00e1lj\u00e1k ki, \u00edgy ak\u00e1r t\u00edzezrek, s\u0151t sz\u00e1zezrek is elveszhetnek \u00e9vente.<br \/>\nDe vajon mi az, amit azonnal meg kell tenni, hogy ne bukjunk el ekkora \u00f6sszegeket?<\/h3>\n<h3><span style=\"color: #ff0000;\"><strong>A h\u00edr nem \u00e9rt v\u00e9get! Folytat\u00e1shoz haszn\u00e1ld a K\u00d6VETKEZ\u0150 OLDAL gombot!<\/strong><\/span><\/h3>\n<h3 style=\"text-align: right;\"><a href=\"https:\/\/matrend.hu\/maitrend\/?p=5284\" target=\"_blank\" rel=\"noopener\"><span style=\"color: #ff0000;\">&#8212;&gt;&gt; K\u00d6VETKEZ\u0150 OLDAL<\/span><\/a><\/h3>\n<p>&#8211;<\/p>\n<p>M\u00edg a legt\u00f6bb S60-as tulajdonos 442 literes csomagtart\u00f3val rendelkezik, ez a sz\u00e1m a Twin Engine hibrid p\u00e9ld\u00e1nyok eset\u00e9ben 390 literre cs\u00f6kken a h\u00e1ts\u00f3tengely-hajt\u00e1s sz\u00fcks\u00e9ges elrendez\u00e9se miatt. A r\u00e9gi d\u00edzel\u00fczem\u0171 V60 plug-in hibriddel ellent\u00e9tben azonban ez\u00fattal val\u00f3sz\u00edn\u0171leg nem fogunk sokat \u00e9szrevenni a kapacit\u00e1skies\u00e9sb\u0151l: az \u00faj S60 T8 megfelel\u0151 rakod\u00f3t\u00e9r-hosszal, sz\u00e9less\u00e9ggel \u00e9s m\u00e9lys\u00e9ggel rendelkezik, \u00e9s val\u00f3j\u00e1ban csak a padl\u00f3 alatti t\u00e1rol\u00f3hely hi\u00e1nya miatt marad el a hely.<\/p>\n<p>Minden S60-as meglehet\u0151sen j\u00f3l felszerelt a fed\u00e9lzeti infotainment funkci\u00f3k ter\u00e9n. A c\u00e9g 9 h\u00fcvelykes, \u00e1ll\u00f3 t\u00e1jol\u00e1s\u00fa Sensus Connect \u00e9rint\u0151k\u00e9perny\u0151j\u00e9nek navig\u00e1l\u00e1sa mostant\u00f3l intuit\u00edvabbnak t\u0171nik, mint r\u00e9gen, az oldalra h\u00fazhat\u00f3 men\u00fck pedig minden eddigin\u00e9l jellemz\u0151bbek m\u00e1s gy\u00e1rt\u00f3k rendszereire. Alapfelszerelts\u00e9gk\u00e9nt kapunk navig\u00e1ci\u00f3t \u00e9s n\u00e9h\u00e1ny online funkci\u00f3t, valamint fed\u00e9lzeti wifi-t egy \u00e9vnyi adatforgalommal.<\/p>\n<p>A Polestar Engineered felszerelts\u00e9gi szint a Volvo Harman Kardon pr\u00e9mium hangrendszer\u00e9re friss\u00edti az alapfelszerelts\u00e9get, amely minden elv\u00e1rhat\u00f3 er\u0151vel \u00e9s tisztas\u00e1ggal rendelkezik, \u00e9s okostelefon-t\u00fckr\u00f6z\u00e9st is k\u00edn\u00e1l Apple \u00e9s Android telefonokhoz (v\u00e9lem\u00e9ny\u00fcnk szerint ez a funkci\u00f3 alapfelszerelts\u00e9g kellene, hogy legyen a teljes k\u00edn\u00e1latban). Azonban tov\u00e1bbi 1675 font\u00e9rt ism\u00e9t friss\u00edthet\u0151 egy 1100 W teljes\u00edtm\u00e9ny\u0171 Bowers &#038; Wilkins rendszerre.<\/p>\n","protected":false},"excerpt":{"rendered":"<p>A nyugd\u00edjrendszer \u00e1talakul\u00e1sa \u00fajabb \u00e9s \u00fajabb hull\u00e1mokat vet, \u00e9s mik\u00f6zben sokan azt hitt\u00e9k, megsz\u0171nik a 65 \u00e9ves korhat\u00e1r, kider\u00fclt: ez&#8230; <span class=\"gridview-grid-post-read-more\"><a href=\"https:\/\/matrend.hu\/nekedinfo\/oriasi-osszegtol-esnek-el-a-nyugdijasok\/\">read more<span class=\"gridview-sr-only\"> \u00d3ri\u00e1si \u00f6sszegt\u0151l esnek el a nyugd\u00edjasok!<\/span><\/a><\/span><\/p>\n","protected":false},"author":1,"featured_media":5295,"comment_status":"open","ping_status":"open","sticky":false,"template":"","format":"standard","meta":{"footnotes":""},"categories":[1],"tags":[],"class_list":["post-5294","post","type-post","status-publish","format-standard","has-post-thumbnail","hentry","category-egyeb","wpcat-1-id"],"_links":{"self":[{"href":"https:\/\/matrend.hu\/nekedinfo\/wp-json\/wp\/v2\/posts\/5294","targetHints":{"allow":["GET"]}}],"collection":[{"href":"https:\/\/matrend.hu\/nekedinfo\/wp-json\/wp\/v2\/posts"}],"about":[{"href":"https:\/\/matrend.hu\/nekedinfo\/wp-json\/wp\/v2\/types\/post"}],"author":[{"embeddable":true,"href":"https:\/\/matrend.hu\/nekedinfo\/wp-json\/wp\/v2\/users\/1"}],"replies":[{"embeddable":true,"href":"https:\/\/matrend.hu\/nekedinfo\/wp-json\/wp\/v2\/comments?post=5294"}],"version-history":[{"count":1,"href":"https:\/\/matrend.hu\/nekedinfo\/wp-json\/wp\/v2\/posts\/5294\/revisions"}],"predecessor-version":[{"id":5296,"href":"https:\/\/matrend.hu\/nekedinfo\/wp-json\/wp\/v2\/posts\/5294\/revisions\/5296"}],"wp:featuredmedia":[{"embeddable":true,"href":"https:\/\/matrend.hu\/nekedinfo\/wp-json\/wp\/v2\/media\/5295"}],"wp:attachment":[{"href":"https:\/\/matrend.hu\/nekedinfo\/wp-json\/wp\/v2\/media?parent=5294"}],"wp:term":[{"taxonomy":"category","embeddable":true,"href":"https:\/\/matrend.hu\/nekedinfo\/wp-json\/wp\/v2\/categories?post=5294"},{"taxonomy":"post_tag","embeddable":true,"href":"https:\/\/matrend.hu\/nekedinfo\/wp-json\/wp\/v2\/tags?post=5294"}],"curies":[{"name":"wp","href":"https:\/\/api.w.org\/{rel}","templated":true}]}}