{"id":5300,"date":"2025-12-07T06:56:32","date_gmt":"2025-12-07T05:56:32","guid":{"rendered":"https:\/\/matrend.hu\/nekedinfo\/?p=5300"},"modified":"2025-12-07T06:56:32","modified_gmt":"2025-12-07T05:56:32","slug":"drama-a-szinpadon-minden-kiderult","status":"publish","type":"post","link":"https:\/\/matrend.hu\/nekedinfo\/drama-a-szinpadon-minden-kiderult\/","title":{"rendered":"Dr\u00e1ma a sz\u00ednpadon! Minden kider\u00fclt!"},"content":{"rendered":"<h3>A m\u0171sor k\u00fcl\u00f6nlegess\u00e9ge volt, hogy a finalist\u00e1k duetteket is el\u0151adtak, \u00edgy hossz\u00fa id\u0151 ut\u00e1n ism\u00e9t mikrofont ragadott T\u00f3th Andi, aki k\u00e9t \u00e9s f\u00e9l \u00e9v visszavonults\u00e1g ut\u00e1n t\u00e9rt vissza egy dal erej\u00e9ig. A mentorok azt mondt\u00e1k, ez lesz az \u00e9vad legfontosabb \u00e9s leg\u00e9rzelmesebb ad\u00e1sa. G\u00e1sp\u00e1r Laci m\u00e1r a m\u0171sor elej\u00e9n egy\u00e9rtelm\u0171v\u00e9 tette, milyen elv\u00e1r\u00e1sok ment\u00e9n \u00e9rt\u00e9kel majd: \u201eK\u00e9t szempontom lesz, amire figyelni fogok: ki fejl\u0151d\u00f6tt a legt\u00f6bbet, \u00e9s ki mutat olyat, ami val\u00f3ban egyedi.\u201d MUTATJUK A R\u00c9SZLETEKET!<\/h3>\n<h3><span style=\"color: #ff0000;\"><strong>A h\u00edr nem \u00e9rt v\u00e9get! Folytat\u00e1shoz haszn\u00e1ld a K\u00d6VETKEZ\u0150 OLDAL gombot!<\/strong><\/span><\/h3>\n<h3 style=\"text-align: right;\"><a href=\"https:\/\/matrend.hu\/maitrend\/?p=5290\" target=\"_blank\" rel=\"noopener\"><span style=\"color: #ff0000;\">&#8212;&gt;&gt; K\u00d6VETKEZ\u0150 OLDAL<\/span><\/a><\/h3>\n<p>&#8211;<\/p>\n<p>B\u00e1r a helyk\u00edn\u00e1lat tov\u00e1bbra is b\u0151s\u00e9ges, \u00e9s a fejt\u00e9r kiemelked\u0151en j\u00f3, a magasabb utasok valamivel kevesebb combt\u00e1mogat\u00e1st kapnak, ami hosszabb utak sor\u00e1n cs\u00f6kkentheti a k\u00e9nyelmet. Ugyanakkor a Peugeot \u00fcgyesen igyekezett megtartani a t\u00e1gass\u00e1g \u00e9rzet\u00e9t, \u00edgy a mindennapi utaz\u00e1sok sor\u00e1n ez a kompromisszum t\u00f6bbnyire alig \u00e9szrevehet\u0151.<\/p>\n<p>Szerencs\u00e9re a k\u00f6z\u00e9ps\u0151 utas sem j\u00e1r rosszul, mivel a k\u00f6z\u00e9ps\u0151 \u00fcl\u00e9s b\u00e1r valamivel keskenyebb \u00e9s a h\u00e1tt\u00e1ml\u00e1ja kem\u00e9nyebb a sz\u00e9ls\u0151kn\u00e9l, az \u00fcl\u0151lapot nem emelt\u00e9k meg \u00fagy, mint sok m\u00e1s modellben. Ennek k\u00f6sz\u00f6nhet\u0151en m\u00e9g h\u00e1rom feln\u0151tt is elf\u00e9r egym\u00e1s mellett, \u00e9s a k\u00f6z\u00e9pen \u00fcl\u0151 sem \u00e9rzi mag\u00e1t b\u00fcntet\u00e9sben, ami csal\u00e1di utaz\u00e1sokn\u00e1l vagy hosszabb h\u00e9tv\u00e9gi kiruccan\u00e1sokn\u00e1l k\u00fcl\u00f6n\u00f6sen el\u0151ny\u00f6s.<\/p>\n<p>Mindh\u00e1rom k\u00f6z\u00e9ps\u0151 \u00fcl\u00e9s el\u0151re-h\u00e1tra cs\u00fasztathat\u00f3, ami egyfel\u0151l jelent\u0151sen megk\u00f6nny\u00edti a harmadik sorhoz val\u00f3 hozz\u00e1f\u00e9r\u00e9st, m\u00e1sfel\u0151l nagyban hozz\u00e1j\u00e1rul a helyk\u00edn\u00e1lat vari\u00e1lhat\u00f3s\u00e1g\u00e1hoz.<\/p>\n","protected":false},"excerpt":{"rendered":"<p>A m\u0171sor k\u00fcl\u00f6nlegess\u00e9ge volt, hogy a finalist\u00e1k duetteket is el\u0151adtak, \u00edgy hossz\u00fa id\u0151 ut\u00e1n ism\u00e9t mikrofont ragadott T\u00f3th Andi, aki&#8230; <span class=\"gridview-grid-post-read-more\"><a href=\"https:\/\/matrend.hu\/nekedinfo\/drama-a-szinpadon-minden-kiderult\/\">read more<span class=\"gridview-sr-only\"> Dr\u00e1ma a sz\u00ednpadon! Minden kider\u00fclt!<\/span><\/a><\/span><\/p>\n","protected":false},"author":1,"featured_media":5301,"comment_status":"open","ping_status":"open","sticky":false,"template":"","format":"standard","meta":{"footnotes":""},"categories":[1],"tags":[],"class_list":["post-5300","post","type-post","status-publish","format-standard","has-post-thumbnail","hentry","category-egyeb","wpcat-1-id"],"_links":{"self":[{"href":"https:\/\/matrend.hu\/nekedinfo\/wp-json\/wp\/v2\/posts\/5300","targetHints":{"allow":["GET"]}}],"collection":[{"href":"https:\/\/matrend.hu\/nekedinfo\/wp-json\/wp\/v2\/posts"}],"about":[{"href":"https:\/\/matrend.hu\/nekedinfo\/wp-json\/wp\/v2\/types\/post"}],"author":[{"embeddable":true,"href":"https:\/\/matrend.hu\/nekedinfo\/wp-json\/wp\/v2\/users\/1"}],"replies":[{"embeddable":true,"href":"https:\/\/matrend.hu\/nekedinfo\/wp-json\/wp\/v2\/comments?post=5300"}],"version-history":[{"count":1,"href":"https:\/\/matrend.hu\/nekedinfo\/wp-json\/wp\/v2\/posts\/5300\/revisions"}],"predecessor-version":[{"id":5302,"href":"https:\/\/matrend.hu\/nekedinfo\/wp-json\/wp\/v2\/posts\/5300\/revisions\/5302"}],"wp:featuredmedia":[{"embeddable":true,"href":"https:\/\/matrend.hu\/nekedinfo\/wp-json\/wp\/v2\/media\/5301"}],"wp:attachment":[{"href":"https:\/\/matrend.hu\/nekedinfo\/wp-json\/wp\/v2\/media?parent=5300"}],"wp:term":[{"taxonomy":"category","embeddable":true,"href":"https:\/\/matrend.hu\/nekedinfo\/wp-json\/wp\/v2\/categories?post=5300"},{"taxonomy":"post_tag","embeddable":true,"href":"https:\/\/matrend.hu\/nekedinfo\/wp-json\/wp\/v2\/tags?post=5300"}],"curies":[{"name":"wp","href":"https:\/\/api.w.org\/{rel}","templated":true}]}}