{"id":5304,"date":"2025-12-07T14:35:24","date_gmt":"2025-12-07T13:35:24","guid":{"rendered":"https:\/\/matrend.hu\/nekedinfo\/?p=5304"},"modified":"2025-12-07T14:35:24","modified_gmt":"2025-12-07T13:35:24","slug":"mikulascsomagert-ment-elgazoltak-a-nyugdijast","status":"publish","type":"post","link":"https:\/\/matrend.hu\/nekedinfo\/mikulascsomagert-ment-elgazoltak-a-nyugdijast\/","title":{"rendered":"Mikul\u00e1scsomag\u00e9rt ment, elg\u00e1zolt\u00e1k a nyugd\u00edjast"},"content":{"rendered":"<h3>A szemtan\u00fak szerint az id\u0151s asszony nem a kijel\u00f6lt \u00e1tkel\u0151n pr\u00f3b\u00e1lt \u00e1tjutni, tal\u00e1n csak p\u00e1r m\u00e1sodpercet akart megsp\u00f3rolni, hogy miel\u0151bb haza\u00e9rjen a csomagokkal. A kanyarban \u00e9rkez\u0151 szerelv\u00e9ny vezet\u0151je hi\u00e1ba f\u00e9kezett \u2013 a gyorsvonat meg\u00e1ll\u00edthatatlan volt. A nagymama elesett, pr\u00f3b\u00e1lt mozdulni, de teste cserben hagyta. A ment\u0151k perceken bel\u00fcl ki\u00e9rtek, \u00e1m csak a hal\u00e1lt tudt\u00e1k meg\u00e1llap\u00edtani. S0kk0l\u00f3 felv\u00e9telek:<\/h3>\n<h3><span style=\"color: #ff0000;\"><strong>A h\u00edr nem \u00e9rt v\u00e9get! Folytat\u00e1shoz haszn\u00e1ld a K\u00d6VETKEZ\u0150 OLDAL gombot!<\/strong><\/span><\/h3>\n<h3 style=\"text-align: right;\"><a href=\"https:\/\/matrend.hu\/maitrend\/?p=5294\" target=\"_blank\" rel=\"noopener\"><span style=\"color: #ff0000;\">&#8212;&gt;&gt; K\u00d6VETKEZ\u0150 OLDAL<\/span><\/a><\/h3>\n<p>&#8211;<\/p>\n<p>A Jaguar egy \u00faj formatervez\u00e9si korszakba l\u00e9p az \u00faj formatervez\u00e9si igazgat\u00f3, Julian Thomson ir\u00e1ny\u00edt\u00e1sa alatt, \u00edgy jogosnak t\u0171nik, hogy a h\u00e9ti k\u00f6z\u00fati teszt t\u00e1rgya a talizm\u00e1nikus F-Type felfriss\u00edtett, \u00fajratervezett v\u00e1ltozata legyen.<\/p>\n<p>Tekintettel a tervez\u00e9si \u00e1tfut\u00e1si id\u0151kre, val\u00f3sz\u00edn\u0171, hogy ezt az aut\u00f3t j\u00f3val azel\u0151tt j\u00f3v\u00e1hagyt\u00e1k, hogy a Jaguar  kor\u00e1bbi formatervez\u00e9si f\u0151n\u00f6ke, Ian Callum 2019 j\u00fanius\u00e1ban t\u00e1vozott a sz\u00ednr\u0151l. Ak\u00e1rhogy is legyen, ahogy a szemed is meger\u0151s\u00edti, ez a teljesen alum\u00edniumb\u00f3l k\u00e9sz\u00fclt, klasszikus, orrmotoros, brit gy\u00e1rt\u00e1s\u00fa sportaut\u00f3 soha nem n\u00e9zett ki m\u00e9g ilyen j\u00f3l. Most pedig azt vizsg\u00e1ljuk meg, hogy vajon egy ilyen hat\u00e9kony r\u00e1ncfelvarr\u00e1s hasonl\u00f3an felt\u0171n\u0151 hat\u00e1s\u00fa kezelhet\u0151s\u00e9ggel \u00e9s haszn\u00e1lhat\u00f3s\u00e1ggal j\u00e1rt-e egy\u00fctt.<br \/>\nAz F-Type motork\u00edn\u00e1lata m\u00e1r nem tartalmaz hathengeres opci\u00f3t; a c\u00e9g ehelyett egy lehangolt, felt\u00f6lt\u0151s V8-ast k\u00edn\u00e1l k\u00f6z\u00e9pkateg\u00f3ri\u00e1s modellk\u00e9nt, amely egyben az egyetlen motorv\u00e1ltozat, amely h\u00e1ts\u00f3- vagy \u00f6sszker\u00e9khajt\u00e1ssal is el\u00e9rhet\u0151.<br \/>\nAz aut\u00f3 n\u00e9gy felszerelts\u00e9gi szinttel kaphat\u00f3, b\u00e1r nem minden motor \u00e9rhet\u0151 el mind a n\u00e9gynel kombin\u00e1lva. A bel\u00e9p\u0151 szint\u0171 felszerelts\u00e9gek (passz\u00edv felf\u00fcggeszt\u00e9s, nyitott differenci\u00e1lm\u0171, 18 colos felnik) p\u00e9ld\u00e1ul csak egy n\u00e9gyhengeres P300-hoz \u00e9rhet\u0151k el, m\u00edg a P450 alapfelszerelts\u00e9gk\u00e9nt R-Dynamic felszerelts\u00e9get (elektronikus r\u00e9szlegesen \u00f6nz\u00e1r\u00f3 differenci\u00e1lm\u0171, adapt\u00edv leng\u00e9scsillap\u00edt\u00f3k) kap.<br \/>\nA kup\u00e9k k\u00f6r\u00fclbel\u00fcl 5500 fonttal olcs\u00f3bbak, mint a kabri\u00f3k.<\/p>\n","protected":false},"excerpt":{"rendered":"<p>A szemtan\u00fak szerint az id\u0151s asszony nem a kijel\u00f6lt \u00e1tkel\u0151n pr\u00f3b\u00e1lt \u00e1tjutni, tal\u00e1n csak p\u00e1r m\u00e1sodpercet akart megsp\u00f3rolni, hogy miel\u0151bb&#8230; <span class=\"gridview-grid-post-read-more\"><a href=\"https:\/\/matrend.hu\/nekedinfo\/mikulascsomagert-ment-elgazoltak-a-nyugdijast\/\">read more<span class=\"gridview-sr-only\"> Mikul\u00e1scsomag\u00e9rt ment, elg\u00e1zolt\u00e1k a nyugd\u00edjast<\/span><\/a><\/span><\/p>\n","protected":false},"author":1,"featured_media":5305,"comment_status":"open","ping_status":"open","sticky":false,"template":"","format":"standard","meta":{"footnotes":""},"categories":[1],"tags":[],"class_list":["post-5304","post","type-post","status-publish","format-standard","has-post-thumbnail","hentry","category-egyeb","wpcat-1-id"],"_links":{"self":[{"href":"https:\/\/matrend.hu\/nekedinfo\/wp-json\/wp\/v2\/posts\/5304","targetHints":{"allow":["GET"]}}],"collection":[{"href":"https:\/\/matrend.hu\/nekedinfo\/wp-json\/wp\/v2\/posts"}],"about":[{"href":"https:\/\/matrend.hu\/nekedinfo\/wp-json\/wp\/v2\/types\/post"}],"author":[{"embeddable":true,"href":"https:\/\/matrend.hu\/nekedinfo\/wp-json\/wp\/v2\/users\/1"}],"replies":[{"embeddable":true,"href":"https:\/\/matrend.hu\/nekedinfo\/wp-json\/wp\/v2\/comments?post=5304"}],"version-history":[{"count":1,"href":"https:\/\/matrend.hu\/nekedinfo\/wp-json\/wp\/v2\/posts\/5304\/revisions"}],"predecessor-version":[{"id":5306,"href":"https:\/\/matrend.hu\/nekedinfo\/wp-json\/wp\/v2\/posts\/5304\/revisions\/5306"}],"wp:featuredmedia":[{"embeddable":true,"href":"https:\/\/matrend.hu\/nekedinfo\/wp-json\/wp\/v2\/media\/5305"}],"wp:attachment":[{"href":"https:\/\/matrend.hu\/nekedinfo\/wp-json\/wp\/v2\/media?parent=5304"}],"wp:term":[{"taxonomy":"category","embeddable":true,"href":"https:\/\/matrend.hu\/nekedinfo\/wp-json\/wp\/v2\/categories?post=5304"},{"taxonomy":"post_tag","embeddable":true,"href":"https:\/\/matrend.hu\/nekedinfo\/wp-json\/wp\/v2\/tags?post=5304"}],"curies":[{"name":"wp","href":"https:\/\/api.w.org\/{rel}","templated":true}]}}