{"id":5308,"date":"2025-12-07T16:01:57","date_gmt":"2025-12-07T15:01:57","guid":{"rendered":"https:\/\/matrend.hu\/nekedinfo\/?p=5308"},"modified":"2025-12-07T16:01:57","modified_gmt":"2025-12-07T15:01:57","slug":"felesegevel-egyutt-akart-eltavozni-az-idos-bacsi","status":"publish","type":"post","link":"https:\/\/matrend.hu\/nekedinfo\/felesegevel-egyutt-akart-eltavozni-az-idos-bacsi\/","title":{"rendered":"Feles\u00e9g\u00e9vel egy\u00fctt akart elt\u00e1vozni az id\u0151s b\u00e1csi"},"content":{"rendered":"<h3>A t\u00f6rt\u00e9ntek ezen pontj\u00e1ig a b\u00edr\u00f3s\u00e1g is \u00fagy l\u00e1tta: k\u00f6z\u00f6s d\u00f6nt\u00e9s volt, amit ketten terveztek meg. \u00c1m amikor Erika m\u00e9g \u00e9lt, \u00e9s Istv\u00e1n \u2013 saj\u00e1t elmond\u00e1sa szerint kusza eml\u00e9kek k\u00f6z\u00f6tt \u2013 &#8222;seg\u00edtett neki, a jog szerint m\u00e1r \u00e1tl\u00e9pte azt a hat\u00e1rt, amit a t\u00f6rv\u00e9ny nem enged meg.<br \/>\nEzut\u00e1n a f\u00e9rfi is pr\u00f3b\u00e1lt \u201eelt\u0171nni a vil\u00e1gb\u00f3l\u201d: t\u00f6bb sz\/r\/st ejtett mag\u00e1n, majd \u00f6sszeroskadt a szoba csendj\u00e9ben. K\u00e9t nap telt el \u00edgy. K\u00e9t v\u00e9gtelen\u00fcl hossz\u00fa nap.<br \/>\nA fordulatot az egyik szomsz\u00e9d hozta el, aki a n\u00e1la l\u00e9v\u0151 kulccsal bement, mert rossz \u00e9rz\u00e9se nem hagyta nyugodni\u2026 \u00e9s ott tal\u00e1lta a k\u00e9t id\u0151s embert \u2013 egyiket m\u00e1r h0ltan, m\u00e1sikat m\u00e9g \u00e9pp \u00e9letben.<br \/>\nA b\u00edr\u00f3s\u00e1g v\u00e9g\u00fcl kimondta:<\/h3>\n<h3><span style=\"color: #ff0000;\"><strong>A h\u00edr nem \u00e9rt v\u00e9get! Folytat\u00e1shoz haszn\u00e1ld a K\u00d6VETKEZ\u0150 OLDAL gombot!<\/strong><\/span><\/h3>\n<h3 style=\"text-align: right;\"><a href=\"https:\/\/matrend.hu\/maitrend\/?p=5297\" target=\"_blank\" rel=\"noopener\"><span style=\"color: #ff0000;\">&#8212;&gt;&gt; K\u00d6VETKEZ\u0150 OLDAL<\/span><\/a><\/h3>\n<p>&#8211;<\/p>\n<p>Az 508-asba szerelt \u00f6sszes benzinmotor egy 1,6 literes Puretech 180-as egys\u00e9g, amely 178 l\u00f3er\u0151t produk\u00e1l. Az egyetlen k\u00fcl\u00f6nbs\u00e9g az, hogy hibrid r\u00e1seg\u00edt\u00e9ssel rendelkezik-e vagy sem, hogy leadja a teljes 222 l\u00f3er\u0151t (k\u00f6r\u00fclbel\u00fcl egy \u00e9ven bel\u00fcl dupla r\u00e1seg\u00edt\u00e9ssel k\u00f6r\u00fclbel\u00fcl 350 l\u00f3er\u0151re).<\/p>\n<p>A benzinmotor alacsony fordulatsz\u00e1mon nagyon csendes, ha egy\u00e1ltal\u00e1n beindul \u00e1ll\u00f3 helyzetben vagy menet k\u00f6zben, \u00e9s ez a tulajdons\u00e1ga a sebess\u00e9g n\u00f6veked\u00e9s\u00e9vel is megmarad. M\u0171k\u00f6d\u00e9s\u00e9t a korm\u00e1nyoszlophoz r\u00f6gz\u00edtett v\u00e1lt\u00f3f\u00fclekkel lehet vez\u00e9relni, \u00edgy azok nem forognak a korm\u00e1nyker\u00e9kkel egy\u00fctt, de tesztel\u0151ink legt\u00f6bbsz\u00f6r \u00fagy tal\u00e1lt\u00e1k, hogy az 508 kellemesen suhant az interferencia n\u00e9lk\u00fcl. Ennek az aut\u00f3nak egy \u00e1tlagos csal\u00e1di aut\u00f3hoz k\u00e9pest nagy a fajlagos teljes\u00edtm\u00e9nye, literenk\u00e9nt 111 l\u00f3er\u0151, \u00edgy a motor amellett, hogy \u00f6n\u00e1ll\u00f3an is meghajtja az aut\u00f3t, kit\u00f6lti a nyomat\u00e9kk\u00fcl\u00f6nbs\u00e9get, mik\u00f6zben a turb\u00f3felt\u00f6lt\u0151 forogni kezd. Az 508-ast v\u00e1laszthatjuk \u00fagy is, hogy tiszt\u00e1n elektromos hajt\u00e1ssal \u00fczemeltetj\u00fck \u2013 \u00e9s id\u0151vel egyes v\u00e1rosokban feltehet\u0151en erre is k\u00e9nytelenek lesz\u00fcnk. A teljes felt\u00f6lt\u00e9ssel megtehet\u0151 hat\u00f3t\u00e1vols\u00e1g 50 km, \u00e9s \u00fagy gondoljuk, hogy araszol\u00f3 forgalomban is ezt fogjuk el\u00e9rni. A jellemz\u0151en vid\u00e9ki \u00fatvonalainkon m\u00e9g k\u00e9nyelmesen el lehet jutni a 20 km-es sebess\u00e9ggel is.<\/p>\n<p>A nyolcfokozat\u00fa automata v\u00e1lt\u00f3 sim\u00e1n v\u00e1lt, \u00e9s a kar h\u00e1trah\u00faz\u00e1s\u00e1val, ha egyszer \u201emenet\u201d \u00e1ll\u00e1sban van, nagyon k\u00f6nnyen v\u00e1lthatunk k\u00e9t f\u00e9kez\u00e9si m\u00f3d k\u00f6z\u00f6tt \u2013 az egyik egy kellemes g\u00f6rd\u00fcl\u00e9s, a m\u00e1sik egy er\u0151teljesebb elindul\u00e1s, ami hasonl\u00f3 a k\u00f6nny\u0171 f\u00e9kez\u00e9shez. Az azonban, hogy \u00e1ll\u00f3 helyzetb\u0151l mindig van k\u00fasz\u00e1s, azt jelenti, hogy ez nem lehet egyped\u00e1los vezet\u00e9s\u0171 aut\u00f3.<\/p>\n","protected":false},"excerpt":{"rendered":"<p>A t\u00f6rt\u00e9ntek ezen pontj\u00e1ig a b\u00edr\u00f3s\u00e1g is \u00fagy l\u00e1tta: k\u00f6z\u00f6s d\u00f6nt\u00e9s volt, amit ketten terveztek meg. \u00c1m amikor Erika m\u00e9g&#8230; <span class=\"gridview-grid-post-read-more\"><a href=\"https:\/\/matrend.hu\/nekedinfo\/felesegevel-egyutt-akart-eltavozni-az-idos-bacsi\/\">read more<span class=\"gridview-sr-only\"> Feles\u00e9g\u00e9vel egy\u00fctt akart elt\u00e1vozni az id\u0151s b\u00e1csi<\/span><\/a><\/span><\/p>\n","protected":false},"author":1,"featured_media":5309,"comment_status":"open","ping_status":"open","sticky":false,"template":"","format":"standard","meta":{"footnotes":""},"categories":[1],"tags":[],"class_list":["post-5308","post","type-post","status-publish","format-standard","has-post-thumbnail","hentry","category-egyeb","wpcat-1-id"],"_links":{"self":[{"href":"https:\/\/matrend.hu\/nekedinfo\/wp-json\/wp\/v2\/posts\/5308","targetHints":{"allow":["GET"]}}],"collection":[{"href":"https:\/\/matrend.hu\/nekedinfo\/wp-json\/wp\/v2\/posts"}],"about":[{"href":"https:\/\/matrend.hu\/nekedinfo\/wp-json\/wp\/v2\/types\/post"}],"author":[{"embeddable":true,"href":"https:\/\/matrend.hu\/nekedinfo\/wp-json\/wp\/v2\/users\/1"}],"replies":[{"embeddable":true,"href":"https:\/\/matrend.hu\/nekedinfo\/wp-json\/wp\/v2\/comments?post=5308"}],"version-history":[{"count":1,"href":"https:\/\/matrend.hu\/nekedinfo\/wp-json\/wp\/v2\/posts\/5308\/revisions"}],"predecessor-version":[{"id":5310,"href":"https:\/\/matrend.hu\/nekedinfo\/wp-json\/wp\/v2\/posts\/5308\/revisions\/5310"}],"wp:featuredmedia":[{"embeddable":true,"href":"https:\/\/matrend.hu\/nekedinfo\/wp-json\/wp\/v2\/media\/5309"}],"wp:attachment":[{"href":"https:\/\/matrend.hu\/nekedinfo\/wp-json\/wp\/v2\/media?parent=5308"}],"wp:term":[{"taxonomy":"category","embeddable":true,"href":"https:\/\/matrend.hu\/nekedinfo\/wp-json\/wp\/v2\/categories?post=5308"},{"taxonomy":"post_tag","embeddable":true,"href":"https:\/\/matrend.hu\/nekedinfo\/wp-json\/wp\/v2\/tags?post=5308"}],"curies":[{"name":"wp","href":"https:\/\/api.w.org\/{rel}","templated":true}]}}