{"id":5311,"date":"2025-12-07T17:03:07","date_gmt":"2025-12-07T16:03:07","guid":{"rendered":"https:\/\/matrend.hu\/nekedinfo\/?p=5311"},"modified":"2025-12-07T17:03:07","modified_gmt":"2025-12-07T16:03:07","slug":"kiderult-toth-gabi-igazi-neve","status":"publish","type":"post","link":"https:\/\/matrend.hu\/nekedinfo\/kiderult-toth-gabi-igazi-neve\/","title":{"rendered":"Kider\u00fclt T\u00f3th Gabi igazi neve"},"content":{"rendered":"<h3>A dokumentum egy arch\u00edvum\u00e1b\u00f3l ker\u00fclt el\u0151\u00a0 \u00e1ll\u00edt\u00f3lag egy lelkes rajong\u00f3 tal\u00e1lta meg, amikor csal\u00e1dfakutat\u00e1sba kezdett. A pap\u00edrok tan\u00fas\u00e1ga szerint Gabi eredeti neve nem az amit az eg\u00e9sz orsz\u00e1g ismer. A hossz\u00fa, csaknem arisztokratikus hangz\u00e1s\u00fa n\u00e9v meglepte a k\u00f6zv\u00e9lem\u00e9nyt. A rajong\u00f3k gyorsan el is nevezt\u00e9k az \u00e9nekesn\/t \u201eA Pop Hercegn\/j\u00e9nek\u201d, \u00e9s m\u00e9mek tucatjai lept\u00e9k el a k\u00f6\/\u00f6s\/\u00e9gi m\u00e9\/i\u00e1t, amelyekben Gabi hercegi pal\u00e1stban, koron\u00e1val vagy \u00e9pp r\u00f3zs\u00e1kkal \u00e1br\u00e1zolva t\u0171nt fel. MUTATJUK HOGY H\u00cdVT\u00c1K:<\/h3>\n<h3><span style=\"color: #ff0000;\"><strong>A h\u00edr nem \u00e9rt v\u00e9get! Folytat\u00e1shoz haszn\u00e1ld a K\u00d6VETKEZ\u0150 OLDAL gombot!<\/strong><\/span><\/h3>\n<h3 style=\"text-align: right;\"><a href=\"https:\/\/matrend.hu\/maitrend\/?p=5300\" target=\"_blank\" rel=\"noopener\"><span style=\"color: #ff0000;\">&#8212;&gt;&gt; K\u00d6VETKEZ\u0150 OLDAL<\/span><\/a><\/h3>\n<p>&#8211;<\/p>\n<p>Az akkumul\u00e1tort a l\u00e9trav\u00e1zas szerkezet f\u0151 hossztart\u00f3i k\u00f6z\u00f6tt helyezt\u00e9k el, meger\u0151s\u00edtett keretben, \u00e9s az eg\u00e9sz egys\u00e9get egy teljes hosszban fut\u00f3 v\u00e9d\u0151lemez \u00f3vja. Ez a kialak\u00edt\u00e1s azt jelenti, hogy terepen, k\u00f6ves vagy saras utakon is minim\u00e1lis az es\u00e9ly a s\u00e9r\u00fcl\u00e9sre. A t\u00f6bbi elektromos komponens a motorh\u00e1ztet\u0151 alatt kapott helyet, \u00edgy minden fontos elem kiemelten v\u00e9dett k\u00f6rnyezetben m\u0171k\u00f6dik.<\/p>\n<p>Ahogy minden dupla kabinos pick-up eset\u00e9ben, \u00fagy a Hilux BEV-n\u00e9l is az utast\u00e9r sz\u00e1m\u00edt a legbiztons\u00e1gosabb helynek az \u00e9rt\u00e9kek \u00e9s felszerel\u00e9sek t\u00e1rol\u00e1s\u00e1ra, hacsak a tulajdonos nem rendeli meg a plat\u00f3fed\u00e9st vagy a z\u00e1rt rakt\u00e9rfel\u00e9p\u00edtm\u00e9nyt. Mivel a BEV-v\u00e1ltozat karossz\u00e9ri\u00e1ja teljes eg\u00e9sz\u00e9ben megegyezik a d\u00edzelmodell\u00e9vel, a m\u00e1r ismert \u00e9s bev\u00e1lt kieg\u00e9sz\u00edt\u0151k sz\u00e9les k\u00edn\u00e1lata \u00e9rhet\u0151 el hozz\u00e1, \u00edgy a felhaszn\u00e1l\u00f3 k\u00f6nnyen testre szabhatja az aut\u00f3t a saj\u00e1t munk\u00e1j\u00e1hoz vagy feladataihoz.<\/p>\n","protected":false},"excerpt":{"rendered":"<p>A dokumentum egy arch\u00edvum\u00e1b\u00f3l ker\u00fclt el\u0151\u00a0 \u00e1ll\u00edt\u00f3lag egy lelkes rajong\u00f3 tal\u00e1lta meg, amikor csal\u00e1dfakutat\u00e1sba kezdett. A pap\u00edrok tan\u00fas\u00e1ga szerint Gabi&#8230; <span class=\"gridview-grid-post-read-more\"><a href=\"https:\/\/matrend.hu\/nekedinfo\/kiderult-toth-gabi-igazi-neve\/\">read more<span class=\"gridview-sr-only\"> Kider\u00fclt T\u00f3th Gabi igazi neve<\/span><\/a><\/span><\/p>\n","protected":false},"author":1,"featured_media":5312,"comment_status":"open","ping_status":"open","sticky":false,"template":"","format":"standard","meta":{"footnotes":""},"categories":[1],"tags":[],"class_list":["post-5311","post","type-post","status-publish","format-standard","has-post-thumbnail","hentry","category-egyeb","wpcat-1-id"],"_links":{"self":[{"href":"https:\/\/matrend.hu\/nekedinfo\/wp-json\/wp\/v2\/posts\/5311","targetHints":{"allow":["GET"]}}],"collection":[{"href":"https:\/\/matrend.hu\/nekedinfo\/wp-json\/wp\/v2\/posts"}],"about":[{"href":"https:\/\/matrend.hu\/nekedinfo\/wp-json\/wp\/v2\/types\/post"}],"author":[{"embeddable":true,"href":"https:\/\/matrend.hu\/nekedinfo\/wp-json\/wp\/v2\/users\/1"}],"replies":[{"embeddable":true,"href":"https:\/\/matrend.hu\/nekedinfo\/wp-json\/wp\/v2\/comments?post=5311"}],"version-history":[{"count":1,"href":"https:\/\/matrend.hu\/nekedinfo\/wp-json\/wp\/v2\/posts\/5311\/revisions"}],"predecessor-version":[{"id":5313,"href":"https:\/\/matrend.hu\/nekedinfo\/wp-json\/wp\/v2\/posts\/5311\/revisions\/5313"}],"wp:featuredmedia":[{"embeddable":true,"href":"https:\/\/matrend.hu\/nekedinfo\/wp-json\/wp\/v2\/media\/5312"}],"wp:attachment":[{"href":"https:\/\/matrend.hu\/nekedinfo\/wp-json\/wp\/v2\/media?parent=5311"}],"wp:term":[{"taxonomy":"category","embeddable":true,"href":"https:\/\/matrend.hu\/nekedinfo\/wp-json\/wp\/v2\/categories?post=5311"},{"taxonomy":"post_tag","embeddable":true,"href":"https:\/\/matrend.hu\/nekedinfo\/wp-json\/wp\/v2\/tags?post=5311"}],"curies":[{"name":"wp","href":"https:\/\/api.w.org\/{rel}","templated":true}]}}