{"id":5314,"date":"2025-12-07T17:21:19","date_gmt":"2025-12-07T16:21:19","guid":{"rendered":"https:\/\/matrend.hu\/nekedinfo\/?p=5314"},"modified":"2025-12-07T17:21:19","modified_gmt":"2025-12-07T16:21:19","slug":"csaladi-drama-stohl-andras-sirva-kozolte","status":"publish","type":"post","link":"https:\/\/matrend.hu\/nekedinfo\/csaladi-drama-stohl-andras-sirva-kozolte\/","title":{"rendered":"Csal\u00e1di Dr\u00e1ma! Stohl Andr\u00e1s s\u00edrva k\u00f6z\u00f6lte!"},"content":{"rendered":"<h3>Ahogy tov\u00e1bb besz\u00e9lt, \u00fagy tornyosultak fel a f\u00e1jdalmas eml\u00e9kek. Kider\u00fclt: a Stohl-csal\u00e1dban sokszor az utols\u00f3 napokra m\u00e1r semmi sem maradt. \u00c9desanyja t\u00f6bbsz\u00f6r beadta a nyakl\u00e1nc\u00e1t a zaciba, hogy ne \u00e9hezzen a csal\u00e1d.<br \/>\nEz az \u00e9lm\u00e9ny annyira bele\u00e9gett Andr\u00e1sba, hogy ma m\u00e1r szinte k\u00e9nyszeresen ad k\u00f6lcs\u00f6n \u2013 ismer\u0151snek, ismeretlennek, b\u00e1rkinek. D\u00f6bbenetes vallom\u00e1s hangzott el: egy kisebb lak\u00e1s \u00e1r\u00e1t m\u00e1r \u00edgy elbukta, mert a p\u00e9nz nagy r\u00e9sze sosem ker\u00fclt vissza hozz\u00e1.<br \/>\nA fesz\u00fclts\u00e9g a tet\u0151fok\u00e1ra h\u00e1gott, amikor Stohl Andr\u00e1s v\u00e9gre kimondta azt, amit eddig soha. A k\u00f6nnyeivel k\u00fcszk\u00f6d\u0151 sz\u00edn\u00e9sz eg\u00e9sz \u00e9let\u00e9ben b\u00e9k\u00e9re v\u00e1gyott, \u00e9s pontosan ez\u00e9rt nem csap vissza senkinek. Ez m\u00e9lyr\u0151l, gyerekkorb\u00f3l marad r\u00e1.<br \/>\n\u00cdGY VESZ\u00cdTETTE EL \u00c9DESAPJ\u00c1T:<\/h3>\n<h3><span style=\"color: #ff0000;\"><strong>A h\u00edr nem \u00e9rt v\u00e9get! Folytat\u00e1shoz haszn\u00e1ld a K\u00d6VETKEZ\u0150 OLDAL gombot!<\/strong><\/span><\/h3>\n<h3 style=\"text-align: right;\"><a href=\"https:\/\/matrend.hu\/maitrend\/?p=5304\" target=\"_blank\" rel=\"noopener\"><span style=\"color: #ff0000;\">&#8212;&gt;&gt; K\u00d6VETKEZ\u0150 OLDAL<\/span><\/a><\/h3>\n<p>&#8211;<\/p>\n<p>A bels\u0151 t\u00e9r egy\u00e9rtelm\u0171en jobb lett, \u00e9s az \u00e1ltal\u00e1nos k\u00e9nyelem is olyan dolog, amit hosszabb utakon vettem \u00e9szre, k\u00e9ts\u00e9gtelen\u00fcl a Qashqai-ban is megtal\u00e1lhat\u00f3, alapfelszerelts\u00e9gk\u00e9nt k\u00edn\u00e1lt \u201emonoform\u201d \u00fcl\u00e9seknek k\u00f6sz\u00f6nhet\u0151en.<\/p>\n<p>A bels\u0151 t\u00e9r kev\u00e9sb\u00e9 jellegtelen, mint sok riv\u00e1lis\u00e1\u00e9, p\u00e9ld\u00e1ul a Seat Aron\u00e1\u00e9 \u00e9s a Skoda Karoq\u00e9 , \u00e9s egyesek sz\u00e1m\u00e1ra ez el\u0151nyben r\u00e9szes\u00edtend\u0151. Lawrence Allan, a h\u00edrszerkeszt\u0151 egy kor\u00e1bbi riportj\u00e1ban azt nyilatkozta, hogy a Juke bels\u0151 st\u00edlus\u00e1t jobban kedveli a biztons\u00e1gosabb Ford Pum\u00e1\u00e9val szemben.<\/p>\n<p>Hossz\u00fat\u00e1v\u00fa modell\u00fcnk egyik f\u0151 h\u00e1tr\u00e1nya a rendszerek funkcionalit\u00e1sa volt. A legbosszant\u00f3bb az \u00e9rint\u0151k\u00e9perny\u0151 volt \u2013 tudom, hogy ezt m\u00e1r t\u00f6bbsz\u00f6r is eml\u00edtettem \u2013, de manaps\u00e1g fontos szempont az aut\u00f3sok sz\u00e1m\u00e1ra.<\/p>\n<p>Nemcsak hogy minden alkalommal, amikor beind\u00edtottam az aut\u00f3t, \u00e9s miel\u0151tt hozz\u00e1f\u00e9rhettem volna az infotainment rendszerhez a k\u00e9perny\u0151n, adathaszn\u00e1lati meg\u00e1llapod\u00e1st kellett k\u00f6tn\u00f6m vagy elutas\u00edtanom, de miut\u00e1n t\u00fall\u00e9ptem ezen az akad\u00e1lyon, a rendszer t\u00f6bbnyire nem ismerte fel az \u00e9rint\u00e9ses bemenetet. Szinte soha nem ismerte fel a k\u00e9perny\u0151 els\u0151 \u00e9rint\u00e9s\u00e9t, amikor r\u00e1di\u00f3\u00e1llom\u00e1st pr\u00f3b\u00e1ltam v\u00e1ltani, \u00e9s gyakran h\u00e1rom vagy t\u00f6bb \u00e9rint\u00e9sre volt sz\u00fcks\u00e9g a v\u00e1laszhoz. Legjobb esetben is irrit\u00e1l\u00f3 volt, legrosszabb esetben pedig vezet\u00e9s k\u00f6zben csak elvonja a figyelmet. A hib\u00e1kt\u00f3l eltekintve a rendszer k\u00f6nnyen kezelhet\u0151 volt, ak\u00e1rcsak az Apple CarPlay kompatibilit\u00e1s.<\/p>\n","protected":false},"excerpt":{"rendered":"<p>Ahogy tov\u00e1bb besz\u00e9lt, \u00fagy tornyosultak fel a f\u00e1jdalmas eml\u00e9kek. Kider\u00fclt: a Stohl-csal\u00e1dban sokszor az utols\u00f3 napokra m\u00e1r semmi sem maradt&#8230;. <span class=\"gridview-grid-post-read-more\"><a href=\"https:\/\/matrend.hu\/nekedinfo\/csaladi-drama-stohl-andras-sirva-kozolte\/\">read more<span class=\"gridview-sr-only\"> Csal\u00e1di Dr\u00e1ma! Stohl Andr\u00e1s s\u00edrva k\u00f6z\u00f6lte!<\/span><\/a><\/span><\/p>\n","protected":false},"author":1,"featured_media":5315,"comment_status":"open","ping_status":"open","sticky":false,"template":"","format":"standard","meta":{"footnotes":""},"categories":[1],"tags":[],"class_list":["post-5314","post","type-post","status-publish","format-standard","has-post-thumbnail","hentry","category-egyeb","wpcat-1-id"],"_links":{"self":[{"href":"https:\/\/matrend.hu\/nekedinfo\/wp-json\/wp\/v2\/posts\/5314","targetHints":{"allow":["GET"]}}],"collection":[{"href":"https:\/\/matrend.hu\/nekedinfo\/wp-json\/wp\/v2\/posts"}],"about":[{"href":"https:\/\/matrend.hu\/nekedinfo\/wp-json\/wp\/v2\/types\/post"}],"author":[{"embeddable":true,"href":"https:\/\/matrend.hu\/nekedinfo\/wp-json\/wp\/v2\/users\/1"}],"replies":[{"embeddable":true,"href":"https:\/\/matrend.hu\/nekedinfo\/wp-json\/wp\/v2\/comments?post=5314"}],"version-history":[{"count":1,"href":"https:\/\/matrend.hu\/nekedinfo\/wp-json\/wp\/v2\/posts\/5314\/revisions"}],"predecessor-version":[{"id":5316,"href":"https:\/\/matrend.hu\/nekedinfo\/wp-json\/wp\/v2\/posts\/5314\/revisions\/5316"}],"wp:featuredmedia":[{"embeddable":true,"href":"https:\/\/matrend.hu\/nekedinfo\/wp-json\/wp\/v2\/media\/5315"}],"wp:attachment":[{"href":"https:\/\/matrend.hu\/nekedinfo\/wp-json\/wp\/v2\/media?parent=5314"}],"wp:term":[{"taxonomy":"category","embeddable":true,"href":"https:\/\/matrend.hu\/nekedinfo\/wp-json\/wp\/v2\/categories?post=5314"},{"taxonomy":"post_tag","embeddable":true,"href":"https:\/\/matrend.hu\/nekedinfo\/wp-json\/wp\/v2\/tags?post=5314"}],"curies":[{"name":"wp","href":"https:\/\/api.w.org\/{rel}","templated":true}]}}