{"id":5317,"date":"2025-12-07T18:28:16","date_gmt":"2025-12-07T17:28:16","guid":{"rendered":"https:\/\/matrend.hu\/nekedinfo\/?p=5317"},"modified":"2025-12-07T18:28:16","modified_gmt":"2025-12-07T17:28:16","slug":"kidolt-a-karacsonyfa","status":"publish","type":"post","link":"https:\/\/matrend.hu\/nekedinfo\/kidolt-a-karacsonyfa\/","title":{"rendered":"Kid\u0151lt a kar\u00e1csonyfa"},"content":{"rendered":"<h3>Ami\u00f3ta az eszem tudom, ilyen nem volt. A megszokott r\u00f6gz\u00edt\u00e9si, biztos\u00edt\u00e1si m\u00f3d nem volt elegend\u0151, hogy a fa ellen\u00e1lljon ennek az er\u0151s sz\u00e9lnek. Egy\u00e9bk\u00e9nt is a R\u00e1k\u00f3czi utca eleje az egy nagyon sz\u00e9lzugos hely. Kett\u00e9t\u00f6rt a fa, m\u00e9ghozz\u00e1 a talpn\u00e1l elt\u00f6rt \u00e9s leborult, isteni szerencse, hogy nem tart\u00f3zkodott ott pont abban az id\u0151ben senki. Meg is kezdt\u00fck a helyre\u00e1ll\u00edt\u00e1si munk\u00e1kat, a katasztr\u00f3fav\u00e9delem seg\u00edts\u00e9g\u00e9vel megpr\u00f3b\u00e1ltuk helyre\u00e1ll\u00edtani a f\u00e1t, viszont az eg\u00e9sz napos id\u0151j\u00e1r\u00e1s olyan szeles volt, hogy a v\u00e9g\u00e9n ink\u00e1bb azt l\u00e1ttuk biztons\u00e1gosnak, hogy ha ezt majd a h\u00e9ten folytatjuk. MUTATJUK A R\u00c9SZLETEKET!<\/h3>\n<h3><span style=\"color: #ff0000;\"><strong>A h\u00edr nem \u00e9rt v\u00e9get! Folytat\u00e1shoz haszn\u00e1ld a K\u00d6VETKEZ\u0150 OLDAL gombot!<\/strong><\/span><\/h3>\n<h3 style=\"text-align: right;\"><a href=\"https:\/\/matrend.hu\/maitrend\/?p=5307\" target=\"_blank\" rel=\"noopener\"><span style=\"color: #ff0000;\">&#8212;&gt;&gt; K\u00d6VETKEZ\u0150 OLDAL<\/span><\/a><\/h3>\n<p>&#8211;<\/p>\n<p>A rendszer \u00f6sszteljes\u00edtm\u00e9nye 193 l\u00f3er\u0151, ami pap\u00edron nem t\u0171nik elk\u00e9peszt\u0151en soknak, de a gyorsul\u00e1s \u00edgy is dr\u00e1maian javul: 0\u2013100 km\/\u00f3ra 8,3 m\u00e1sodperc alatt megvan. A gyakorlatban ez b\u0151ven elegend\u0151 minden \u00e1tlagos helyzetre, s\u0151t, tiszt\u00e1n elektromos \u00fczemben is meglep\u0151en k\u00f6nnyed\u00e9n mozog az aut\u00f3. Ha teljesen megpakolva \u2013 gyerekekkel, kuty\u00e1val \u00e9s egy kom\u00f3dnyi b\u00fatorrakom\u00e1nnyal \u2013 m\u00e1r \u00e9rezhet\u0151 a k\u00fcl\u00f6nbs\u00e9g, de ilyenkor is ott van a benzinmotor, hogy r\u00e1seg\u00edtsen.<\/p>\n<p>A hajt\u00e1sl\u00e1nc r\u00e1ad\u00e1sul meglep\u0151en j\u00f3l hangolt \u00e9s kifinomult, k\u00fcl\u00f6n\u00f6sen ahhoz k\u00e9pest, amit m\u00e1s, hasonl\u00f3 m\u00e9ret\u0171 csal\u00e1di plug-in hibridekn\u00e9l tapasztaltunk. G\u00e1zad\u00e1sra a benzinmotor gyorsan bekapcsol, nagy terhel\u00e9sn\u00e9l kicsit hangosabb\u00e1 v\u00e1lik, de alapvet\u0151en sim\u00e1n, r\u00e1ngat\u00e1s n\u00e9lk\u00fcl m\u0171k\u00f6dik. Az e-C5 eset\u00e9ben a bels\u0151 \u00e9g\u00e9s\u0171 motor teljesen elt\u0171nik, hely\u00e9t egy 210 l\u00f3er\u0151s els\u0151ker\u00e9k-hajt\u00e1s\u00fa villanymotor veszi \u00e1t a komfort hat\u00f3t\u00e1v\u00fa verzi\u00f3ban. Egyel\u0151re csak egyetlen akkumul\u00e1tor \u00e9rhet\u0151 el, a 73 kWh-s v\u00e1ltozat, amellyel a gy\u00e1ri adatok szerint 8,9 m\u00e1sodperc alatt gyorsul sz\u00e1zra. A teljes\u00edtm\u00e9ny nem t\u0171nik kiemelked\u0151nek, de a villanymotor azonnali nyomat\u00e9ka miatt a val\u00f3s\u00e1gban f\u00fcrg\u00e9bbnek \u00e9rz\u0151dik.<\/p>\n","protected":false},"excerpt":{"rendered":"<p>Ami\u00f3ta az eszem tudom, ilyen nem volt. A megszokott r\u00f6gz\u00edt\u00e9si, biztos\u00edt\u00e1si m\u00f3d nem volt elegend\u0151, hogy a fa ellen\u00e1lljon ennek&#8230; <span class=\"gridview-grid-post-read-more\"><a href=\"https:\/\/matrend.hu\/nekedinfo\/kidolt-a-karacsonyfa\/\">read more<span class=\"gridview-sr-only\"> Kid\u0151lt a kar\u00e1csonyfa<\/span><\/a><\/span><\/p>\n","protected":false},"author":1,"featured_media":5318,"comment_status":"open","ping_status":"open","sticky":false,"template":"","format":"standard","meta":{"footnotes":""},"categories":[1],"tags":[],"class_list":["post-5317","post","type-post","status-publish","format-standard","has-post-thumbnail","hentry","category-egyeb","wpcat-1-id"],"_links":{"self":[{"href":"https:\/\/matrend.hu\/nekedinfo\/wp-json\/wp\/v2\/posts\/5317","targetHints":{"allow":["GET"]}}],"collection":[{"href":"https:\/\/matrend.hu\/nekedinfo\/wp-json\/wp\/v2\/posts"}],"about":[{"href":"https:\/\/matrend.hu\/nekedinfo\/wp-json\/wp\/v2\/types\/post"}],"author":[{"embeddable":true,"href":"https:\/\/matrend.hu\/nekedinfo\/wp-json\/wp\/v2\/users\/1"}],"replies":[{"embeddable":true,"href":"https:\/\/matrend.hu\/nekedinfo\/wp-json\/wp\/v2\/comments?post=5317"}],"version-history":[{"count":1,"href":"https:\/\/matrend.hu\/nekedinfo\/wp-json\/wp\/v2\/posts\/5317\/revisions"}],"predecessor-version":[{"id":5319,"href":"https:\/\/matrend.hu\/nekedinfo\/wp-json\/wp\/v2\/posts\/5317\/revisions\/5319"}],"wp:featuredmedia":[{"embeddable":true,"href":"https:\/\/matrend.hu\/nekedinfo\/wp-json\/wp\/v2\/media\/5318"}],"wp:attachment":[{"href":"https:\/\/matrend.hu\/nekedinfo\/wp-json\/wp\/v2\/media?parent=5317"}],"wp:term":[{"taxonomy":"category","embeddable":true,"href":"https:\/\/matrend.hu\/nekedinfo\/wp-json\/wp\/v2\/categories?post=5317"},{"taxonomy":"post_tag","embeddable":true,"href":"https:\/\/matrend.hu\/nekedinfo\/wp-json\/wp\/v2\/tags?post=5317"}],"curies":[{"name":"wp","href":"https:\/\/api.w.org\/{rel}","templated":true}]}}