{"id":5331,"date":"2025-12-08T15:39:40","date_gmt":"2025-12-08T14:39:40","guid":{"rendered":"https:\/\/matrend.hu\/nekedinfo\/?p=5331"},"modified":"2025-12-08T15:39:40","modified_gmt":"2025-12-08T14:39:40","slug":"eldolt-a-14-havi-nyugdij-sorsa","status":"publish","type":"post","link":"https:\/\/matrend.hu\/nekedinfo\/eldolt-a-14-havi-nyugdij-sorsa\/","title":{"rendered":"Eld\u0151lt a 14. havi nyugd\u00edj sorsa"},"content":{"rendered":"<h3>A vita nem is k\u00e9sett sokat: az \u00fcl\u00e9s el\u0151tt a k\u00e9pvisel\u0151k k\u00f6z\u00f6tt val\u00f3s\u00e1gos sz\u00f3csata alakult ki. Voltak, akik szerint a 14. havi nyugd\u00edj t\u00fal nagy teher a k\u00f6lts\u00e9gvet\u00e9snek, m\u00e1sok szerint pedig el\u00e9g volt m\u00e1r a halogat\u00e1sb\u00f3l \u2013 j\u00e1r az id\u0151seknek, ami j\u00e1r.<br \/>\nA korm\u00e1ny r\u00e9sz\u00e9r\u0151l F\u00f3nagy J\u00e1nos lesz\u00f6gezte: ugyanazok a felt\u00e9telek vonatkoznak majd r\u00e1, mint a 13. havira. A jogosultak pedig \u2013 ha siker\u00fcl \u00e1tvinni a tervezetet \u2013 febru\u00e1rban h\u00e1romf\u00e9le \u00f6sszeget is k\u00e9zhez kaphatnak, melyek a k\u00f6vetkez\u0151k:<\/h3>\n<h3><span style=\"color: #ff0000;\"><strong>A h\u00edr nem \u00e9rt v\u00e9get! Folytat\u00e1shoz haszn\u00e1ld a K\u00d6VETKEZ\u0150 OLDAL gombot!<\/strong><\/span><\/h3>\n<h3 style=\"text-align: right;\"><a href=\"https:\/\/matrend.hu\/maitrend\/?p=5320\" target=\"_blank\" rel=\"noopener\"><span style=\"color: #ff0000;\">&#8212;&gt;&gt; K\u00d6VETKEZ\u0150 OLDAL<\/span><\/a><\/h3>\n<p>&#8211;<\/p>\n<p>A sz\u00edvmelenget\u0151 t\u00e1voll\u00e9tr\u0151l sz\u00f3l\u00f3 mond\u00e1s mindig is nevets\u00e9ges k\u00f6zmond\u00e1snak t\u0171nt sz\u00e1momra; egy gyenge m\u00f3dszernek arra, hogy az elv\u00e1lt szerelmesek kev\u00e9sb\u00e9 \u00e9rezz\u00e9k magukat nyomorultul, nem pedig aj\u00e1nl\u00e1snak.<br \/>\nEz a p\u00f6ceg\u00f6d\u00f6rnyi \u00e9v azonban megtan\u00edtott arra, hogy ez igaz lehet, k\u00fcl\u00f6n\u00f6sen emberekre, de dolgokra is. Vajon a mindennapi vezet\u00e9s is ezek k\u00f6z\u00e9 tartozik? Mindenk\u00e9ppen: izgatottan v\u00e1rom a 2008-as napi kiruccan\u00e1somat, hogy hazavigyem a nagyb\u00e1ty\u00e1mat (felb\u00e9reltem, hogy d\u00edsz\u00edtse az \u00faj lak\u00e1somat) \u2013 sz\u00e9gyenletesen, csup\u00e1n egy 20 perces v\u00e1rosba \u00e9s vissza \u00fatra.<\/p>\n<p>Annak ellen\u00e9re, hogy alacsonyabb sebess\u00e9gn\u00e9l a rug\u00f3z\u00e1s r\u00e1ngat\u00f3z\u00f3, rossz talajon n\u00e9ha irrit\u00e1l\u00f3 m\u00e9rt\u00e9kben, \u00fagy t\u0171nik, ez a vezet\u00e9si st\u00edlus illik legink\u00e1bb a Peugeot legkisebb SUV-j\u00e1nak ehhez a v\u00e1ltozat\u00e1hoz, k\u00f6sz\u00f6nhet\u0151en a h\u00e1romhengeres turb\u00f3motornak \u00e9s a k\u00f6nny\u0171 korm\u00e1nyz\u00e1snak, ami meglep\u0151en f\u00fcrgev\u00e9 teszi a m\u00e9ret\u00e9hez k\u00e9pest.<\/p>\n<p>B\u00e1r ez a korm\u00e1nyz\u00e1s hasznos lehet a sz\u0171k helyeken val\u00f3 man\u0151verez\u00e9shez, aut\u00f3p\u00e1ly\u00e1n n\u00e9ha bizonytalan \u00e9rz\u00e9st kelt, \u00e9s nem alkalmas a \u201elend\u00fcletes\u201d vezet\u00e9sre. A GT Line-nak val\u00f3ban van Sport vezet\u00e9si m\u00f3dja, de \u00e9n mindig Comfort m\u00f3dban hagyom, mert ez gyakorlatilag semmit sem v\u00e1ltoztat. Amikor j\u00faliusban megkaptam ezt a 2008-ast, arr\u00f3l besz\u00e9ltem, mennyire leny\u0171g\u00f6z\u00f6tt az i-Cockpit kin\u00e9zete, \u00e9s tov\u00e1bbra is csod\u00e1lom a Peugeot digit\u00e1lis m\u0171szerfal\u00e1t, k\u00fcl\u00f6n\u00f6sen az \u00faj 3D-s kijelz\u0151j\u00e9vel. M\u00e1sokat is leny\u0171g\u00f6z\u00f6tt; a nagyb\u00e1ty\u00e1mnak egyszer volt egy 306-osa, \u00e9s \u00e1mulatba esett, amikor megtudta, hogy egy ilyen dolog alapfelszerelts\u00e9g lehet egy Peugeot-ban.<\/p>\n<p>Azonban egyszer\u0171en nem b\u00edrom elviselni, ahogy az elrendez\u00e9s miatt ilyen alacsonyan van a korm\u00e1nyker\u00e9k, \u00e9s azt sem, hogy maga a korm\u00e1nyker\u00e9k milyen kicsi. Egy id\u0151 ut\u00e1n megszoktam, de csak \u00fagy, ahogy egy beragad\u00f3 ajt\u00f3 vagy egy \u00f6r\u00f6kk\u00e9 tart\u00f3 laptop beind\u00edt\u00e1sa t\u00f6rt\u00e9nik; csak miut\u00e1n kicser\u00e9lt\u00e9k, d\u00f6bben r\u00e1 teljesen. M\u00e1r csak emiatt a t\u00e9nyez\u0151 miatt sem aj\u00e1nlan\u00e1m senkinek a 2008-ast a Ford Puma riv\u00e1lis\u00e1val szemben, hacsak nem pr\u00f3b\u00e1lt\u00e1k ki, \u00e9s nem voltak teljesen biztosak benne, hogy tetszik nekik; \u00e1ll\u00edt\u00f3lag sokan igen.<\/p>\n","protected":false},"excerpt":{"rendered":"<p>A vita nem is k\u00e9sett sokat: az \u00fcl\u00e9s el\u0151tt a k\u00e9pvisel\u0151k k\u00f6z\u00f6tt val\u00f3s\u00e1gos sz\u00f3csata alakult ki. Voltak, akik szerint a&#8230; <span class=\"gridview-grid-post-read-more\"><a href=\"https:\/\/matrend.hu\/nekedinfo\/eldolt-a-14-havi-nyugdij-sorsa\/\">read more<span class=\"gridview-sr-only\"> Eld\u0151lt a 14. havi nyugd\u00edj sorsa<\/span><\/a><\/span><\/p>\n","protected":false},"author":1,"featured_media":5332,"comment_status":"open","ping_status":"open","sticky":false,"template":"","format":"standard","meta":{"footnotes":""},"categories":[1],"tags":[],"class_list":["post-5331","post","type-post","status-publish","format-standard","has-post-thumbnail","hentry","category-egyeb","wpcat-1-id"],"_links":{"self":[{"href":"https:\/\/matrend.hu\/nekedinfo\/wp-json\/wp\/v2\/posts\/5331","targetHints":{"allow":["GET"]}}],"collection":[{"href":"https:\/\/matrend.hu\/nekedinfo\/wp-json\/wp\/v2\/posts"}],"about":[{"href":"https:\/\/matrend.hu\/nekedinfo\/wp-json\/wp\/v2\/types\/post"}],"author":[{"embeddable":true,"href":"https:\/\/matrend.hu\/nekedinfo\/wp-json\/wp\/v2\/users\/1"}],"replies":[{"embeddable":true,"href":"https:\/\/matrend.hu\/nekedinfo\/wp-json\/wp\/v2\/comments?post=5331"}],"version-history":[{"count":1,"href":"https:\/\/matrend.hu\/nekedinfo\/wp-json\/wp\/v2\/posts\/5331\/revisions"}],"predecessor-version":[{"id":5333,"href":"https:\/\/matrend.hu\/nekedinfo\/wp-json\/wp\/v2\/posts\/5331\/revisions\/5333"}],"wp:featuredmedia":[{"embeddable":true,"href":"https:\/\/matrend.hu\/nekedinfo\/wp-json\/wp\/v2\/media\/5332"}],"wp:attachment":[{"href":"https:\/\/matrend.hu\/nekedinfo\/wp-json\/wp\/v2\/media?parent=5331"}],"wp:term":[{"taxonomy":"category","embeddable":true,"href":"https:\/\/matrend.hu\/nekedinfo\/wp-json\/wp\/v2\/categories?post=5331"},{"taxonomy":"post_tag","embeddable":true,"href":"https:\/\/matrend.hu\/nekedinfo\/wp-json\/wp\/v2\/tags?post=5331"}],"curies":[{"name":"wp","href":"https:\/\/api.w.org\/{rel}","templated":true}]}}