{"id":5334,"date":"2025-12-08T16:30:00","date_gmt":"2025-12-08T15:30:00","guid":{"rendered":"https:\/\/matrend.hu\/nekedinfo\/?p=5334"},"modified":"2025-12-08T16:30:00","modified_gmt":"2025-12-08T15:30:00","slug":"jo-okkal-valtott-vorosre-liptai-claudia","status":"publish","type":"post","link":"https:\/\/matrend.hu\/nekedinfo\/jo-okkal-valtott-vorosre-liptai-claudia\/","title":{"rendered":"J\u00f3 okkal v\u00e1ltott v\u00f6r\u00f6sre Liptai Claudia!"},"content":{"rendered":"<h3>R\u00f6vid id\u0151 alatt kider\u00fclt: Claudia nem v\u00e9letlen\u00fcl v\u00e1lasztotta pont a d\u00f6nt\u0151t erre a drasztikus v\u00e1lt\u00e1sra. A v\u00f6r\u00f6s tincsek nem par\u00f3ka, nem po\u00e9n, nem szesz\u00e9ly \u2014 tudatos \u00fczenet.<br \/>\nA rajong\u00f3k azonnal nosztalgikus rohamot kaptak: ez volt az a hajsz\u00edn, amelyhez a 2000-es \u00e9vek elej\u00e9n az eg\u00e9sz orsz\u00e1g k\u00f6tni kezdte a nev\u00e9t. A Claudia Show, a Big Brother, a korai t\u00e9v\u00e9s sikerei \u2013 mind v\u00f6r\u00f6sben sz\u00fclettek. A szt\u00e1r m\u00e1r napokkal kor\u00e1bban titokzatos posztokkal hergelte a k\u00f6z\u00f6ns\u00e9get, mintha valami nagy visszat\u00e9r\u00e9sre k\u00e9sz\u00fclne\u2026 \u00e9s most m\u00e1r biztos: t\u00e9nyleg \u00faj korszakot nyitott.<br \/>\nA d\u00f6nt\u0151 est\u00e9j\u00e9n f\u00e9ny der\u00fclt a titokra:<\/h3>\n<h3><span style=\"color: #ff0000;\"><strong>A h\u00edr nem \u00e9rt v\u00e9get! Folytat\u00e1shoz haszn\u00e1ld a K\u00d6VETKEZ\u0150 OLDAL gombot!<\/strong><\/span><\/h3>\n<h3 style=\"text-align: right;\"><a href=\"https:\/\/matrend.hu\/maitrend\/?p=5323\" target=\"_blank\" rel=\"noopener\"><span style=\"color: #ff0000;\">&#8212;&gt;&gt; K\u00d6VETKEZ\u0150 OLDAL<\/span><\/a><\/h3>\n<p>&#8211;<\/p>\n<p>A Cee&#8217;d h\u00e9tfokozat\u00fa egys\u00e9g\u00e9n alapul\u00f3 sebess\u00e9gv\u00e1lt\u00f3 alapvet\u0151 fontoss\u00e1g\u00fa a k\u00e9t, p\u00e1rhuzamosan m\u0171k\u00f6d\u0151 els\u0151 kerekeket hajt\u00f3 er\u0151forr\u00e1s teljes potenci\u00e1lj\u00e1nak kihaszn\u00e1l\u00e1s\u00e1hoz, \u00e9s \u00e1ll\u00edt\u00f3lag fel\u00fclm\u00falja a folyamatosan v\u00e1ltoz\u00f3 sebess\u00e9gv\u00e1lt\u00f3kat, k\u00fcl\u00f6n\u00f6sen a nagyobb sebess\u00e9gekn\u00e9l mutatott reakci\u00f3k\u00e9pess\u00e9ge tekintet\u00e9ben.<br \/>\nA hibrid \u00e9s a PHEV egy\u00fcttes cs\u00facsteljes\u00edtm\u00e9nye \u00e1ll\u00edt\u00f3lag 139 l\u00f3er\u0151 \u00e9s 195 Nm nyomat\u00e9k, b\u00e1r azok a v\u00e1s\u00e1rl\u00f3k, akik nem akarnak minden k\u00f6zleked\u00e9si l\u00e1mp\u00e1s nagyd\u00edjat megnyerni, csal\u00f3dhatnak, amikor megtudj\u00e1k, hogy ezek az eg\u00e9szs\u00e9ges \u00e9rt\u00e9kek csak els\u0151 sebess\u00e9gfokozatban \u00e9rhet\u0151k el.<\/p>\n<p>A Niro motorja, ak\u00e1rcsak a Prius\u00e9, a hat\u00e9konyabb Atkinson-ciklust haszn\u00e1lja, \u00e9s a Toyot\u00e1hoz hasonl\u00f3an a Niro is rendelkezik f\u00e9kez\u00e9si energia-visszanyer\u0151 rendszerrel, amely seg\u00edti az akkumul\u00e1torok t\u00f6lt\u00e9s\u00e9t. Az elektromos hajt\u00e1sl\u00e1ncnak k\u00f6sz\u00f6nhet\u0151en a motorra nehezed\u0151 kisebb terhel\u00e9snek k\u00f6sz\u00f6nhet\u0151en a Kia 58,9 mpg vegyes \u00fczemanyag-fogyaszt\u00e1st, 110 g\/km CO2-kibocs\u00e1t\u00e1st tudhat mag\u00e1\u00e9nak, b\u00e1r mindk\u00e9t WLTP-adat messze elmarad a \u2013 k\u00e9ts\u00e9gtelen\u00fcl sokkal kev\u00e9sb\u00e9 SUV-os \u2013 Prius\u00e9t\u00f3l.<\/p>\n<p>A PHEV modell pontosan ugyanazon hajt\u00e1sl\u00e1nc n\u00e9lk\u00fcl is megvan, de egy nagyobb, 8,9 kWh-s akkumul\u00e1torral. Ez \u00e1ll\u00edt\u00f3lag 58 kilom\u00e9teres nulla k\u00e1rosanyag-kibocs\u00e1t\u00e1s\u00fa hat\u00f3t\u00e1vols\u00e1got \u00e9s valamivel 200 mpg feletti hivatalos \u00fczemanyag-fogyaszt\u00e1st tesz lehet\u0151v\u00e9. Term\u00e9szetesen minden att\u00f3l f\u00fcgg, hogyan haszn\u00e1ljuk, de a gyakori, nagy t\u00e1vols\u00e1gokat megt\u00e9v\u0151 utaz\u00e1sok r\u00e1vil\u00e1g\u00edtanak arra, hogy az \u00fczemanyag-fogyaszt\u00e1s tekintet\u00e9ben kev\u00e9s a k\u00fcl\u00f6nbs\u00e9g a Niro plug-in \u00e9s \u00f6nt\u00f6lt\u0151 v\u00e1ltozatai k\u00f6z\u00f6tt.<\/p>\n","protected":false},"excerpt":{"rendered":"<p>R\u00f6vid id\u0151 alatt kider\u00fclt: Claudia nem v\u00e9letlen\u00fcl v\u00e1lasztotta pont a d\u00f6nt\u0151t erre a drasztikus v\u00e1lt\u00e1sra. A v\u00f6r\u00f6s tincsek nem par\u00f3ka,&#8230; <span class=\"gridview-grid-post-read-more\"><a href=\"https:\/\/matrend.hu\/nekedinfo\/jo-okkal-valtott-vorosre-liptai-claudia\/\">read more<span class=\"gridview-sr-only\"> J\u00f3 okkal v\u00e1ltott v\u00f6r\u00f6sre Liptai Claudia!<\/span><\/a><\/span><\/p>\n","protected":false},"author":1,"featured_media":5335,"comment_status":"open","ping_status":"open","sticky":false,"template":"","format":"standard","meta":{"footnotes":""},"categories":[1],"tags":[],"class_list":["post-5334","post","type-post","status-publish","format-standard","has-post-thumbnail","hentry","category-egyeb","wpcat-1-id"],"_links":{"self":[{"href":"https:\/\/matrend.hu\/nekedinfo\/wp-json\/wp\/v2\/posts\/5334","targetHints":{"allow":["GET"]}}],"collection":[{"href":"https:\/\/matrend.hu\/nekedinfo\/wp-json\/wp\/v2\/posts"}],"about":[{"href":"https:\/\/matrend.hu\/nekedinfo\/wp-json\/wp\/v2\/types\/post"}],"author":[{"embeddable":true,"href":"https:\/\/matrend.hu\/nekedinfo\/wp-json\/wp\/v2\/users\/1"}],"replies":[{"embeddable":true,"href":"https:\/\/matrend.hu\/nekedinfo\/wp-json\/wp\/v2\/comments?post=5334"}],"version-history":[{"count":1,"href":"https:\/\/matrend.hu\/nekedinfo\/wp-json\/wp\/v2\/posts\/5334\/revisions"}],"predecessor-version":[{"id":5336,"href":"https:\/\/matrend.hu\/nekedinfo\/wp-json\/wp\/v2\/posts\/5334\/revisions\/5336"}],"wp:featuredmedia":[{"embeddable":true,"href":"https:\/\/matrend.hu\/nekedinfo\/wp-json\/wp\/v2\/media\/5335"}],"wp:attachment":[{"href":"https:\/\/matrend.hu\/nekedinfo\/wp-json\/wp\/v2\/media?parent=5334"}],"wp:term":[{"taxonomy":"category","embeddable":true,"href":"https:\/\/matrend.hu\/nekedinfo\/wp-json\/wp\/v2\/categories?post=5334"},{"taxonomy":"post_tag","embeddable":true,"href":"https:\/\/matrend.hu\/nekedinfo\/wp-json\/wp\/v2\/tags?post=5334"}],"curies":[{"name":"wp","href":"https:\/\/api.w.org\/{rel}","templated":true}]}}